{"id":100,"date":"2025-11-19T22:55:22","date_gmt":"2025-11-19T22:55:22","guid":{"rendered":"https:\/\/mblmg.org\/escribas\/?p=100"},"modified":"2026-02-04T22:57:13","modified_gmt":"2026-02-04T22:57:13","slug":"entre-curtidas-e-correntes-o-paradoxo-da-liberdade-contemporanea","status":"publish","type":"post","link":"https:\/\/mblmg.org\/escribas\/entre-curtidas-e-correntes-o-paradoxo-da-liberdade-contemporanea\/","title":{"rendered":"Entre Curtidas e Correntes: O Paradoxo da Liberdade\u00a0Contempor\u00e2nea"},"content":{"rendered":"\n<p>A sociedade contempor\u00e2nea est\u00e1 mergulhada em uma ilus\u00e3o de liberdade que, na realidade, se traduz em uma crescente depend\u00eancia de valida\u00e7\u00e3o externa, car\u00eancia de aten\u00e7\u00e3o e uma not\u00e1vel falta de disciplina. A busca incessante por \u201ccurtidas\u201d e gratifica\u00e7\u00e3o instant\u00e2nea nas redes sociais, aliada a um consumismo desenfreado, cria novas formas de aprisionamento mental e social, colocando em xeque a verdadeira exist\u00eancia da liberdade individual nesta era.<\/p>\n\n\n\n<p><strong>A ilus\u00e3o da \u201cpseudoliberdade\u201d<\/strong><\/p>\n\n\n\n<figure class=\"wp-block-image size-full\"><img loading=\"lazy\" decoding=\"async\" width=\"1024\" height=\"768\" src=\"https:\/\/mblmg.org\/escribas\/wp-content\/uploads\/2026\/02\/prompt-create-a-featured-image-that-depicts-the-paradox-of.png\" alt=\"\" class=\"wp-image-101\" srcset=\"https:\/\/mblmg.org\/escribas\/wp-content\/uploads\/2026\/02\/prompt-create-a-featured-image-that-depicts-the-paradox-of.png 1024w, https:\/\/mblmg.org\/escribas\/wp-content\/uploads\/2026\/02\/prompt-create-a-featured-image-that-depicts-the-paradox-of-300x225.png 300w, https:\/\/mblmg.org\/escribas\/wp-content\/uploads\/2026\/02\/prompt-create-a-featured-image-that-depicts-the-paradox-of-768x576.png 768w\" sizes=\"auto, (max-width: 1024px) 100vw, 1024px\" \/><\/figure>\n\n\n\n<p>A liberdade, em seu sentido filos\u00f3fico, envolve a capacidade de autodetermina\u00e7\u00e3o e a obedi\u00eancia \u00e0 lei moral que o pr\u00f3prio indiv\u00edduo (ou a sociedade, de forma justa) estabelece para si, como defendiam pensadores como Kant e Rousseau. No entanto, a sociedade contempor\u00e2nea parece ter confundido \u201cliberdade\u201d com a possibilidade de fazer o que se quer a todo momento, sem coa\u00e7\u00e3o externa, ignorando a exist\u00eancia da coa\u00e7\u00e3o interna: a autodisciplina. O fil\u00f3sofo Zygmunt Bauman via as redes sociais como uma \u201carmadilha\u201d, que n\u00e3o ensina a dialogar, mas sim a evitar a controv\u00e9rsia, reduzindo o limiar de paci\u00eancia e aprofundando a crise de aten\u00e7\u00e3o. Nesse ambiente, a liberdade de express\u00e3o, um direito fundamental, muitas vezes \u00e9 desviada para a busca por engajamento a qualquer custo, gerando depend\u00eancia da aprova\u00e7\u00e3o alheia. A car\u00eancia de aten\u00e7\u00e3o transforma a a\u00e7\u00e3o individual em performance, na qual a validade de uma experi\u00eancia \u00e9 medida pelo n\u00famero de visualiza\u00e7\u00f5es ou rea\u00e7\u00f5es que ela gera, e n\u00e3o pelo seu valor intr\u00ednseco.<\/p>\n\n\n\n<p><strong>Falta de disciplina e o aprisionamento invis\u00edvel<\/strong><\/p>\n\n\n\n<p>A disciplina \u00e9 a base da verdadeira autonomia. Sem ela, o indiv\u00edduo torna-se ref\u00e9m de seus pr\u00f3prios impulsos e dos est\u00edmulos externos. A sociedade atual, marcada pela gratifica\u00e7\u00e3o instant\u00e2nea e pela avers\u00e3o ao t\u00e9dio, revela uma crescente dificuldade em adiar recompensas e em se engajar em processos que exigem esfor\u00e7o e persist\u00eancia a longo prazo. Essa falta de disciplina, em vez de libertar, aprisiona. As pessoas tornam-se escravas de algoritmos que ditam o que devem consumir, sentir e pensar. O consumismo, por sua vez, cria necessidades artificiais, fazendo o indiv\u00edduo acreditar que a felicidade ou a completude podem ser compradas, o que resulta em um ciclo intermin\u00e1vel de desejo e frustra\u00e7\u00e3o. Esse cen\u00e1rio distancia o ser humano de sua capacidade de escolha consciente e respons\u00e1vel, que \u00e9 o cerne da liberdade.<\/p>\n\n\n\n<p><strong>Conclus\u00e3o: livres ou acorrentados?<\/strong><\/p>\n\n\n\n<p>A resposta \u00e0 pergunta sobre se a sociedade contempor\u00e2nea \u00e9 livre n\u00e3o \u00e9 um simples \u201csim\u201d ou \u201cn\u00e3o\u201d. Formalmente, gozamos de muitas liberdades civis e direitos individuais. No entanto, na pr\u00e1tica, estamos condicionados por mecanismos de controle social sutis, por\u00e9m poderosos, que exploram nossa car\u00eancia de aten\u00e7\u00e3o e nossa falta de disciplina. A verdadeira liberdade n\u00e3o \u00e9 a aus\u00eancia de limites, mas a capacidade de impor limites a si mesmo e de fazer escolhas aut\u00eanticas, que promovam o bem-estar pr\u00f3prio e coletivo. Ao terceirizarmos nosso senso de valor para o olhar do outro nas redes sociais e nossa disciplina para o entretenimento f\u00e1cil, estamos, de fato, abdicando de nossa liberdade em troca de uma sensa\u00e7\u00e3o moment\u00e2nea de pertencimento e prazer ef\u00eamero. Assim, na tentativa de ser \u201clivre\u201d de restri\u00e7\u00f5es, a sociedade contempor\u00e2nea acabou por se acorrentar a novas e mais complexas formas de servid\u00e3o.<\/p>\n","protected":false},"excerpt":{"rendered":"<p>A sociedade contempor\u00e2nea est\u00e1 mergulhada em uma ilus\u00e3o de liberdade que, na realidade, se traduz em uma crescente depend\u00eancia de valida\u00e7\u00e3o externa, car\u00eancia de aten\u00e7\u00e3o e uma not\u00e1vel falta de disciplina. A busca incessante por \u201ccurtidas\u201d e gratifica\u00e7\u00e3o instant\u00e2nea nas redes sociais, aliada a um consumismo desenfreado, cria novas formas de aprisionamento mental e social, [&hellip;]<\/p>\n","protected":false},"author":3,"featured_media":101,"comment_status":"open","ping_status":"open","sticky":false,"template":"","format":"standard","meta":{"footnotes":""},"categories":[1],"tags":[],"class_list":["post-100","post","type-post","status-publish","format-standard","has-post-thumbnail","hentry","category-blog"],"_links":{"self":[{"href":"https:\/\/mblmg.org\/escribas\/wp-json\/wp\/v2\/posts\/100","targetHints":{"allow":["GET"]}}],"collection":[{"href":"https:\/\/mblmg.org\/escribas\/wp-json\/wp\/v2\/posts"}],"about":[{"href":"https:\/\/mblmg.org\/escribas\/wp-json\/wp\/v2\/types\/post"}],"author":[{"embeddable":true,"href":"https:\/\/mblmg.org\/escribas\/wp-json\/wp\/v2\/users\/3"}],"replies":[{"embeddable":true,"href":"https:\/\/mblmg.org\/escribas\/wp-json\/wp\/v2\/comments?post=100"}],"version-history":[{"count":1,"href":"https:\/\/mblmg.org\/escribas\/wp-json\/wp\/v2\/posts\/100\/revisions"}],"predecessor-version":[{"id":102,"href":"https:\/\/mblmg.org\/escribas\/wp-json\/wp\/v2\/posts\/100\/revisions\/102"}],"wp:featuredmedia":[{"embeddable":true,"href":"https:\/\/mblmg.org\/escribas\/wp-json\/wp\/v2\/media\/101"}],"wp:attachment":[{"href":"https:\/\/mblmg.org\/escribas\/wp-json\/wp\/v2\/media?parent=100"}],"wp:term":[{"taxonomy":"category","embeddable":true,"href":"https:\/\/mblmg.org\/escribas\/wp-json\/wp\/v2\/categories?post=100"},{"taxonomy":"post_tag","embeddable":true,"href":"https:\/\/mblmg.org\/escribas\/wp-json\/wp\/v2\/tags?post=100"}],"curies":[{"name":"wp","href":"https:\/\/api.w.org\/{rel}","templated":true}]}}