{"id":103,"date":"2025-11-18T12:00:00","date_gmt":"2025-11-18T12:00:00","guid":{"rendered":"https:\/\/mblmg.org\/escribas\/?p=103"},"modified":"2026-02-04T22:56:44","modified_gmt":"2026-02-04T22:56:44","slug":"soberania-em-ruinas","status":"publish","type":"post","link":"https:\/\/mblmg.org\/escribas\/soberania-em-ruinas\/","title":{"rendered":"Soberania em Ru\u00ednas"},"content":{"rendered":"\n<p>Diante do decl\u00ednio da seguran\u00e7a p\u00fablica brasileira, e com ainda mais for\u00e7a do que acontece no Rio, \u00e9 hora de parar com meias-palavras. A opera\u00e7\u00e3o do dia 28 de outubro mostrou que \u00e9 poss\u00edvel avan\u00e7ar quando o Estado resolve agir. Mas precisamos ir al\u00e9m: queremos um Estado que recupere de fato os territ\u00f3rios onde hoje manda o crime.<\/p>\n\n\n\n<figure class=\"wp-block-image size-full\"><img loading=\"lazy\" decoding=\"async\" width=\"1024\" height=\"768\" src=\"https:\/\/mblmg.org\/escribas\/wp-content\/uploads\/2026\/02\/create-a-highly-detailed-and-impactful-featured-image-for-a-1.png\" alt=\"\" class=\"wp-image-104\" srcset=\"https:\/\/mblmg.org\/escribas\/wp-content\/uploads\/2026\/02\/create-a-highly-detailed-and-impactful-featured-image-for-a-1.png 1024w, https:\/\/mblmg.org\/escribas\/wp-content\/uploads\/2026\/02\/create-a-highly-detailed-and-impactful-featured-image-for-a-1-300x225.png 300w, https:\/\/mblmg.org\/escribas\/wp-content\/uploads\/2026\/02\/create-a-highly-detailed-and-impactful-featured-image-for-a-1-768x576.png 768w\" sizes=\"auto, (max-width: 1024px) 100vw, 1024px\" \/><\/figure>\n\n\n\n<p>N\u00e3o estou falando de discurso fraco nem de \u201ccontrole social\u201d vazio. Falo de soberania: nenhum peda\u00e7o do pa\u00eds pode viver, na pr\u00e1tica, fora da lei. Quando comunidades inteiras ficam sob poder paralelo, a pr\u00f3pria exist\u00eancia do Estado \u00e9 questionada. Isso n\u00e3o \u00e9 teoria; \u00e9 o dia a dia de milh\u00f5es de brasileiros, que hoje vivem submissos a um governo paralelo, que tem lei, tem tribunal e tem puni\u00e7\u00f5es.<\/p>\n\n\n\n<p>O que o brasileiro precisa entender \u00e9 que portar fuzil e dominar territ\u00f3rio \u00e9 muito grave, grave a ponto de n\u00e3o poder ser encarado apenas pela pol\u00edcia local, mas pelo Ex\u00e9rcito. Se o Estado n\u00e3o domina, quem domina? Se o Estado n\u00e3o ocupa, quem ocupa o lugar? Enquanto muito se fala de golpe de Estado sem armas, estamos vendo de fato um ataque \u00e0 soberania nacional com armas e muita organiza\u00e7\u00e3o, sendo tratado como algo de menor porte, subestimado pelo governo federal.<\/p>\n\n\n\n<p>Por isso, qualquer proposta que se preze, no m\u00ednimo eficaz, deve incluir uma a\u00e7\u00e3o firme e legal das for\u00e7as de seguran\u00e7a, justi\u00e7a r\u00e1pida e respons\u00e1vel, controle e transpar\u00eancia, pol\u00edticas p\u00fablicas nas \u00e1reas retomadas e combate \u00e0 corrup\u00e7\u00e3o e \u00e0 cumplicidade.<\/p>\n\n\n\n<p>N\u00e3o adianta romantizar solu\u00e7\u00f5es meramente te\u00f3ricas, longe da realidade: resultados exigem profissionalismo policial, investiga\u00e7\u00e3o, processo legal e pol\u00edticas sociais. O caminho certo \u00e9 firme, t\u00e9cnico e com freios institucionais, duro com criminosos, inabal\u00e1vel com a lei.<\/p>\n\n\n\n<p>O Brasil precisa recuperar sua presen\u00e7a nas ruas e nas casas. Queremos um Estado que n\u00e3o negocie territ\u00f3rios, que n\u00e3o tolere fac\u00e7\u00f5es e que garanta direitos e seguran\u00e7a para o cidad\u00e3o. Se queremos isso, precisamos de projetos claros, coragem pol\u00edtica e responsabilidade democr\u00e1tica, n\u00e3o de aplausos f\u00e1ceis a regimes que ferem a pr\u00f3pria no\u00e7\u00e3o de justi\u00e7a que queremos construir.<\/p>\n\n\n\n<p>Quem defende a ordem precisa ser mais do que ret\u00f3rico: tem que mostrar plano, resultado e respeito \u00e0 lei. S\u00f3 assim a paz se torna duradoura e n\u00e3o recome\u00e7a a vacilar a qualquer vento que sopre.<\/p>\n\n\n\n<p>As coisas precisam ser chamadas pelo nome certo, e o que tem acontecido no Brasil \u00e9 terrorismo e tomada de territ\u00f3rio pelo crime organizado. O Estado consegue e sabe conter isso, mas precisa apenas de um aval do comando federal.<\/p>\n","protected":false},"excerpt":{"rendered":"<p>Diante do decl\u00ednio da seguran\u00e7a p\u00fablica brasileira, e com ainda mais for\u00e7a do que acontece no Rio, \u00e9 hora de parar com meias-palavras. A opera\u00e7\u00e3o do dia 28 de outubro mostrou que \u00e9 poss\u00edvel avan\u00e7ar quando o Estado resolve agir. Mas precisamos ir al\u00e9m: queremos um Estado que recupere de fato os territ\u00f3rios onde hoje [&hellip;]<\/p>\n","protected":false},"author":3,"featured_media":104,"comment_status":"open","ping_status":"open","sticky":false,"template":"","format":"standard","meta":{"footnotes":""},"categories":[1],"tags":[],"class_list":["post-103","post","type-post","status-publish","format-standard","has-post-thumbnail","hentry","category-blog"],"_links":{"self":[{"href":"https:\/\/mblmg.org\/escribas\/wp-json\/wp\/v2\/posts\/103","targetHints":{"allow":["GET"]}}],"collection":[{"href":"https:\/\/mblmg.org\/escribas\/wp-json\/wp\/v2\/posts"}],"about":[{"href":"https:\/\/mblmg.org\/escribas\/wp-json\/wp\/v2\/types\/post"}],"author":[{"embeddable":true,"href":"https:\/\/mblmg.org\/escribas\/wp-json\/wp\/v2\/users\/3"}],"replies":[{"embeddable":true,"href":"https:\/\/mblmg.org\/escribas\/wp-json\/wp\/v2\/comments?post=103"}],"version-history":[{"count":1,"href":"https:\/\/mblmg.org\/escribas\/wp-json\/wp\/v2\/posts\/103\/revisions"}],"predecessor-version":[{"id":105,"href":"https:\/\/mblmg.org\/escribas\/wp-json\/wp\/v2\/posts\/103\/revisions\/105"}],"wp:featuredmedia":[{"embeddable":true,"href":"https:\/\/mblmg.org\/escribas\/wp-json\/wp\/v2\/media\/104"}],"wp:attachment":[{"href":"https:\/\/mblmg.org\/escribas\/wp-json\/wp\/v2\/media?parent=103"}],"wp:term":[{"taxonomy":"category","embeddable":true,"href":"https:\/\/mblmg.org\/escribas\/wp-json\/wp\/v2\/categories?post=103"},{"taxonomy":"post_tag","embeddable":true,"href":"https:\/\/mblmg.org\/escribas\/wp-json\/wp\/v2\/tags?post=103"}],"curies":[{"name":"wp","href":"https:\/\/api.w.org\/{rel}","templated":true}]}}