{"id":111,"date":"2025-11-13T12:00:00","date_gmt":"2025-11-13T12:00:00","guid":{"rendered":"https:\/\/mblmg.org\/escribas\/?p=111"},"modified":"2026-03-02T23:40:10","modified_gmt":"2026-03-02T23:40:10","slug":"memorias-de-bras-capitulo-21","status":"publish","type":"post","link":"https:\/\/mblmg.org\/escribas\/memorias-de-bras-capitulo-21\/","title":{"rendered":"Mem\u00f3rias de Br\u00e1s: Cap\u00edtulo\u00a021"},"content":{"rendered":"\n<h2 class=\"wp-block-heading\">Cap\u00edtulo 21 \u2013 &nbsp;inimigo III: Vaidade Nacional<\/h2>\n\n\n\n<p>Era bela.<br>Ah! como era bela.<\/p>\n\n\n\n<figure class=\"wp-block-image size-full\"><img loading=\"lazy\" decoding=\"async\" width=\"1024\" height=\"768\" src=\"https:\/\/mblmg.org\/escribas\/wp-content\/uploads\/2026\/02\/create-a-highly-detailed-featured-image-for-a-blog-post-2.png\" alt=\"\" class=\"wp-image-112\" srcset=\"https:\/\/mblmg.org\/escribas\/wp-content\/uploads\/2026\/02\/create-a-highly-detailed-featured-image-for-a-blog-post-2.png 1024w, https:\/\/mblmg.org\/escribas\/wp-content\/uploads\/2026\/02\/create-a-highly-detailed-featured-image-for-a-blog-post-2-300x225.png 300w, https:\/\/mblmg.org\/escribas\/wp-content\/uploads\/2026\/02\/create-a-highly-detailed-featured-image-for-a-blog-post-2-768x576.png 768w\" sizes=\"auto, (max-width: 1024px) 100vw, 1024px\" \/><\/figure>\n\n\n\n<p>Tinha o rosto pintado com as cores da p\u00e1tria<\/p>\n\n\n\n<p>e um sorriso pronto para os cart\u00f5es-postais.<\/p>\n\n\n\n<p>Chamava-se Vaidade Nacional.<\/p>\n\n\n\n<p>sobrenome em letras douradas,<\/p>\n\n\n\n<p>muito brilho, pouco lastro.<\/p>\n\n\n\n<p>Andava de verde e amarelo,<\/p>\n\n\n\n<p>recitava \u201cMinha terra tem palmeiras\u201d com o peito inflado,<\/p>\n\n\n\n<p>mas n\u00e3o suportava olhar para as \u00e1rvores ca\u00eddas.<\/p>\n\n\n\n<p>Preferia o sabi\u00e1 do poema<\/p>\n\n\n\n<p>\u00e0 fome que canta nas janelas do sub\u00farbio.<\/p>\n\n\n\n<p>Dizia-se patriota.<\/p>\n\n\n\n<p>Mas o seu patriotismo era como o de certos poetas rom\u00e2nticos:<\/p>\n\n\n\n<p>feito \u00e0 dist\u00e2ncia, entre rimas e saudades,<\/p>\n\n\n\n<p>sem os calos do povo que pisa o barro.<\/p>\n\n\n\n<p>\u201cN\u00e3o permita Deus que eu morra<\/p>\n\n\n\n<p>Sem que eu volte para l\u00e1\u201d, repetia,<\/p>\n\n\n\n<p>mesmo nunca tendo sa\u00eddo daqui.<\/p>\n\n\n\n<p>Amava falar de mim, o Brasil,<\/p>\n\n\n\n<p>mas apenas do Brasil-mito, Brasil-carnaval, Brasil-milagre.<\/p>\n\n\n\n<p>O Brasil do verso bordado e da camisa vendida na copa.<\/p>\n\n\n\n<p>N\u00e3o o Brasil do trem lotado, das vias n\u00e3o pavimentadas,<\/p>\n\n\n\n<p>do Brasil negligenciado.<\/p>\n\n\n\n<p>Se algu\u00e9m dizia que o sabi\u00e1 calou,<\/p>\n\n\n\n<p>ela dizia ser pessimismo.<\/p>\n\n\n\n<p>Se apontavam as palmeiras queimadas,<\/p>\n\n\n\n<p>acusava \u201cfalta de amor \u00e0 p\u00e1tria\u201d.<\/p>\n\n\n\n<p>Se um estrangeiro fazia cr\u00edtica,<\/p>\n\n\n\n<p>ela gritava:<\/p>\n\n\n\n<p>\u2014 \u201cEnt\u00e3o vai morar em Cuba!\u201d<\/p>\n\n\n\n<p>Falava em nome da p\u00e1tria,<\/p>\n\n\n\n<p>mas vivia do reflexo dela,<\/p>\n\n\n\n<p>como Narciso, mas de chinelo Havaianas.<\/p>\n\n\n\n<p>Adorava slogans:<\/p>\n\n\n\n<p>\u2014 \u201cO melhor pa\u00eds do mundo!\u201d<\/p>\n\n\n\n<p>\u2014 \u201cGigante pela pr\u00f3pria natureza!\u201d<\/p>\n\n\n\n<p>E se algu\u00e9m ousava dizer que o pa\u00eds precisava mais de espelho do que de holofote,<\/p>\n\n\n\n<p>ela se ofendia.<\/p>\n\n\n\n<p>Chamava de traidor quem lhe mostrava as rachaduras.<\/p>\n\n\n\n<p>Ah, Vaidade\u2026<\/p>\n\n\n\n<p>Tu que preferes as aves que aqui gorjeiam,<\/p>\n\n\n\n<p>mas nunca escuta as que agonizam.<\/p>\n\n\n\n<p>Tu que suspiras pelas flores que enfeitam os campos,<\/p>\n\n\n\n<p>mas nunca chora pelas que apodrecem no lixo da cracolandia.<\/p>\n\n\n\n<p>N\u00e3o queres mem\u00f3ria, queres moldura.<\/p>\n\n\n\n<p>N\u00e3o queres hist\u00f3ria, queres holograma.<\/p>\n\n\n\n<p>Amavas-me, sim,<\/p>\n\n\n\n<p>mas s\u00f3 nas selfies com bandeira.<\/p>\n\n\n\n<p>E s\u00f3 enquanto eu sorrisse.<\/p>\n\n\n\n<p>Vaidade Nacional foi uma das que mais chorou no meu vel\u00f3rio.<\/p>\n\n\n\n<p>N\u00e3o por dor, mas por est\u00e9tica.<\/p>\n\n\n\n<p>Disse que minha morte era uma injusti\u00e7a.<\/p>\n\n\n\n<p>Mas pediu que n\u00e3o colocassem fotos feias na retrospectiva.<\/p>\n","protected":false},"excerpt":{"rendered":"<p>Cap\u00edtulo 21 \u2013 &nbsp;inimigo III: Vaidade Nacional Era bela.Ah! como era bela. Tinha o rosto pintado com as cores da p\u00e1tria e um sorriso pronto para os cart\u00f5es-postais. Chamava-se Vaidade Nacional. sobrenome em letras douradas, muito brilho, pouco lastro. Andava de verde e amarelo, recitava \u201cMinha terra tem palmeiras\u201d com o peito inflado, mas n\u00e3o [&hellip;]<\/p>\n","protected":false},"author":3,"featured_media":185,"comment_status":"open","ping_status":"open","sticky":false,"template":"","format":"standard","meta":{"footnotes":""},"categories":[1],"tags":[],"class_list":["post-111","post","type-post","status-publish","format-standard","has-post-thumbnail","hentry","category-blog"],"_links":{"self":[{"href":"https:\/\/mblmg.org\/escribas\/wp-json\/wp\/v2\/posts\/111","targetHints":{"allow":["GET"]}}],"collection":[{"href":"https:\/\/mblmg.org\/escribas\/wp-json\/wp\/v2\/posts"}],"about":[{"href":"https:\/\/mblmg.org\/escribas\/wp-json\/wp\/v2\/types\/post"}],"author":[{"embeddable":true,"href":"https:\/\/mblmg.org\/escribas\/wp-json\/wp\/v2\/users\/3"}],"replies":[{"embeddable":true,"href":"https:\/\/mblmg.org\/escribas\/wp-json\/wp\/v2\/comments?post=111"}],"version-history":[{"count":1,"href":"https:\/\/mblmg.org\/escribas\/wp-json\/wp\/v2\/posts\/111\/revisions"}],"predecessor-version":[{"id":113,"href":"https:\/\/mblmg.org\/escribas\/wp-json\/wp\/v2\/posts\/111\/revisions\/113"}],"wp:featuredmedia":[{"embeddable":true,"href":"https:\/\/mblmg.org\/escribas\/wp-json\/wp\/v2\/media\/185"}],"wp:attachment":[{"href":"https:\/\/mblmg.org\/escribas\/wp-json\/wp\/v2\/media?parent=111"}],"wp:term":[{"taxonomy":"category","embeddable":true,"href":"https:\/\/mblmg.org\/escribas\/wp-json\/wp\/v2\/categories?post=111"},{"taxonomy":"post_tag","embeddable":true,"href":"https:\/\/mblmg.org\/escribas\/wp-json\/wp\/v2\/tags?post=111"}],"curies":[{"name":"wp","href":"https:\/\/api.w.org\/{rel}","templated":true}]}}