{"id":119,"date":"2025-11-11T12:00:00","date_gmt":"2025-11-11T12:00:00","guid":{"rendered":"https:\/\/mblmg.org\/escribas\/?p=119"},"modified":"2026-02-04T23:02:52","modified_gmt":"2026-02-04T23:02:52","slug":"o-lobo-do-proprio-homem","status":"publish","type":"post","link":"https:\/\/mblmg.org\/escribas\/o-lobo-do-proprio-homem\/","title":{"rendered":"O Lobo do Pr\u00f3prio\u00a0Homem"},"content":{"rendered":"\n<p>Nesta ter\u00e7a feira, dia 04 de novembro, 3 homens encapuzados atearam fogo em um \u00f4nibus em Vespaziano, na grande BH. O motorista fora rendido e orientado a deixar o ve\u00edculo. O grupo deixou uma carta para ser entregue a pol\u00edcia, endere\u00e7ada \u00e0 ju\u00edza da comarca do Pres\u00eddio Ant\u00f4nio Dutra Ladeira, B\u00e1rbara Izadora dos Santos. O texto exigia \u201crespeito\u201d pelo direito da popula\u00e7\u00e3o carcer\u00e1ria, cujas palavras extas eram \u201cVamos queimar BH inteiro. Base merece respeito, nossa integridade f\u00edsica. \u201d<\/p>\n\n\n\n<figure class=\"wp-block-image size-large\"><img loading=\"lazy\" decoding=\"async\" width=\"1024\" height=\"683\" src=\"https:\/\/mblmg.org\/escribas\/wp-content\/uploads\/2026\/02\/94599361-7690-411d-90a6-9ea82246e644-1024x683.png\" alt=\"\" class=\"wp-image-120\" srcset=\"https:\/\/mblmg.org\/escribas\/wp-content\/uploads\/2026\/02\/94599361-7690-411d-90a6-9ea82246e644-1024x683.png 1024w, https:\/\/mblmg.org\/escribas\/wp-content\/uploads\/2026\/02\/94599361-7690-411d-90a6-9ea82246e644-300x200.png 300w, https:\/\/mblmg.org\/escribas\/wp-content\/uploads\/2026\/02\/94599361-7690-411d-90a6-9ea82246e644-768x512.png 768w, https:\/\/mblmg.org\/escribas\/wp-content\/uploads\/2026\/02\/94599361-7690-411d-90a6-9ea82246e644-600x400.png 600w, https:\/\/mblmg.org\/escribas\/wp-content\/uploads\/2026\/02\/94599361-7690-411d-90a6-9ea82246e644.png 1536w\" sizes=\"auto, (max-width: 1024px) 100vw, 1024px\" \/><\/figure>\n\n\n\n<p>Estima-se que o texto fala de quest\u00f5es humanit\u00e1rias para a popula\u00e7\u00e3o daquele pres\u00eddio, inclusive sobre o hor\u00e1rio de visita\u00e7\u00e3o. Mas como poder haver a s\u00faplica por tratamento humanit\u00e1rio para com aquele que nunca o demonstrou para o pr\u00f3ximo?<\/p>\n\n\n\n<p>Ora, se o indiv\u00edduo cumpre pena com restri\u00e7\u00e3o de liberdade, significa, em linhas pr\u00e1ticas, dizer que ele infringiu a esfera de prote\u00e7\u00e3o de jur\u00eddica de outrem: a vida, a integridade f\u00edsica e o patrim\u00f4nio. Como pode agora, este mesmo grupo, sob o pretexto de ser tratado com dignidade, inferir novamente o seu egocentrismo sob a popula\u00e7\u00e3o geral?<\/p>\n\n\n\n<p>Muito embora o Estado possua o dever de garantir a integridade daqueles que est\u00e3o sob sua tutela, neste caso, a popula\u00e7\u00e3o carcer\u00e1ria, este poder-dever n\u00e3o pode se impor sobre a vontade da maioria dos administrados. Em termos jur\u00eddicos, dizemos que \u201co interesse da administra\u00e7\u00e3o se sobrep\u00f5e ao interesse do particular.<\/p>\n\n\n\n<p>Com a queima do ve\u00edculo, grande parte da popula\u00e7\u00e3o da regi\u00e3o ficou sem luz, uma vez que o inc\u00eandio atingiu a rede el\u00e9trica. Quantas pessoas tiveram, neste ato, o seu direito desrespeitado? Ora, comerciantes de produtos aliment\u00edcios, pessoas que dependem de aparelhos hospitalares em suas casas, dentre outros. Todos com a sua esfera jur\u00eddica violada para quem uma parcela tenha voz. E parece justo?<\/p>\n\n\n\n<p>Em verdade, o Direito Penal e Processual Penal Brasileiros s\u00e3o exatamente protecionistas. \u00c9 n\u00edtido que o Direito, como um instrumento de controle social, falhou e segue falhando neste aspecto. Uma vez que um grupo minorit\u00e1rio consegue achar o direito de se impor perante \u00e0 for\u00e7a, ou como dizemos no juridiqu\u00eas: \u201cno exerc\u00edcio arbitr\u00e1rio das pr\u00f3prias razoes\u201d. Achando inclusive a liberdade de amea\u00e7ar um particular, representante do Poder Judici\u00e1rio.<\/p>\n\n\n\n<p>N\u00e3o resta demonstrado apenas a perda do conceito de coletividade na nossa sociedade. Mas \u00e9 a verdadeira materializa\u00e7\u00e3o do lobo do pr\u00f3prio homem. Vivemos a barb\u00e1rie a fal\u00eancia do Estado mais uma vez.<\/p>\n","protected":false},"excerpt":{"rendered":"<p>Nesta ter\u00e7a feira, dia 04 de novembro, 3 homens encapuzados atearam fogo em um \u00f4nibus em Vespaziano, na grande BH. O motorista fora rendido e orientado a deixar o ve\u00edculo. O grupo deixou uma carta para ser entregue a pol\u00edcia, endere\u00e7ada \u00e0 ju\u00edza da comarca do Pres\u00eddio Ant\u00f4nio Dutra Ladeira, B\u00e1rbara Izadora dos Santos. O [&hellip;]<\/p>\n","protected":false},"author":3,"featured_media":120,"comment_status":"open","ping_status":"open","sticky":false,"template":"","format":"standard","meta":{"footnotes":""},"categories":[1],"tags":[],"class_list":["post-119","post","type-post","status-publish","format-standard","has-post-thumbnail","hentry","category-blog"],"_links":{"self":[{"href":"https:\/\/mblmg.org\/escribas\/wp-json\/wp\/v2\/posts\/119","targetHints":{"allow":["GET"]}}],"collection":[{"href":"https:\/\/mblmg.org\/escribas\/wp-json\/wp\/v2\/posts"}],"about":[{"href":"https:\/\/mblmg.org\/escribas\/wp-json\/wp\/v2\/types\/post"}],"author":[{"embeddable":true,"href":"https:\/\/mblmg.org\/escribas\/wp-json\/wp\/v2\/users\/3"}],"replies":[{"embeddable":true,"href":"https:\/\/mblmg.org\/escribas\/wp-json\/wp\/v2\/comments?post=119"}],"version-history":[{"count":1,"href":"https:\/\/mblmg.org\/escribas\/wp-json\/wp\/v2\/posts\/119\/revisions"}],"predecessor-version":[{"id":121,"href":"https:\/\/mblmg.org\/escribas\/wp-json\/wp\/v2\/posts\/119\/revisions\/121"}],"wp:featuredmedia":[{"embeddable":true,"href":"https:\/\/mblmg.org\/escribas\/wp-json\/wp\/v2\/media\/120"}],"wp:attachment":[{"href":"https:\/\/mblmg.org\/escribas\/wp-json\/wp\/v2\/media?parent=119"}],"wp:term":[{"taxonomy":"category","embeddable":true,"href":"https:\/\/mblmg.org\/escribas\/wp-json\/wp\/v2\/categories?post=119"},{"taxonomy":"post_tag","embeddable":true,"href":"https:\/\/mblmg.org\/escribas\/wp-json\/wp\/v2\/tags?post=119"}],"curies":[{"name":"wp","href":"https:\/\/api.w.org\/{rel}","templated":true}]}}