{"id":126,"date":"2025-11-04T12:00:00","date_gmt":"2025-11-04T12:00:00","guid":{"rendered":"https:\/\/mblmg.org\/escribas\/?p=126"},"modified":"2026-02-04T23:06:19","modified_gmt":"2026-02-04T23:06:19","slug":"esgotamento-da-polarizacao-politica-no-brasil","status":"publish","type":"post","link":"https:\/\/mblmg.org\/escribas\/esgotamento-da-polarizacao-politica-no-brasil\/","title":{"rendered":"Esgotamento da Polariza\u00e7\u00e3o Pol\u00edtica no\u00a0Brasil"},"content":{"rendered":"\n<p>Hoje, sempre que se fala em polariza\u00e7\u00e3o, muitos j\u00e1 querem encerrar o assunto com xingamentos e taxa\u00e7\u00f5es como \u201cisent\u00e3o\u201d, \u201cmelancia\u201d ou \u201cdissimulado\u201d. Cravar um lado \u00e9 quase uma lei obrigat\u00f3ria \u2014 virou \u00e9tica, moral e costume; virou cultura. As identifica\u00e7\u00f5es partid\u00e1rias, as bandeiras e os candidatos valem mais desgaste do que um di\u00e1logo livre, de cobran\u00e7a real e de posicionamento l\u00facido e inteligente sobre as pautas realmente relevantes.<\/p>\n\n\n\n<figure class=\"wp-block-image size-full\"><img loading=\"lazy\" decoding=\"async\" width=\"1024\" height=\"768\" src=\"https:\/\/mblmg.org\/escribas\/wp-content\/uploads\/2026\/02\/image.png\" alt=\"\" class=\"wp-image-127\" srcset=\"https:\/\/mblmg.org\/escribas\/wp-content\/uploads\/2026\/02\/image.png 1024w, https:\/\/mblmg.org\/escribas\/wp-content\/uploads\/2026\/02\/image-300x225.png 300w, https:\/\/mblmg.org\/escribas\/wp-content\/uploads\/2026\/02\/image-768x576.png 768w\" sizes=\"auto, (max-width: 1024px) 100vw, 1024px\" \/><\/figure>\n\n\n\n<p>Isso tem gerado cansa\u00e7o no eleitorado, que come\u00e7a a perceber que tais brigas e discuss\u00f5es n\u00e3o valem a pena e n\u00e3o transformam a realidade quando ficam apenas no campo ideol\u00f3gico. Entra e sai governo, e tudo continua semelhante ao que j\u00e1 era em gest\u00f5es passadas.<\/p>\n\n\n\n<p>Uma parte significativa do eleitorado pode, neste momento, estar mudando de pensamento e come\u00e7ando a valorizar mais os resultados do que os lados e as ideologias. \u201cQuem fez, ganha; quem n\u00e3o fez, perde.\u201d Claro que, da perspectiva do povo, isso muitas vezes significa uma rua cal\u00e7ada ou asfaltada a pedido de algum vereador, uma receita de rem\u00e9dio gratuito, uma vaga em hospital \u2014 ou at\u00e9 por menos ainda: uma aten\u00e7\u00e3o dada com um sorriso simp\u00e1tico e promessas que nem sempre s\u00e3o cumpridas.<\/p>\n\n\n\n<p>Na pr\u00e1tica, a polariza\u00e7\u00e3o \u00e9 o que tem acontecido com milh\u00f5es de brasileiros. Ela anula o di\u00e1logo antes mesmo de come\u00e7ar, entrega ao cidad\u00e3o apenas conte\u00fados do seu pr\u00f3prio nicho \u2014 algo que o algoritmo faz muito bem, isolando todos em suas bolhas sociais. Polariza\u00e7\u00e3o \u00e9 odiar o pr\u00f3ximo sem conhec\u00ea-lo, \u00e9 sacrificar sem saber o pre\u00e7o, \u00e9 ser c\u00famplice do outro sem saber o crime \u2014 tudo isso apenas por estar \u201cdo seu lado\u201d. E a \u201cvista grossa\u201d vem de brinde, acompanhada por doses de hipocrisia e ignor\u00e2ncia. Se a blusa \u00e9 azul, \u201ctamo junto\u201d; se \u00e9 vermelha, \u201cn\u00e3o merece viver\u201d \u2014 e vice-versa.<\/p>\n\n\n\n<p>Pesquisas recentes mostram esse esgotamento na pr\u00e1tica. Um levantamento do instituto AtlasIntel, publicado em 2024, apontou que mais de 62% dos brasileiros afirmam estar cansados da polariza\u00e7\u00e3o pol\u00edtica e desejam \u201cnovos nomes\u201d fora dos extremos ideol\u00f3gicos. Outros estudos revelam que o interesse por candidaturas t\u00e9cnicas e moderadas tem crescido, especialmente entre os jovens. \u00c9 um sinal de que parte da sociedade come\u00e7a a enxergar a pol\u00edtica com mais racionalidade e menos emo\u00e7\u00e3o \u2014 um passo importante, ainda que t\u00edmido, rumo \u00e0 maturidade democr\u00e1tica.<\/p>\n\n\n\n<p>A irracionalidade impera na polariza\u00e7\u00e3o. Mas uma luz no fim do t\u00fanel tem surgido: milh\u00f5es est\u00e3o se cansando disso e percebendo que o caminho para uma pol\u00edtica de fato efetiva est\u00e1 longe dos discursos radicais pronunciados por pol\u00edticos que pouco fazem na pr\u00e1tica \u2014 a n\u00e3o ser atuarem como personagens nas telas de celulares, verdadeiros marqueteiros especialistas em Instagram e TikTok. Estamos na era dos pol\u00edticos midi\u00e1ticos.<\/p>\n\n\n\n<p>Milh\u00f5es de pessoas est\u00e3o come\u00e7ando a perceber que pol\u00edtico precisa ter projeto, forma\u00e7\u00e3o e preparo. Precisa saber o que far\u00e1 quando chegar l\u00e1 \u2014 e, principalmente, precisa mostrar resultados. Esse seria o eleitor ideal: aquele cidad\u00e3o que sabe avaliar propostas e fazer ju\u00edzos mais duradouros sobre os candidatos, e n\u00e3o aquele que troca voto por areia, tijolo ou saco de cimento.<\/p>\n\n\n\n<p>A maturidade, muitas vezes, vem com um pre\u00e7o muito caro \u2014 especialmente quando n\u00e3o se decide aprender com os erros dos outros ou quando n\u00e3o h\u00e1 quem eduque. O Brasil \u00e9 essa pessoa: cresceu, mas sem educa\u00e7\u00e3o, e vem construindo, a duras penas, uma maturidade que est\u00e1 surgindo mais dos seus erros do que de ensinamentos.<\/p>\n\n\n\n<p>O pa\u00eds passou por uma longa fase de desinteresse pela pol\u00edtica, quando se dizia que \u201cpol\u00edtica n\u00e3o se discute\u201d. Isso nos custou d\u00e9cadas de perdas irrepar\u00e1veis e um atraso civilizacional de s\u00e9culos. Depois, o Brasil percebeu que tudo se tratava de uma grande manipula\u00e7\u00e3o que fingia lados diferentes, mas que, nos bastidores, eram \u201cmais chegados que irm\u00e3os\u201d.<\/p>\n\n\n\n<p>Ao perceber isso, nasceu uma pequena chama de singularidade: o discurso de direita e esquerda surgiu em nossas terras. O povo se dividiu e come\u00e7ou a defender lados, bandeiras e candidatos \u2014 em vez de desenvolver projetos de governo eficientes e com resultados reais. Agora, a ficha come\u00e7ou a cair. O muito falar sem pr\u00e1tica tem se mostrado in\u00fatil. A decep\u00e7\u00e3o \u00e9 clara e verdadeira, e parte do povo come\u00e7a a despertar para algo mais racional, mais inteligente, mais duradouro.<\/p>\n\n\n\n<p>Mas h\u00e1 um risco: depois da polariza\u00e7\u00e3o \u2014 que ainda deve perdurar por alguns anos \u2014, o que vir\u00e1? Ser\u00e1 poss\u00edvel fazer pol\u00edtica efetiva e racional sem gastar quase todo o tempo se defendendo de quest\u00f5es ideol\u00f3gicas que n\u00e3o colocam p\u00e3o na mesa do trabalhador nem promovem ascens\u00e3o social real? Ser\u00e1 que um dia o Brasil vai perceber que ideologia sem pr\u00e1tica e sem coer\u00eancia \u00e9 apenas discurso radical para atrair votos?<\/p>\n\n\n\n<p>Lembremos daquela m\u00fasica do Legi\u00e3o Urbana:<\/p>\n\n\n\n<p>\u201cSer\u00e1 s\u00f3 imagina\u00e7\u00e3o?<\/p>\n\n\n\n<p>Ser\u00e1 que nada vai acontecer?<\/p>\n\n\n\n<p>Ser\u00e1 que tudo isso \u00e9 em v\u00e3o?<\/p>\n\n\n\n<p>Ser\u00e1 que vamos conseguir vencer? Oh, oh, oh\u2026\u201d<\/p>\n\n\n\n<p>E, afinal\u2026 que pa\u00eds \u00e9 este?<\/p>\n","protected":false},"excerpt":{"rendered":"<p>Hoje, sempre que se fala em polariza\u00e7\u00e3o, muitos j\u00e1 querem encerrar o assunto com xingamentos e taxa\u00e7\u00f5es como \u201cisent\u00e3o\u201d, \u201cmelancia\u201d ou \u201cdissimulado\u201d. Cravar um lado \u00e9 quase uma lei obrigat\u00f3ria \u2014 virou \u00e9tica, moral e costume; virou cultura. As identifica\u00e7\u00f5es partid\u00e1rias, as bandeiras e os candidatos valem mais desgaste do que um di\u00e1logo livre, de [&hellip;]<\/p>\n","protected":false},"author":3,"featured_media":127,"comment_status":"open","ping_status":"open","sticky":false,"template":"","format":"standard","meta":{"footnotes":""},"categories":[1],"tags":[],"class_list":["post-126","post","type-post","status-publish","format-standard","has-post-thumbnail","hentry","category-blog"],"_links":{"self":[{"href":"https:\/\/mblmg.org\/escribas\/wp-json\/wp\/v2\/posts\/126","targetHints":{"allow":["GET"]}}],"collection":[{"href":"https:\/\/mblmg.org\/escribas\/wp-json\/wp\/v2\/posts"}],"about":[{"href":"https:\/\/mblmg.org\/escribas\/wp-json\/wp\/v2\/types\/post"}],"author":[{"embeddable":true,"href":"https:\/\/mblmg.org\/escribas\/wp-json\/wp\/v2\/users\/3"}],"replies":[{"embeddable":true,"href":"https:\/\/mblmg.org\/escribas\/wp-json\/wp\/v2\/comments?post=126"}],"version-history":[{"count":1,"href":"https:\/\/mblmg.org\/escribas\/wp-json\/wp\/v2\/posts\/126\/revisions"}],"predecessor-version":[{"id":128,"href":"https:\/\/mblmg.org\/escribas\/wp-json\/wp\/v2\/posts\/126\/revisions\/128"}],"wp:featuredmedia":[{"embeddable":true,"href":"https:\/\/mblmg.org\/escribas\/wp-json\/wp\/v2\/media\/127"}],"wp:attachment":[{"href":"https:\/\/mblmg.org\/escribas\/wp-json\/wp\/v2\/media?parent=126"}],"wp:term":[{"taxonomy":"category","embeddable":true,"href":"https:\/\/mblmg.org\/escribas\/wp-json\/wp\/v2\/categories?post=126"},{"taxonomy":"post_tag","embeddable":true,"href":"https:\/\/mblmg.org\/escribas\/wp-json\/wp\/v2\/tags?post=126"}],"curies":[{"name":"wp","href":"https:\/\/api.w.org\/{rel}","templated":true}]}}