{"id":149,"date":"2025-10-14T12:00:00","date_gmt":"2025-10-14T12:00:00","guid":{"rendered":"https:\/\/mblmg.org\/escribas\/?p=149"},"modified":"2026-03-02T23:18:42","modified_gmt":"2026-03-02T23:18:42","slug":"reforma-administrativa-e-pec-antiprivilegio-reacendem-debate-sobre-privilegios-no-setor-publico","status":"publish","type":"post","link":"https:\/\/mblmg.org\/escribas\/reforma-administrativa-e-pec-antiprivilegio-reacendem-debate-sobre-privilegios-no-setor-publico\/","title":{"rendered":"Reforma administrativa e PEC Antiprivil\u00e9gio reacendem debate sobre privil\u00e9gios no setor\u00a0p\u00fablico"},"content":{"rendered":"\n<p>Recentemente, duas Propostas de Emenda \u00e0 Constitui\u00e7\u00e3o (PECs) t\u00eam gerado intensos debates no cen\u00e1rio pol\u00edtico brasileiro.<\/p>\n\n\n\n<p>A primeira \u00e9 a PEC 32\/2020, conhecida como reforma administrativa. Apresentada ao Congresso Nacional em setembro de 2020 pelo Poder Executivo Federal, por meio do Minist\u00e9rio da Economia \u2014 \u00e0 \u00e9poca liderado por Paulo Guedes \u2014, a proposta foi aprovada pela Comiss\u00e3o Especial da C\u00e2mara em 2021, mas ainda n\u00e3o foi votada em plen\u00e1rio. Atualmente, o relator \u00e9 o deputado Pedro Paulo (PSD).<\/p>\n\n\n\n<figure class=\"wp-block-image size-full\"><img loading=\"lazy\" decoding=\"async\" width=\"768\" height=\"512\" src=\"https:\/\/mblmg.org\/escribas\/wp-content\/uploads\/2026\/03\/img_0948.jpeg\" alt=\"\" class=\"wp-image-150\" srcset=\"https:\/\/mblmg.org\/escribas\/wp-content\/uploads\/2026\/03\/img_0948.jpeg 768w, https:\/\/mblmg.org\/escribas\/wp-content\/uploads\/2026\/03\/img_0948-300x200.jpeg 300w, https:\/\/mblmg.org\/escribas\/wp-content\/uploads\/2026\/03\/img_0948-600x400.jpeg 600w\" sizes=\"auto, (max-width: 768px) 100vw, 768px\" \/><\/figure>\n\n\n\n<p>A PEC prop\u00f5e mudan\u00e7as que atingem apenas futuros servidores, sem afetar os direitos adquiridos daqueles que j\u00e1 est\u00e3o na ativa. Entre os principais pontos est\u00e3o:<\/p>\n\n\n\n<p>&nbsp;&nbsp;&nbsp;&nbsp;&nbsp;&nbsp;&nbsp;&nbsp;&nbsp;&nbsp;&nbsp;&nbsp;&nbsp;&nbsp;&nbsp;&nbsp;&nbsp; \u2022&nbsp;&nbsp;&nbsp;&nbsp;&nbsp;&nbsp;&nbsp;&nbsp;&nbsp;&nbsp;&nbsp;&nbsp;&nbsp;&nbsp; a cria\u00e7\u00e3o de novos v\u00ednculos de ingresso no servi\u00e7o p\u00fablico;<\/p>\n\n\n\n<p>&nbsp;&nbsp;&nbsp;&nbsp;&nbsp;&nbsp;&nbsp;&nbsp;&nbsp;&nbsp;&nbsp;&nbsp;&nbsp;&nbsp;&nbsp;&nbsp;&nbsp; \u2022&nbsp;&nbsp;&nbsp;&nbsp;&nbsp;&nbsp;&nbsp;&nbsp;&nbsp;&nbsp;&nbsp;&nbsp;&nbsp;&nbsp; o fim da estabilidade autom\u00e1tica em diversos cargos (com exce\u00e7\u00e3o de carreiras t\u00edpicas de Estado, como policiais, bombeiros, diplomatas e auditores);<\/p>\n\n\n\n<p>&nbsp;&nbsp;&nbsp;&nbsp;&nbsp;&nbsp;&nbsp;&nbsp;&nbsp;&nbsp;&nbsp;&nbsp;&nbsp;&nbsp;&nbsp;&nbsp;&nbsp; \u2022&nbsp;&nbsp;&nbsp;&nbsp;&nbsp;&nbsp;&nbsp;&nbsp;&nbsp;&nbsp;&nbsp;&nbsp;&nbsp;&nbsp; a concess\u00e3o de maior poder ao Executivo para extinguir \u00f3rg\u00e3os e cargos por decreto, em alguns casos sem necessidade de aprova\u00e7\u00e3o legislativa;<\/p>\n\n\n\n<p>&nbsp;&nbsp;&nbsp;&nbsp;&nbsp;&nbsp;&nbsp;&nbsp;&nbsp;&nbsp;&nbsp;&nbsp;&nbsp;&nbsp;&nbsp;&nbsp;&nbsp; \u2022&nbsp;&nbsp;&nbsp;&nbsp;&nbsp;&nbsp;&nbsp;&nbsp;&nbsp;&nbsp;&nbsp;&nbsp;&nbsp;&nbsp; maior flexibilidade na gest\u00e3o de pessoal, com avalia\u00e7\u00f5es de desempenho, promo\u00e7\u00f5es e desligamentos.<\/p>\n\n\n\n<p>Os defensores da proposta afirmam que ela busca modernizar o servi\u00e7o p\u00fablico e reduzir privil\u00e9gios. No entanto, h\u00e1 cr\u00edticas ao fato de que n\u00e3o abrange militares, ju\u00edzes e parlamentares, concentrando as mudan\u00e7as no Executivo civil. Entre os riscos apontados est\u00e3o a possibilidade de persegui\u00e7\u00e3o pol\u00edtica a servidores e a excessiva concentra\u00e7\u00e3o de poder no Executivo. Sugere-se que uma maior participa\u00e7\u00e3o do Legislativo poderia trazer mais equil\u00edbrio e transpar\u00eancia.<\/p>\n\n\n\n<p>Outro ponto de debate \u00e9 o descompasso entre privil\u00e9gios: enquanto servidores civis enfrentam restri\u00e7\u00f5es, outras categorias, como militares e magistrados, permanecem praticamente intocadas. Argumenta-se que todos os agentes p\u00fablicos deveriam estar sujeitos a mecanismos de responsabiliza\u00e7\u00e3o e avalia\u00e7\u00e3o de desempenho \u2014 inclusive autoridades pol\u00edticas.<\/p>\n\n\n\n<p>A segunda proposta em discuss\u00e3o \u00e9 a PEC 30\/2025, chamada de \u201cPEC Antiprivil\u00e9gio\u201d, de autoria do deputado federal Kim Kataguiri (UNI\u00c3O). Em fase inicial de tramita\u00e7\u00e3o, a PEC busca estabelecer regras mais equitativas para agentes p\u00fablicos.<\/p>\n\n\n\n<figure class=\"wp-block-image size-large\"><img loading=\"lazy\" decoding=\"async\" width=\"682\" height=\"1024\" src=\"https:\/\/mblmg.org\/escribas\/wp-content\/uploads\/2026\/03\/img_7513-682x1024.jpeg\" alt=\"\" class=\"wp-image-151\" srcset=\"https:\/\/mblmg.org\/escribas\/wp-content\/uploads\/2026\/03\/img_7513-682x1024.jpeg 682w, https:\/\/mblmg.org\/escribas\/wp-content\/uploads\/2026\/03\/img_7513-200x300.jpeg 200w, https:\/\/mblmg.org\/escribas\/wp-content\/uploads\/2026\/03\/img_7513-768x1152.jpeg 768w, https:\/\/mblmg.org\/escribas\/wp-content\/uploads\/2026\/03\/img_7513.jpeg 853w\" sizes=\"auto, (max-width: 682px) 100vw, 682px\" \/><\/figure>\n\n\n\n<p>Entre suas medidas, destacam-se:<\/p>\n\n\n\n<p>&nbsp;&nbsp;&nbsp;&nbsp;&nbsp;&nbsp;&nbsp;&nbsp;&nbsp;&nbsp;&nbsp;&nbsp;&nbsp;&nbsp;&nbsp;&nbsp;&nbsp; \u2022&nbsp;&nbsp;&nbsp;&nbsp;&nbsp;&nbsp;&nbsp;&nbsp;&nbsp;&nbsp;&nbsp;&nbsp;&nbsp;&nbsp; a possibilidade de que o Congresso e o Presidente tamb\u00e9m proponham mudan\u00e7as no Estatuto da Magistratura \u2014 atualmente restrito ao STF;<\/p>\n\n\n\n<p>&nbsp;&nbsp;&nbsp;&nbsp;&nbsp;&nbsp;&nbsp;&nbsp;&nbsp;&nbsp;&nbsp;&nbsp;&nbsp;&nbsp;&nbsp;&nbsp;&nbsp; \u2022&nbsp;&nbsp;&nbsp;&nbsp;&nbsp;&nbsp;&nbsp;&nbsp;&nbsp;&nbsp;&nbsp;&nbsp;&nbsp;&nbsp; a unifica\u00e7\u00e3o do direito a 30 dias de f\u00e9rias anuais para todos os servidores;<\/p>\n\n\n\n<p>&nbsp;&nbsp;&nbsp;&nbsp;&nbsp;&nbsp;&nbsp;&nbsp;&nbsp;&nbsp;&nbsp;&nbsp;&nbsp;&nbsp;&nbsp;&nbsp;&nbsp; \u2022&nbsp;&nbsp;&nbsp;&nbsp;&nbsp;&nbsp;&nbsp;&nbsp;&nbsp;&nbsp;&nbsp;&nbsp;&nbsp;&nbsp; a proibi\u00e7\u00e3o de benef\u00edcios como licen\u00e7a-pr\u00eamio, f\u00e9rias-pr\u00eamio e afastamentos remunerados baseados apenas no tempo de servi\u00e7o.<\/p>\n\n\n\n<p>O debate em torno dessas propostas contrap\u00f5e, de um lado, a busca por moderniza\u00e7\u00e3o e redu\u00e7\u00e3o de gastos p\u00fablicos e, de outro, as preocupa\u00e7\u00f5es com a manuten\u00e7\u00e3o de privil\u00e9gios de determinadas categorias e os riscos de concentra\u00e7\u00e3o de poder. O processo segue em aberto no Congresso Nacional.<\/p>\n","protected":false},"excerpt":{"rendered":"<p>Recentemente, duas Propostas de Emenda \u00e0 Constitui\u00e7\u00e3o (PECs) t\u00eam gerado intensos debates no cen\u00e1rio pol\u00edtico brasileiro. A primeira \u00e9 a PEC 32\/2020, conhecida como reforma administrativa. Apresentada ao Congresso Nacional em setembro de 2020 pelo Poder Executivo Federal, por meio do Minist\u00e9rio da Economia \u2014 \u00e0 \u00e9poca liderado por Paulo Guedes \u2014, a proposta foi [&hellip;]<\/p>\n","protected":false},"author":3,"featured_media":150,"comment_status":"open","ping_status":"open","sticky":false,"template":"","format":"standard","meta":{"footnotes":""},"categories":[1],"tags":[],"class_list":["post-149","post","type-post","status-publish","format-standard","has-post-thumbnail","hentry","category-blog"],"_links":{"self":[{"href":"https:\/\/mblmg.org\/escribas\/wp-json\/wp\/v2\/posts\/149","targetHints":{"allow":["GET"]}}],"collection":[{"href":"https:\/\/mblmg.org\/escribas\/wp-json\/wp\/v2\/posts"}],"about":[{"href":"https:\/\/mblmg.org\/escribas\/wp-json\/wp\/v2\/types\/post"}],"author":[{"embeddable":true,"href":"https:\/\/mblmg.org\/escribas\/wp-json\/wp\/v2\/users\/3"}],"replies":[{"embeddable":true,"href":"https:\/\/mblmg.org\/escribas\/wp-json\/wp\/v2\/comments?post=149"}],"version-history":[{"count":1,"href":"https:\/\/mblmg.org\/escribas\/wp-json\/wp\/v2\/posts\/149\/revisions"}],"predecessor-version":[{"id":152,"href":"https:\/\/mblmg.org\/escribas\/wp-json\/wp\/v2\/posts\/149\/revisions\/152"}],"wp:featuredmedia":[{"embeddable":true,"href":"https:\/\/mblmg.org\/escribas\/wp-json\/wp\/v2\/media\/150"}],"wp:attachment":[{"href":"https:\/\/mblmg.org\/escribas\/wp-json\/wp\/v2\/media?parent=149"}],"wp:term":[{"taxonomy":"category","embeddable":true,"href":"https:\/\/mblmg.org\/escribas\/wp-json\/wp\/v2\/categories?post=149"},{"taxonomy":"post_tag","embeddable":true,"href":"https:\/\/mblmg.org\/escribas\/wp-json\/wp\/v2\/tags?post=149"}],"curies":[{"name":"wp","href":"https:\/\/api.w.org\/{rel}","templated":true}]}}