{"id":153,"date":"2025-10-07T12:00:00","date_gmt":"2025-10-07T12:00:00","guid":{"rendered":"https:\/\/mblmg.org\/escribas\/?p=153"},"modified":"2026-03-02T23:20:45","modified_gmt":"2026-03-02T23:20:45","slug":"memorias-postumas-de-bras-capitulo-16","status":"publish","type":"post","link":"https:\/\/mblmg.org\/escribas\/memorias-postumas-de-bras-capitulo-16\/","title":{"rendered":"Mem\u00f3rias P\u00f3stumas de Bras \u2013 Cap\u00edtulo\u00a016"},"content":{"rendered":"\n<p>Minas j\u00e1 estava.<\/p>\n\n\n\n<p>Como uma ideia antiga, como uma mem\u00f3ria que nunca foi embora.<\/p>\n\n\n\n<p>Era a cabe\u00e7a. O c\u00e9rebro.<\/p>\n\n\n\n<p>Sentado \u00e0 sombra de uma igreja barroca, esculpida n\u00e3o s\u00f3 em pedra, mas em sil\u00eancio e ora\u00e7\u00e3o,<\/p>\n\n\n\n<p>olhava o ch\u00e3o como quem escuta o passado pisando descal\u00e7o.<\/p>\n\n\n\n<p>Minas n\u00e3o entra. Minas paira.<\/p>\n\n\n\n<p>Minas \u00e9 pausa. \u00c9 entrelinha.<\/p>\n\n\n\n<p>Falou baixo, como se n\u00e3o falasse pra mim, mas pra eternidade:<\/p>\n\n\n\n<p>\u2014 Brasil\u2026<\/p>\n\n\n\n<figure class=\"wp-block-image size-full\"><img loading=\"lazy\" decoding=\"async\" width=\"1024\" height=\"768\" src=\"https:\/\/mblmg.org\/escribas\/wp-content\/uploads\/2026\/03\/create-a-highly-detailed-high-resolution-featured-image-illustrating-minas-as-1.png\" alt=\"\" class=\"wp-image-154\" srcset=\"https:\/\/mblmg.org\/escribas\/wp-content\/uploads\/2026\/03\/create-a-highly-detailed-high-resolution-featured-image-illustrating-minas-as-1.png 1024w, https:\/\/mblmg.org\/escribas\/wp-content\/uploads\/2026\/03\/create-a-highly-detailed-high-resolution-featured-image-illustrating-minas-as-1-300x225.png 300w, https:\/\/mblmg.org\/escribas\/wp-content\/uploads\/2026\/03\/create-a-highly-detailed-high-resolution-featured-image-illustrating-minas-as-1-768x576.png 768w\" sizes=\"auto, (max-width: 1024px) 100vw, 1024px\" \/><\/figure>\n\n\n\n<p>\u2014 Senta. Aqui n\u00e3o se fala com pressa.<\/p>\n\n\n\n<p>Sentei.<\/p>\n\n\n\n<p>Com Minas, as palavras t\u00eam peso.<\/p>\n\n\n\n<p>Entre cada frase, o tempo faz uma curva.<\/p>\n\n\n\n<p>\u00c9 como ouvir um sino distante: cada som vem carregado de espera.<\/p>\n\n\n\n<p>\u2014 Foste sempre cauteloso\u2026 \u2014 arrisquei.<\/p>\n\n\n\n<p>\u2014 N\u00e3o cauteloso. Profundo.<\/p>\n\n\n\n<p>\u2014 Enquanto os outros gritam, eu penso.<\/p>\n\n\n\n<p>\u2014 E enquanto pensam, eu j\u00e1 decidi.<\/p>\n\n\n\n<p>Minas era brando como o caf\u00e9 forte: parece tranquilo, mas estremece por dentro.<\/p>\n\n\n\n<p>Fazia sentido. Era ouro e era lama. Era revolu\u00e7\u00e3o cochichada em sacristia.<\/p>\n\n\n\n<p>Era Inconfid\u00eancia antes de virar bandeira.<\/p>\n\n\n\n<p>\u2014 Fui voz calada, mas nunca submissa.<\/p>\n\n\n\n<p>\u2014 Hoje sou o centro sem holofote.<\/p>\n\n\n\n<p>\u2014 A ponte entre os extremos.<\/p>\n\n\n\n<p>\u2014 O lugar onde o Brasil respira entre um excesso e outro.<\/p>\n\n\n\n<p>Havia nele a calma dos que sabem demais.<\/p>\n\n\n\n<p>Era como um av\u00f4 que n\u00e3o conta tudo, s\u00f3 o que importa.<\/p>\n\n\n\n<p>E quando fala, muda o rumo da conversa com um ditado simples.<\/p>\n\n\n\n<p>\u2014 Sabes, Brasil\u2026 tu \u00e9s pa\u00eds de extremos.<\/p>\n\n\n\n<p>\u2014 Eu sou tua v\u00edrgula.<\/p>\n\n\n\n<p>\u2014 Eu vi quando tu se perdeu.<\/p>\n\n\n\n<p>\u2014 Devagar, sem queda. Por eros\u00e3o.<\/p>\n\n\n\n<p>\u2014 Tu foi se desfazendo sem fazer barulho.<\/p>\n\n\n\n<p>\u2014 Eu vi. Mas fiquei.<\/p>\n\n\n\n<p>\u2014 E por que n\u00e3o gritou? \u2014 perguntei.<\/p>\n\n\n\n<p>\u2014 Porque falar demais vira discurso.<\/p>\n\n\n\n<p>\u2014 E tu j\u00e1 teve orador demais.<\/p>\n\n\n\n<p>\u2014 Gente que grita, promete, dramatiza.<\/p>\n\n\n\n<p>\u2014 Mas eu vi por dentro, Brasil.<\/p>\n\n\n\n<p>\u2014 Vi tu parcelar liberdade e enterrar esperan\u00e7a em cova rasa.<\/p>\n\n\n\n<p>A m\u00e1goa na voz dele era antiga.<\/p>\n\n\n\n<p>N\u00e3o do\u00eda mais.<\/p>\n\n\n\n<p>Virou poeira fina que repousa sobre as janelas coloniais.<\/p>\n\n\n\n<p>Um tipo de tristeza que se acomoda, mas nunca desaparece.<\/p>\n\n\n\n<p>\u2014 Talvez eu tenha te deixado quieto demais\u2026<\/p>\n\n\n\n<p>\u2014 E eu te deixei ir.<\/p>\n\n\n\n<p>\u2014 Meu erro foi confiar que o sil\u00eancio te guiaria.<\/p>\n\n\n\n<p>\u2014 E n\u00e3o te cansas?<\/p>\n\n\n\n<p>\u2014 Canso, sim.<\/p>\n\n\n\n<p>\u2014 Mas prefiro cansar calado do que berrar em v\u00e3o.<\/p>\n\n\n\n<p>Ao redor, as montanhas observavam tudo com paci\u00eancia geol\u00f3gica.<\/p>\n\n\n\n<p>O tempo ali n\u00e3o passava. Maturava.<\/p>\n\n\n\n<p>Cheirava a p\u00e3o de queijo, caf\u00e9 rec\u00e9m-passado e coisa que n\u00e3o volta mais.<\/p>\n\n\n\n<p>\u2014 Minas\u2026 o que queres de mim?<\/p>\n\n\n\n<p>Ele me olhou como se j\u00e1 soubesse o fim da frase.<\/p>\n\n\n\n<p>\u2014 S\u00f3 que n\u00e3o me transformes em esquecimento.<\/p>\n\n\n\n<p>\u2014 Porque ainda sou verbo.<\/p>\n\n\n\n<p>E ent\u00e3o se calou.<\/p>\n\n\n\n<p>Mas com Minas, at\u00e9 o sil\u00eancio \u00e9 um par\u00e1grafo inteiro.<\/p>\n\n\n\n<p>E ali, sem dizer mais nada, ele disse tudo.<\/p>\n","protected":false},"excerpt":{"rendered":"<p>Minas j\u00e1 estava. Como uma ideia antiga, como uma mem\u00f3ria que nunca foi embora. Era a cabe\u00e7a. O c\u00e9rebro. Sentado \u00e0 sombra de uma igreja barroca, esculpida n\u00e3o s\u00f3 em pedra, mas em sil\u00eancio e ora\u00e7\u00e3o, olhava o ch\u00e3o como quem escuta o passado pisando descal\u00e7o. Minas n\u00e3o entra. Minas paira. Minas \u00e9 pausa. \u00c9 [&hellip;]<\/p>\n","protected":false},"author":3,"featured_media":156,"comment_status":"open","ping_status":"open","sticky":false,"template":"","format":"standard","meta":{"footnotes":""},"categories":[1],"tags":[],"class_list":["post-153","post","type-post","status-publish","format-standard","has-post-thumbnail","hentry","category-blog"],"_links":{"self":[{"href":"https:\/\/mblmg.org\/escribas\/wp-json\/wp\/v2\/posts\/153","targetHints":{"allow":["GET"]}}],"collection":[{"href":"https:\/\/mblmg.org\/escribas\/wp-json\/wp\/v2\/posts"}],"about":[{"href":"https:\/\/mblmg.org\/escribas\/wp-json\/wp\/v2\/types\/post"}],"author":[{"embeddable":true,"href":"https:\/\/mblmg.org\/escribas\/wp-json\/wp\/v2\/users\/3"}],"replies":[{"embeddable":true,"href":"https:\/\/mblmg.org\/escribas\/wp-json\/wp\/v2\/comments?post=153"}],"version-history":[{"count":1,"href":"https:\/\/mblmg.org\/escribas\/wp-json\/wp\/v2\/posts\/153\/revisions"}],"predecessor-version":[{"id":155,"href":"https:\/\/mblmg.org\/escribas\/wp-json\/wp\/v2\/posts\/153\/revisions\/155"}],"wp:featuredmedia":[{"embeddable":true,"href":"https:\/\/mblmg.org\/escribas\/wp-json\/wp\/v2\/media\/156"}],"wp:attachment":[{"href":"https:\/\/mblmg.org\/escribas\/wp-json\/wp\/v2\/media?parent=153"}],"wp:term":[{"taxonomy":"category","embeddable":true,"href":"https:\/\/mblmg.org\/escribas\/wp-json\/wp\/v2\/categories?post=153"},{"taxonomy":"post_tag","embeddable":true,"href":"https:\/\/mblmg.org\/escribas\/wp-json\/wp\/v2\/tags?post=153"}],"curies":[{"name":"wp","href":"https:\/\/api.w.org\/{rel}","templated":true}]}}