{"id":170,"date":"2025-09-25T12:00:00","date_gmt":"2025-09-25T12:00:00","guid":{"rendered":"https:\/\/mblmg.org\/escribas\/?p=170"},"modified":"2026-03-02T23:31:43","modified_gmt":"2026-03-02T23:31:43","slug":"a-nova-religiao-da-direita","status":"publish","type":"post","link":"https:\/\/mblmg.org\/escribas\/a-nova-religiao-da-direita\/","title":{"rendered":"A nova religi\u00e3o da\u00a0Direita"},"content":{"rendered":"\n<p>Nos \u00faltimos anos, a direita brasileira vem testemunhando um fen\u00f4meno preocupante: a pol\u00edtica assumiu contornos de f\u00e9. Ela j\u00e1 n\u00e3o se trata mais de debate de ideias ou an\u00e1lise de propostas. Cada vez mais, os pol\u00edticos \u2014 especialmente o ex-presidente Jair Bolsonaro \u2014 s\u00e3o transformados em figuras quase sagradas, tratados como l\u00edderes espirituais, intoc\u00e1veis, infal\u00edveis e inquestion\u00e1veis. \u00c9 como se tivesse nascido uma nova religi\u00e3o: a religi\u00e3o da idolatria pol\u00edtica.<\/p>\n\n\n\n<figure class=\"wp-block-image size-large\"><img loading=\"lazy\" decoding=\"async\" width=\"1024\" height=\"683\" src=\"https:\/\/mblmg.org\/escribas\/wp-content\/uploads\/2026\/03\/cf538cc6-98bc-4997-a989-7b9292335338-1024x683.webp\" alt=\"\" class=\"wp-image-171\" srcset=\"https:\/\/mblmg.org\/escribas\/wp-content\/uploads\/2026\/03\/cf538cc6-98bc-4997-a989-7b9292335338-1024x683.webp 1024w, https:\/\/mblmg.org\/escribas\/wp-content\/uploads\/2026\/03\/cf538cc6-98bc-4997-a989-7b9292335338-300x200.webp 300w, https:\/\/mblmg.org\/escribas\/wp-content\/uploads\/2026\/03\/cf538cc6-98bc-4997-a989-7b9292335338-768x512.webp 768w, https:\/\/mblmg.org\/escribas\/wp-content\/uploads\/2026\/03\/cf538cc6-98bc-4997-a989-7b9292335338-600x400.webp 600w, https:\/\/mblmg.org\/escribas\/wp-content\/uploads\/2026\/03\/cf538cc6-98bc-4997-a989-7b9292335338.webp 1536w\" sizes=\"auto, (max-width: 1024px) 100vw, 1024px\" \/><\/figure>\n\n\n\n<p>Nessa l\u00f3gica, o voto deixa de ser uma escolha racional por projetos e se torna um ato de devo\u00e7\u00e3o pessoal. Muitos eleitores n\u00e3o analisam planos de governo, n\u00e3o cobram resultados, n\u00e3o questionam contradi\u00e7\u00f5es. O que importa \u00e9 a identifica\u00e7\u00e3o emocional com a figura do candidato. Ele n\u00e3o \u00e9 mais visto como representante tempor\u00e1rio, mas como \u201csalvador da p\u00e1tria\u201d.<\/p>\n\n\n\n<p>Esse tipo de culto traz consequ\u00eancias graves. Primeiro, enfraquece a democracia: quando a pol\u00edtica se reduz \u00e0 idolatria, o espa\u00e7o do debate se fecha. Quem critica o l\u00edder \u201cungido\u201d passa a ser visto como inimigo, e n\u00e3o como cidad\u00e3o que exerce seu direito de divergir. Segundo, abre caminho para a frustra\u00e7\u00e3o: l\u00edderes pol\u00edticos s\u00e3o humanos, falham, erram, recuam \u2014 mas, quando vistos como divindades, qualquer deslize vira motivo de crise de f\u00e9.<\/p>\n\n\n\n<figure class=\"wp-block-image size-full\"><img loading=\"lazy\" decoding=\"async\" width=\"1024\" height=\"576\" src=\"https:\/\/mblmg.org\/escribas\/wp-content\/uploads\/2026\/03\/img_0447.jpeg\" alt=\"\" class=\"wp-image-172\" srcset=\"https:\/\/mblmg.org\/escribas\/wp-content\/uploads\/2026\/03\/img_0447.jpeg 1024w, https:\/\/mblmg.org\/escribas\/wp-content\/uploads\/2026\/03\/img_0447-300x169.jpeg 300w, https:\/\/mblmg.org\/escribas\/wp-content\/uploads\/2026\/03\/img_0447-768x432.jpeg 768w\" sizes=\"auto, (max-width: 1024px) 100vw, 1024px\" \/><\/figure>\n\n\n\n<p>A pol\u00edtica, em sua ess\u00eancia, deveria ser instrumento de constru\u00e7\u00e3o coletiva, voltada a solu\u00e7\u00f5es concretas para problemas reais: sa\u00fade, educa\u00e7\u00e3o, seguran\u00e7a e infraestrutura. Mas, enquanto os votos forem guiados mais pela emo\u00e7\u00e3o cega do que pela an\u00e1lise de propostas, corremos o risco de transformar elei\u00e7\u00f5es em rituais de f\u00e9, e n\u00e3o em decis\u00f5es conscientes para o futuro do pa\u00eds.<\/p>\n\n\n\n<p>Se queremos fortalecer a democracia, precisamos resgatar o esp\u00edrito cr\u00edtico. Pol\u00edtico n\u00e3o \u00e9 santo nem her\u00f3i: \u00e9 servidor p\u00fablico, eleito para cumprir um papel. No dia em que o eleitor parar de idolatrar pessoas e passar a cobrar projetos e resultados, talvez o Brasil consiga sair desse ciclo de esperan\u00e7a messi\u00e2nica e decep\u00e7\u00e3o constante.<\/p>\n","protected":false},"excerpt":{"rendered":"<p>Nos \u00faltimos anos, a direita brasileira vem testemunhando um fen\u00f4meno preocupante: a pol\u00edtica assumiu contornos de f\u00e9. Ela j\u00e1 n\u00e3o se trata mais de debate de ideias ou an\u00e1lise de propostas. Cada vez mais, os pol\u00edticos \u2014 especialmente o ex-presidente Jair Bolsonaro \u2014 s\u00e3o transformados em figuras quase sagradas, tratados como l\u00edderes espirituais, intoc\u00e1veis, infal\u00edveis [&hellip;]<\/p>\n","protected":false},"author":3,"featured_media":171,"comment_status":"open","ping_status":"open","sticky":false,"template":"","format":"standard","meta":{"footnotes":""},"categories":[1],"tags":[],"class_list":["post-170","post","type-post","status-publish","format-standard","has-post-thumbnail","hentry","category-blog"],"_links":{"self":[{"href":"https:\/\/mblmg.org\/escribas\/wp-json\/wp\/v2\/posts\/170","targetHints":{"allow":["GET"]}}],"collection":[{"href":"https:\/\/mblmg.org\/escribas\/wp-json\/wp\/v2\/posts"}],"about":[{"href":"https:\/\/mblmg.org\/escribas\/wp-json\/wp\/v2\/types\/post"}],"author":[{"embeddable":true,"href":"https:\/\/mblmg.org\/escribas\/wp-json\/wp\/v2\/users\/3"}],"replies":[{"embeddable":true,"href":"https:\/\/mblmg.org\/escribas\/wp-json\/wp\/v2\/comments?post=170"}],"version-history":[{"count":1,"href":"https:\/\/mblmg.org\/escribas\/wp-json\/wp\/v2\/posts\/170\/revisions"}],"predecessor-version":[{"id":173,"href":"https:\/\/mblmg.org\/escribas\/wp-json\/wp\/v2\/posts\/170\/revisions\/173"}],"wp:featuredmedia":[{"embeddable":true,"href":"https:\/\/mblmg.org\/escribas\/wp-json\/wp\/v2\/media\/171"}],"wp:attachment":[{"href":"https:\/\/mblmg.org\/escribas\/wp-json\/wp\/v2\/media?parent=170"}],"wp:term":[{"taxonomy":"category","embeddable":true,"href":"https:\/\/mblmg.org\/escribas\/wp-json\/wp\/v2\/categories?post=170"},{"taxonomy":"post_tag","embeddable":true,"href":"https:\/\/mblmg.org\/escribas\/wp-json\/wp\/v2\/tags?post=170"}],"curies":[{"name":"wp","href":"https:\/\/api.w.org\/{rel}","templated":true}]}}