{"id":190,"date":"2025-09-11T23:46:00","date_gmt":"2025-09-11T23:46:00","guid":{"rendered":"https:\/\/mblmg.org\/escribas\/?p=190"},"modified":"2026-03-02T23:49:06","modified_gmt":"2026-03-02T23:49:06","slug":"quando-a-narrativa-vem-antes-da-noticia","status":"publish","type":"post","link":"https:\/\/mblmg.org\/escribas\/quando-a-narrativa-vem-antes-da-noticia\/","title":{"rendered":"Quando a narrativa vem antes da\u00a0not\u00edcia"},"content":{"rendered":"\n<p>A morte de Charlie Kirk, influenciador conservador norte-americano, repercutiu com for\u00e7a no Brasil. Kirk foi baleado durante um discurso na Universidade do Vale de Utah, em 10 de setembro, e n\u00e3o resistiu. Enquanto nos EUA a investiga\u00e7\u00e3o ainda buscava esclarecer motiva\u00e7\u00f5es, no Brasil parte da imprensa se apressou em colar no epis\u00f3dio um r\u00f3tulo: \u201cextremista de direita\u201d.<\/p>\n\n\n\n<p>Essa escolha n\u00e3o \u00e9 trivial. No lugar de reportar o acontecimento de forma neutra, parte dos ve\u00edculos brasileiros decidiu enquadrar Kirk numa categoria pol\u00edtica carregada de julgamento moral. CartaCapital, por exemplo, destacou em sua manchete: \u201cInfluenciador de extrema-direita Charlie Kirk \u00e9 baleado em universidade dos EUA\u201d. J\u00e1 a Globo, em seu portal G1, destacou a express\u00e3o \u201cativista da extrema-direita dos EUA\u201d.&nbsp;<\/p>\n\n\n\n<figure class=\"wp-block-image size-full\"><img loading=\"lazy\" decoding=\"async\" width=\"639\" height=\"236\" src=\"https:\/\/mblmg.org\/escribas\/wp-content\/uploads\/2026\/03\/image-5.png\" alt=\"\" class=\"wp-image-193\" srcset=\"https:\/\/mblmg.org\/escribas\/wp-content\/uploads\/2026\/03\/image-5.png 639w, https:\/\/mblmg.org\/escribas\/wp-content\/uploads\/2026\/03\/image-5-300x111.png 300w\" sizes=\"auto, (max-width: 639px) 100vw, 639px\" \/><\/figure>\n\n\n\n<p>A diferen\u00e7a de enquadramento \u00e9 reveladora. Ao rotular Kirk como \u201cextremista\u201d, o jornalismo assume uma narrativa antes mesmo da apura\u00e7\u00e3o dos fatos. Afinal, se a quest\u00e3o central \u00e9 que ele foi assassinado em pleno exerc\u00edcio de sua atividade p\u00fablica, o foco deveria estar no ataque e em suas implica\u00e7\u00f5es para a democracia, e n\u00e3o em atacar aideologia da v\u00edtima.<\/p>\n\n\n\n<figure class=\"wp-block-image size-full\"><img loading=\"lazy\" decoding=\"async\" width=\"228\" height=\"152\" src=\"https:\/\/mblmg.org\/escribas\/wp-content\/uploads\/2026\/03\/image-3-1-1.png\" alt=\"\" class=\"wp-image-194\"\/><\/figure>\n\n\n\n<p>Infelizmente, essa postura n\u00e3o \u00e9 isolada. H\u00e1 anos a imprensa brasileira construiu o h\u00e1bito de classificar personagens de acordo com o quanto se afastam do consenso progressista. Conservadores passam a ser automaticamente \u201cextremistas\u201d. O resultado \u00e9 uma imprensa menos interessada em informar e mais focada em organizar o mundo em categorias convenientes \u00e0 sua audi\u00eancia.<\/p>\n\n\n\n<figure class=\"wp-block-image size-large\"><img loading=\"lazy\" decoding=\"async\" width=\"1024\" height=\"220\" src=\"https:\/\/mblmg.org\/escribas\/wp-content\/uploads\/2026\/03\/image-7-1024x220.png\" alt=\"\" class=\"wp-image-195\" srcset=\"https:\/\/mblmg.org\/escribas\/wp-content\/uploads\/2026\/03\/image-7-1024x220.png 1024w, https:\/\/mblmg.org\/escribas\/wp-content\/uploads\/2026\/03\/image-7-300x64.png 300w, https:\/\/mblmg.org\/escribas\/wp-content\/uploads\/2026\/03\/image-7-768x165.png 768w, https:\/\/mblmg.org\/escribas\/wp-content\/uploads\/2026\/03\/image-7.png 1133w\" sizes=\"auto, (max-width: 1024px) 100vw, 1024px\" \/><\/figure>\n\n\n\n<p>O contraste ficou evidente tamb\u00e9m na rea\u00e7\u00e3o pol\u00edtica. Parlamentares brasileiros ligados \u00e0 direita lamentaram a morte e denunciaram persegui\u00e7\u00e3o ideol\u00f3gica. Para eles, a execu\u00e7\u00e3o de Kirk \u00e9 mais um alerta sobre a escalada da viol\u00eancia pol\u00edtica contra vozes conservadoras no Ocidente. J\u00e1 para parte da m\u00eddia, o debate pareceu mais um pretexto para refor\u00e7ar os r\u00f3tulos contra as vozes que dissoam dela.<\/p>\n\n\n\n<figure class=\"wp-block-image size-full\"><img loading=\"lazy\" decoding=\"async\" width=\"380\" height=\"253\" src=\"https:\/\/mblmg.org\/escribas\/wp-content\/uploads\/2026\/03\/image-10.png\" alt=\"\" class=\"wp-image-196\" srcset=\"https:\/\/mblmg.org\/escribas\/wp-content\/uploads\/2026\/03\/image-10.png 380w, https:\/\/mblmg.org\/escribas\/wp-content\/uploads\/2026\/03\/image-10-300x200.png 300w\" sizes=\"auto, (max-width: 380px) 100vw, 380px\" \/><\/figure>\n\n\n\n<p>O problema \u00e9 que, ao adotar esse tipo de enquadramento, a imprensa enfraquece a&nbsp;&nbsp;pr\u00f3pria credibilidade. Em vez de oferecer ao p\u00fablico os fatos e abrir espa\u00e7o para interpreta\u00e7\u00f5es diversas, ela antecipa a interpreta\u00e7\u00e3o e entrega os fatos moldados. O jornalismo perde quando troca a apura\u00e7\u00e3o pela narrativa ideol\u00f3gica.<\/p>\n\n\n\n<p>Charlie Kirk foi morto em um ato pol\u00edtico. Isso por si s\u00f3 j\u00e1 seria suficiente para uma cobertura s\u00e9ria, ampla e cuidadosa. Mas, no Brasil, o que pareceu mais urgente foi expor um r\u00f3tulo e ignorar a discuss\u00e3o desta trag\u00e9dia e a importancia da toler\u00e2ncia em debates pol\u00edticos, algo que est\u00e1 a desaparecer em v\u00e1rias democracias.<\/p>\n","protected":false},"excerpt":{"rendered":"<p>A morte de Charlie Kirk, influenciador conservador norte-americano, repercutiu com for\u00e7a no Brasil. Kirk foi baleado durante um discurso na Universidade do Vale de Utah, em 10 de setembro, e n\u00e3o resistiu. Enquanto nos EUA a investiga\u00e7\u00e3o ainda buscava esclarecer motiva\u00e7\u00f5es, no Brasil parte da imprensa se apressou em colar no epis\u00f3dio um r\u00f3tulo: \u201cextremista [&hellip;]<\/p>\n","protected":false},"author":3,"featured_media":191,"comment_status":"open","ping_status":"open","sticky":false,"template":"","format":"standard","meta":{"footnotes":""},"categories":[1],"tags":[],"class_list":["post-190","post","type-post","status-publish","format-standard","has-post-thumbnail","hentry","category-blog"],"_links":{"self":[{"href":"https:\/\/mblmg.org\/escribas\/wp-json\/wp\/v2\/posts\/190","targetHints":{"allow":["GET"]}}],"collection":[{"href":"https:\/\/mblmg.org\/escribas\/wp-json\/wp\/v2\/posts"}],"about":[{"href":"https:\/\/mblmg.org\/escribas\/wp-json\/wp\/v2\/types\/post"}],"author":[{"embeddable":true,"href":"https:\/\/mblmg.org\/escribas\/wp-json\/wp\/v2\/users\/3"}],"replies":[{"embeddable":true,"href":"https:\/\/mblmg.org\/escribas\/wp-json\/wp\/v2\/comments?post=190"}],"version-history":[{"count":1,"href":"https:\/\/mblmg.org\/escribas\/wp-json\/wp\/v2\/posts\/190\/revisions"}],"predecessor-version":[{"id":197,"href":"https:\/\/mblmg.org\/escribas\/wp-json\/wp\/v2\/posts\/190\/revisions\/197"}],"wp:featuredmedia":[{"embeddable":true,"href":"https:\/\/mblmg.org\/escribas\/wp-json\/wp\/v2\/media\/191"}],"wp:attachment":[{"href":"https:\/\/mblmg.org\/escribas\/wp-json\/wp\/v2\/media?parent=190"}],"wp:term":[{"taxonomy":"category","embeddable":true,"href":"https:\/\/mblmg.org\/escribas\/wp-json\/wp\/v2\/categories?post=190"},{"taxonomy":"post_tag","embeddable":true,"href":"https:\/\/mblmg.org\/escribas\/wp-json\/wp\/v2\/tags?post=190"}],"curies":[{"name":"wp","href":"https:\/\/api.w.org\/{rel}","templated":true}]}}