{"id":202,"date":"2025-09-04T00:00:00","date_gmt":"2025-09-04T00:00:00","guid":{"rendered":"https:\/\/mblmg.org\/escribas\/?p=202"},"modified":"2026-03-03T00:40:27","modified_gmt":"2026-03-03T00:40:27","slug":"chegou-a-hora-de-romeu-zema","status":"publish","type":"post","link":"https:\/\/mblmg.org\/escribas\/chegou-a-hora-de-romeu-zema\/","title":{"rendered":"Chegou a hora de Romeu\u00a0Zema?"},"content":{"rendered":"\n<p>A pol\u00edtica, em sua ess\u00eancia, exige mais do que a administra\u00e7\u00e3o burocr\u00e1tica de recursos e a gest\u00e3o cont\u00e1bil. Plat\u00e3o, quatro s\u00e9culos antes de Cristo, j\u00e1 apontava que, para um Estado, eram necess\u00e1rios: prud\u00eancia, coragem, modera\u00e7\u00e3o e justi\u00e7a. O erro que cometemos no Brasil, talvez pela sucess\u00e3o de m\u00e1s experi\u00eancias no Executivo, \u00e9 esquecer isso e acreditar que bons gestores bastam.<\/p>\n\n\n\n<p>Contudo, a pol\u00edtica exige mais do que isso. Exige vis\u00e3o. Exige coragem. Exige estadistas, e n\u00e3o apenas governadores eficientes.<\/p>\n\n\n\n<figure class=\"wp-block-image size-large\"><img loading=\"lazy\" decoding=\"async\" width=\"819\" height=\"1024\" src=\"https:\/\/mblmg.org\/escribas\/wp-content\/uploads\/2026\/03\/untitled-819x1024.webp\" alt=\"\" class=\"wp-image-203\" srcset=\"https:\/\/mblmg.org\/escribas\/wp-content\/uploads\/2026\/03\/untitled-819x1024.webp 819w, https:\/\/mblmg.org\/escribas\/wp-content\/uploads\/2026\/03\/untitled-240x300.webp 240w, https:\/\/mblmg.org\/escribas\/wp-content\/uploads\/2026\/03\/untitled-768x960.webp 768w, https:\/\/mblmg.org\/escribas\/wp-content\/uploads\/2026\/03\/untitled.webp 1080w\" sizes=\"auto, (max-width: 819px) 100vw, 819px\" \/><\/figure>\n\n\n\n<p>A hist\u00f3ria n\u00e3o consagra medianos. Winston Churchill manteve firme a Inglaterra quando todos j\u00e1 haviam se rendido ao terror nazista; De Gaulle enfrentou o colapso franc\u00eas e refundou sua Rep\u00fablica. Esses homens s\u00e3o lembrados n\u00e3o pela cautela, mas porque ousaram quando a covardia era mais c\u00f4moda.<\/p>\n\n\n\n<p>Romeu Zema, ao contr\u00e1rio, parece n\u00e3o ter entendido o desafio hist\u00f3rico que Minas e o Brasil enfrentam. Herdou um Estado quebrado, \u00e9 verdade. Hoje, a d\u00edvida com a Uni\u00e3o \u00e9 superior a R$ 170 bilh\u00f5es. Sua condu\u00e7\u00e3o, neste caso, \u00e9 o resumo do que o define como pol\u00edtico: aderiu ao Regime de Recupera\u00e7\u00e3o Fiscal, alongou prazos, empurrou o problema. Agora, concentra esfor\u00e7os em migrar para o PROPAG. Faltou mais. Faltou liderar a ruptura necess\u00e1ria.<\/p>\n\n\n\n<p>Na \u00e1rea econ\u00f4mica, faltou ainda articula\u00e7\u00e3o (ou seria novamente coragem?) para avan\u00e7ar com privatiza\u00e7\u00f5es robustas, enfrentar corpora\u00e7\u00f5es, lobbies, sindicatos e romper a depend\u00eancia estrutural de Minas com a Uni\u00e3o.<\/p>\n\n\n\n<p>No saneamento b\u00e1sico, o exemplo \u00e9 emblem\u00e1tico: Minas Gerais investe apenas R$ 99,84 por habitante\/ano, 21% abaixo da m\u00e9dia nacional (R$ 126,97) e menos da metade do que seria necess\u00e1rio para universalizar o acesso at\u00e9 2033 (R$ 223,82 por habitante\/ano, segundo o PLANSAB). O resultado \u00e9 que milh\u00f5es de mineiros ainda vivem sem esgoto tratado, em pleno s\u00e9culo XXI.<\/p>\n\n\n\n<p>\u00c9 o retrato mais claro da aus\u00eancia de grandeza pol\u00edtica: o governador que est\u00e1 com a cabe\u00e7a no Planalto esqueceu-se de limpar a lama sob seus p\u00e9s.<\/p>\n\n\n\n<p>Desde 2021, Zema gastou mais energia em cortejar a fam\u00edlia Bolsonaro do que em construir um projeto de pa\u00eds. Apesar de fazer o poss\u00edvel para ter o seu espa\u00e7o, o mineiro parece gozar de pouco ou nenhum prest\u00edgio junto ao alto clero do bolsonarismo. N\u00e3o faltam exemplos de situa\u00e7\u00f5es vexat\u00f3rias que demonstram isso.<\/p>\n\n\n\n<p>O exemplo mais recente foi o recado dado por Carlos Bolsonaro, vereador do Rio de Janeiro e filho do ex-presidente, na rede social X, no dia 17 de agosto de 2025:<\/p>\n\n\n\n<p>\u201cA verdade \u00e9 dura: todos voc\u00eas se comportam como ratos, sacrificam o povo pelo poder e n\u00e3o s\u00e3o em nada diferentes dos petistas que dizem combater. Limitam-se a gritar \u2018fora PT\u2019, mas n\u00e3o entregam lideran\u00e7a, n\u00e3o representam o cora\u00e7\u00e3o do povo. Querem apenas herdar o esp\u00f3lio de Bolsonaro, encostando nele de forma vergonhosa e pat\u00e9tica.\u201d<\/p>\n\n\n\n<p>A resposta de Zema? \u201c<a href=\"https:\/\/www.cnnbrasil.com.br\/politica\/temos-que-dar-desconto-pelo-momento-dificil-diz-zema-sobre-fala-de-carlos\/\">Temos que dar desconto pelo momento dif\u00edcil<\/a>.\u201d<\/p>\n\n\n\n<p>Enquanto isso, o crime organizado se infiltra em cada esquina do pa\u00eds, dominando territ\u00f3rios urbanos e rurais. Um mapeamento do governo federal, em 2024, identificou 13 fac\u00e7\u00f5es criminosas atuando nos pres\u00eddios mineiros. Nenhuma delas, por\u00e9m, \u00e9 de origem local. Minas, assim como o Brasil, precisa de l\u00edderes que compreendam que n\u00e3o basta administrar o presente: \u00e9 preciso refundar o futuro.<\/p>\n\n\n\n<p>Romeu Zema, por\u00e9m, escolheu outro caminho. Parece optar pela comodidade do centr\u00e3o, barganhando cargos e alian\u00e7as para manter sua governabilidade. Torna-se, assim, mais um pol\u00edtico comum, condenado \u00e0 mediocridade. N\u00e3o \u00e9 um desastre como os governos petistas, mas tampouco \u00e9 um projeto de na\u00e7\u00e3o. \u00c9 bem compar\u00e1vel, inclusive, \u00e0s gest\u00f5es do PSDB em S\u00e3o Paulo.<\/p>\n\n\n\n<figure class=\"wp-block-image size-full\"><img loading=\"lazy\" decoding=\"async\" width=\"644\" height=\"395\" src=\"https:\/\/mblmg.org\/escribas\/wp-content\/uploads\/2026\/03\/romeu-zema-e-a-casca-de-banan-foto-reproducao.webp\" alt=\"\" class=\"wp-image-204\" srcset=\"https:\/\/mblmg.org\/escribas\/wp-content\/uploads\/2026\/03\/romeu-zema-e-a-casca-de-banan-foto-reproducao.webp 644w, https:\/\/mblmg.org\/escribas\/wp-content\/uploads\/2026\/03\/romeu-zema-e-a-casca-de-banan-foto-reproducao-300x184.webp 300w\" sizes=\"auto, (max-width: 644px) 100vw, 644px\" \/><\/figure>\n\n\n\n<p>O Brasil caminha para um colapso at\u00e9 2030. A d\u00edvida p\u00fablica explode, o saneamento n\u00e3o avan\u00e7a, o crime organizado cresce como Estado paralelo, e a popula\u00e7\u00e3o se acostuma com a precariedade. \u00c9 preciso mais do que f\u00f3rmulas prontas de Excel. \u00c9 preciso homens que encarnem as virtudes cl\u00e1ssicas e compreendam seu papel hist\u00f3rico.<\/p>\n\n\n\n<p>Romeu Zema n\u00e3o \u00e9 esse homem.<\/p>\n","protected":false},"excerpt":{"rendered":"<p>A pol\u00edtica, em sua ess\u00eancia, exige mais do que a administra\u00e7\u00e3o burocr\u00e1tica de recursos e a gest\u00e3o cont\u00e1bil. Plat\u00e3o, quatro s\u00e9culos antes de Cristo, j\u00e1 apontava que, para um Estado, eram necess\u00e1rios: prud\u00eancia, coragem, modera\u00e7\u00e3o e justi\u00e7a. O erro que cometemos no Brasil, talvez pela sucess\u00e3o de m\u00e1s experi\u00eancias no Executivo, \u00e9 esquecer isso e [&hellip;]<\/p>\n","protected":false},"author":3,"featured_media":203,"comment_status":"open","ping_status":"open","sticky":false,"template":"","format":"standard","meta":{"footnotes":""},"categories":[1],"tags":[],"class_list":["post-202","post","type-post","status-publish","format-standard","has-post-thumbnail","hentry","category-blog"],"_links":{"self":[{"href":"https:\/\/mblmg.org\/escribas\/wp-json\/wp\/v2\/posts\/202","targetHints":{"allow":["GET"]}}],"collection":[{"href":"https:\/\/mblmg.org\/escribas\/wp-json\/wp\/v2\/posts"}],"about":[{"href":"https:\/\/mblmg.org\/escribas\/wp-json\/wp\/v2\/types\/post"}],"author":[{"embeddable":true,"href":"https:\/\/mblmg.org\/escribas\/wp-json\/wp\/v2\/users\/3"}],"replies":[{"embeddable":true,"href":"https:\/\/mblmg.org\/escribas\/wp-json\/wp\/v2\/comments?post=202"}],"version-history":[{"count":1,"href":"https:\/\/mblmg.org\/escribas\/wp-json\/wp\/v2\/posts\/202\/revisions"}],"predecessor-version":[{"id":205,"href":"https:\/\/mblmg.org\/escribas\/wp-json\/wp\/v2\/posts\/202\/revisions\/205"}],"wp:featuredmedia":[{"embeddable":true,"href":"https:\/\/mblmg.org\/escribas\/wp-json\/wp\/v2\/media\/203"}],"wp:attachment":[{"href":"https:\/\/mblmg.org\/escribas\/wp-json\/wp\/v2\/media?parent=202"}],"wp:term":[{"taxonomy":"category","embeddable":true,"href":"https:\/\/mblmg.org\/escribas\/wp-json\/wp\/v2\/categories?post=202"},{"taxonomy":"post_tag","embeddable":true,"href":"https:\/\/mblmg.org\/escribas\/wp-json\/wp\/v2\/tags?post=202"}],"curies":[{"name":"wp","href":"https:\/\/api.w.org\/{rel}","templated":true}]}}