{"id":210,"date":"2025-08-28T00:00:00","date_gmt":"2025-08-28T00:00:00","guid":{"rendered":"https:\/\/mblmg.org\/escribas\/?p=210"},"modified":"2026-03-03T00:46:55","modified_gmt":"2026-03-03T00:46:55","slug":"rosas-e-loucura-holocausto","status":"publish","type":"post","link":"https:\/\/mblmg.org\/escribas\/rosas-e-loucura-holocausto\/","title":{"rendered":"Rosas e Loucura,\u00a0Holocausto"},"content":{"rendered":"\n<p>Minas Gerais, terra de encantos, n\u00e3o \u00e9 apenas o solo das montanhas e do c\u00e9u bordado de horizontes. \u00c9 o cora\u00e7\u00e3o que pulsa hist\u00f3rias al\u00e9m das belezas que o olhar captura, um lugar onde as paisagens guardam segredos e as tradi\u00e7\u00f5es carregam mem\u00f3rias.<\/p>\n\n\n\n<figure class=\"wp-block-image size-full\"><img loading=\"lazy\" decoding=\"async\" width=\"339\" height=\"200\" src=\"https:\/\/mblmg.org\/escribas\/wp-content\/uploads\/2026\/03\/image-14.png\" alt=\"\" class=\"wp-image-211\" srcset=\"https:\/\/mblmg.org\/escribas\/wp-content\/uploads\/2026\/03\/image-14.png 339w, https:\/\/mblmg.org\/escribas\/wp-content\/uploads\/2026\/03\/image-14-300x177.png 300w\" sizes=\"auto, (max-width: 339px) 100vw, 339px\" \/><\/figure>\n\n\n\n<p>Barbacena, chamada com ternura de \u201ccapital das flores\u201d, exibe em suas planta\u00e7\u00f5es de rosas a poesia de um renascimento constante. Mas nem sempre seu passado foi um campo florido. Por tr\u00e1s do perfume das p\u00e9talas, h\u00e1 um cap\u00edtulo que n\u00e3o \u00e9 um verdadeiro \u201cmar de rosas\u201d.<\/p>\n\n\n\n<p>\u00c9 um solo que inspira e desafia, onde o belo e o sombrio coexistem, lembrando que cada flor carrega em si tanto a fragilidade quanto a for\u00e7a da vida. Assim \u00e9 Minas: uma terra que floresce sobre suas cicatrizes, contando ao mundo hist\u00f3rias que, embora marcadas por dores, desabrocham em li\u00e7\u00f5es.<\/p>\n\n\n\n<p>Por tr\u00e1s das flores, a cidade carrega atrocidades cometidas em suas terras. Fundado em 1903, o Hospital Col\u00f4nia de Barbacena foi criado para abrigar enfermos mentais, mas logo se transformou em um s\u00edmbolo de horror e abuso. Apenas 30% dos internados tinham diagn\u00f3stico de doen\u00e7a mental; os outros eram homossexuais, militantes pol\u00edticos, mulheres que perderam a virgindade antes do casamento, e qualquer um que se tornasse inc\u00f4modo para os poderosos. Este cen\u00e1rio macabro ficou conhecido como o \u201cHolocausto Brasileiro\u201d, respons\u00e1vel pela morte de 60 mil pessoas.<\/p>\n\n\n\n<figure class=\"wp-block-image\"><img decoding=\"async\" src=\"https:\/\/mgmbl.wordpress.com\/wp-content\/uploads\/2025\/08\/image-16.png?w=359\" alt=\"\" class=\"wp-image-1139\"\/><\/figure>\n\n\n\n<p>O manic\u00f4mio chegou a abrigar mais de 5 mil pacientes em condi\u00e7\u00f5es prec\u00e1rias e desumanas. A hist\u00f3ria do hospital \u00e9 marcada por neglig\u00eancia m\u00e9dica, superlota\u00e7\u00e3o, viol\u00eancia e torturas. Os internos eram submetidos a eletrochoques sem anestesia, lobotomias, medica\u00e7\u00e3o excessiva e isolamento. Chegavam \u00e0 cidade em trens de carga e eram tratados como menos que humanos, passando por processos de desinfec\u00e7\u00e3o, raspagem de cabe\u00e7a e uniformiza\u00e7\u00e3o. Daniela Arbex, Juiz de forana, em seu livro \u201cHolocausto Brasileiro\u201d, compara essas pr\u00e1ticas ao Holocausto Judaico, embora em uma escala diferente.<\/p>\n\n\n\n<figure class=\"wp-block-image size-full\"><img loading=\"lazy\" decoding=\"async\" width=\"223\" height=\"320\" src=\"https:\/\/mblmg.org\/escribas\/wp-content\/uploads\/2026\/03\/image-17.png\" alt=\"\" class=\"wp-image-213\" srcset=\"https:\/\/mblmg.org\/escribas\/wp-content\/uploads\/2026\/03\/image-17.png 223w, https:\/\/mblmg.org\/escribas\/wp-content\/uploads\/2026\/03\/image-17-209x300.png 209w\" sizes=\"auto, (max-width: 223px) 100vw, 223px\" \/><\/figure>\n\n\n\n<p>A express\u00e3o \u201ctrem de doido\u201d surgiu desse contexto, referindo-se aos trens que transportavam os pacientes para o manic\u00f4mio. Com o aumento da lota\u00e7\u00e3o, adotou-se uma solu\u00e7\u00e3o cruel: eliminar as camas para acomodar mais internos, que dormiam amontoados no ch\u00e3o, muitas vezes morrendo sufocados. Mesmo ap\u00f3s a morte, a desumaniza\u00e7\u00e3o continuava: mais de 1.800 cad\u00e1veres foram vendidos para universidades at\u00e9 os anos 1970, e os demais eram jogados em valas comuns no cemit\u00e9rio.<\/p>\n\n\n\n<p>Guimar\u00e3es Rosa, o grande escritor brasileiro, viveu em Barbacena durante essa \u00e9poca sombria. Em seu conto \u201cSor\u00f4co, sua m\u00e3e e sua filha\u201d, ele imortalizou o trem que levava pessoas para viver um terror inimagin\u00e1vel: \u201cPara onde ia, no levar as mulheres, era para um lugar chamado Barbacena, longe. Para o pobre, os lugares s\u00e3o mais longe.\u201d&nbsp;<\/p>\n\n\n\n<p>Assim, Barbacena tornou-se historicamente conhecida pelo \u201cHolocausto Brasileiro\u201d, ecoando os horrores dos campos de concentra\u00e7\u00e3o de Auschwitz-Birkenau durante a Segunda Guerra Mundial. A mem\u00f3ria dessa trag\u00e9dia serve como um lembrete sombrio de que, mesmo nos lugares mais belos, podem existir hist\u00f3rias de profunda dor e sofrimento.<\/p>\n","protected":false},"excerpt":{"rendered":"<p>Minas Gerais, terra de encantos, n\u00e3o \u00e9 apenas o solo das montanhas e do c\u00e9u bordado de horizontes. \u00c9 o cora\u00e7\u00e3o que pulsa hist\u00f3rias al\u00e9m das belezas que o olhar captura, um lugar onde as paisagens guardam segredos e as tradi\u00e7\u00f5es carregam mem\u00f3rias. Barbacena, chamada com ternura de \u201ccapital das flores\u201d, exibe em suas planta\u00e7\u00f5es [&hellip;]<\/p>\n","protected":false},"author":3,"featured_media":211,"comment_status":"open","ping_status":"open","sticky":false,"template":"","format":"standard","meta":{"footnotes":""},"categories":[1],"tags":[],"class_list":["post-210","post","type-post","status-publish","format-standard","has-post-thumbnail","hentry","category-blog"],"_links":{"self":[{"href":"https:\/\/mblmg.org\/escribas\/wp-json\/wp\/v2\/posts\/210","targetHints":{"allow":["GET"]}}],"collection":[{"href":"https:\/\/mblmg.org\/escribas\/wp-json\/wp\/v2\/posts"}],"about":[{"href":"https:\/\/mblmg.org\/escribas\/wp-json\/wp\/v2\/types\/post"}],"author":[{"embeddable":true,"href":"https:\/\/mblmg.org\/escribas\/wp-json\/wp\/v2\/users\/3"}],"replies":[{"embeddable":true,"href":"https:\/\/mblmg.org\/escribas\/wp-json\/wp\/v2\/comments?post=210"}],"version-history":[{"count":1,"href":"https:\/\/mblmg.org\/escribas\/wp-json\/wp\/v2\/posts\/210\/revisions"}],"predecessor-version":[{"id":214,"href":"https:\/\/mblmg.org\/escribas\/wp-json\/wp\/v2\/posts\/210\/revisions\/214"}],"wp:featuredmedia":[{"embeddable":true,"href":"https:\/\/mblmg.org\/escribas\/wp-json\/wp\/v2\/media\/211"}],"wp:attachment":[{"href":"https:\/\/mblmg.org\/escribas\/wp-json\/wp\/v2\/media?parent=210"}],"wp:term":[{"taxonomy":"category","embeddable":true,"href":"https:\/\/mblmg.org\/escribas\/wp-json\/wp\/v2\/categories?post=210"},{"taxonomy":"post_tag","embeddable":true,"href":"https:\/\/mblmg.org\/escribas\/wp-json\/wp\/v2\/tags?post=210"}],"curies":[{"name":"wp","href":"https:\/\/api.w.org\/{rel}","templated":true}]}}