{"id":232,"date":"2025-08-14T12:00:00","date_gmt":"2025-08-14T12:00:00","guid":{"rendered":"https:\/\/mblmg.org\/escribas\/?p=232"},"modified":"2026-04-14T22:30:24","modified_gmt":"2026-04-14T22:30:24","slug":"o-conflito-geracional-brasileiro","status":"publish","type":"post","link":"https:\/\/mblmg.org\/escribas\/o-conflito-geracional-brasileiro\/","title":{"rendered":"O Conflito Geracional\u00a0Brasileiro"},"content":{"rendered":"\n<p>Durante a hist\u00f3ria, as civiliza\u00e7\u00f5es humanas sempre tenderam a valorizar o papel dos mais velhos. Estes eram respons\u00e1veis por repassar as tradi\u00e7\u00f5es, sobretudo em sociedades de tradi\u00e7\u00e3o oral, como no caso dos povos ind\u00edgenas Baniwa, Kaiov\u00e1 e Xavante. Al\u00e9m disso, n\u00e3o faltam exemplos de conselhos de anci\u00e3os ao longo da hist\u00f3ria, tais como a Ger\u00fasia espartana ou o Senado romano. Mesmo quando n\u00e3o havia, explicitamente, um papel de lideran\u00e7a reservado ao mais velho, sempre existiu no imagin\u00e1rio a figura do patriarca, que, com sua sabedoria acumulada ao longo dos anos, guiaria o mais jovem \u2014 cheio de energia, por\u00e9m inexperiente.<\/p>\n\n\n\n<p>No entanto, com o advento da internet, o mundo se transformou completamente. Esses mesmos anci\u00e3os j\u00e1 n\u00e3o ocupam a posi\u00e7\u00e3o de guias, pois se tornaram eles pr\u00f3prios os mais perdidos. Enquanto os mais jovens se mostravam prontos para desbravar aquele novo universo de inova\u00e7\u00f5es tecnol\u00f3gicas, os mais velhos enfrentavam, a cada dia, um novo desafio diante da progressiva digitaliza\u00e7\u00e3o do mundo anal\u00f3gico ao qual estavam t\u00e3o acostumados.<\/p>\n\n\n\n<figure class=\"wp-block-image size-large\"><img loading=\"lazy\" decoding=\"async\" width=\"1024\" height=\"1024\" src=\"https:\/\/mblmg.org\/escribas\/wp-content\/uploads\/2026\/04\/image-9-1024x1024.png\" alt=\"\" class=\"wp-image-234\" srcset=\"https:\/\/mblmg.org\/escribas\/wp-content\/uploads\/2026\/04\/image-9-1024x1024.png 1024w, https:\/\/mblmg.org\/escribas\/wp-content\/uploads\/2026\/04\/image-9-300x300.png 300w, https:\/\/mblmg.org\/escribas\/wp-content\/uploads\/2026\/04\/image-9-150x150.png 150w, https:\/\/mblmg.org\/escribas\/wp-content\/uploads\/2026\/04\/image-9-768x768.png 768w, https:\/\/mblmg.org\/escribas\/wp-content\/uploads\/2026\/04\/image-9-1536x1536.png 1536w, https:\/\/mblmg.org\/escribas\/wp-content\/uploads\/2026\/04\/image-9.png 2048w\" sizes=\"auto, (max-width: 1024px) 100vw, 1024px\" \/><\/figure>\n\n\n\n<p>Com isso, toda uma gera\u00e7\u00e3o se v\u00ea perdida em seu pr\u00f3prio tempo. N\u00e3o se trata apenas da dificuldade de lidar com um aparelho celular, mas tamb\u00e9m de possuir uma imagina\u00e7\u00e3o que n\u00e3o acompanha as ideias em vigor no esp\u00edrito do tempo atual. Em um mundo onde a informa\u00e7\u00e3o transborda pelas redes, em constante metamorfose, o boomer brasileiro se divide entre os ideais de uma esquerda trabalhista com elementos varguistas, na figura de Lula, e uma direita saudosista da ditadura militar, na figura de Jair Bolsonaro \u2014 um imagin\u00e1rio com ideias remanescentes de um mundo pr\u00e9-Muro de Berlim.<\/p>\n\n\n\n<p>A gera\u00e7\u00e3o millennial n\u00e3o se v\u00ea em situa\u00e7\u00e3o muito mais favor\u00e1vel. Marcada por crises econ\u00f4micas no que deveria ser seu melhor momento, viveu a transi\u00e7\u00e3o para o mundo tecnol\u00f3gico e n\u00e3o necessariamente se adaptou t\u00e3o bem a essa nova realidade. Al\u00e9m disso, teve seu espa\u00e7o tomado pelos boomers, que, com o aumento da expectativa de vida, prolongaram sua perman\u00eancia nas posi\u00e7\u00f5es de protagonismo, dificultando a ascens\u00e3o dos millennials.<\/p>\n\n\n\n<p>Com um diagn\u00f3stico r\u00e1pido, torna-se f\u00e1cil inferir que nada de muito revolucion\u00e1rio vir\u00e1 de uma gera\u00e7\u00e3o boomer obsoleta, tampouco de uma gera\u00e7\u00e3o millennial ofuscada. A esperan\u00e7a recai sobre a profundamente hedonista, woke, viciada em dopamina, doente, por\u00e9m pujante e cheia de novas ideias \u2014 a t\u00e3o criticada gera\u00e7\u00e3o Z.<\/p>\n\n\n\n<figure class=\"wp-block-image size-large\"><img loading=\"lazy\" decoding=\"async\" width=\"1024\" height=\"575\" src=\"https:\/\/mblmg.org\/escribas\/wp-content\/uploads\/2026\/04\/image-10-1024x575.png\" alt=\"\" class=\"wp-image-235\" srcset=\"https:\/\/mblmg.org\/escribas\/wp-content\/uploads\/2026\/04\/image-10-1024x575.png 1024w, https:\/\/mblmg.org\/escribas\/wp-content\/uploads\/2026\/04\/image-10-300x169.png 300w, https:\/\/mblmg.org\/escribas\/wp-content\/uploads\/2026\/04\/image-10-768x431.png 768w, https:\/\/mblmg.org\/escribas\/wp-content\/uploads\/2026\/04\/image-10.png 1200w\" sizes=\"auto, (max-width: 1024px) 100vw, 1024px\" \/><\/figure>\n\n\n\n<p>Desenha-se, assim, um claro arco heroico: a mesma gera\u00e7\u00e3o de que tanto se fala negativamente, seja nas rodas de conversa ou nas redes sociais, \u00e9 tamb\u00e9m a mais adaptada e a que se encontra em situa\u00e7\u00e3o mais favor\u00e1vel para promover uma reviravolta no complicado cl\u00edmax que o Brasil e o mundo atravessam.<\/p>\n\n\n\n<p>Resta saber se o zoomer cumprir\u00e1 a miss\u00e3o e far\u00e1 jus ao desfecho esperado desta hist\u00f3ria.<\/p>\n","protected":false},"excerpt":{"rendered":"<p>Durante a hist\u00f3ria, as civiliza\u00e7\u00f5es humanas sempre tenderam a valorizar o papel dos mais velhos. Estes eram respons\u00e1veis por repassar as tradi\u00e7\u00f5es, sobretudo em sociedades de tradi\u00e7\u00e3o oral, como no caso dos povos ind\u00edgenas Baniwa, Kaiov\u00e1 e Xavante. Al\u00e9m disso, n\u00e3o faltam exemplos de conselhos de anci\u00e3os ao longo da hist\u00f3ria, tais como a Ger\u00fasia [&hellip;]<\/p>\n","protected":false},"author":3,"featured_media":233,"comment_status":"open","ping_status":"open","sticky":false,"template":"","format":"standard","meta":{"footnotes":""},"categories":[1],"tags":[],"class_list":["post-232","post","type-post","status-publish","format-standard","has-post-thumbnail","hentry","category-blog"],"_links":{"self":[{"href":"https:\/\/mblmg.org\/escribas\/wp-json\/wp\/v2\/posts\/232","targetHints":{"allow":["GET"]}}],"collection":[{"href":"https:\/\/mblmg.org\/escribas\/wp-json\/wp\/v2\/posts"}],"about":[{"href":"https:\/\/mblmg.org\/escribas\/wp-json\/wp\/v2\/types\/post"}],"author":[{"embeddable":true,"href":"https:\/\/mblmg.org\/escribas\/wp-json\/wp\/v2\/users\/3"}],"replies":[{"embeddable":true,"href":"https:\/\/mblmg.org\/escribas\/wp-json\/wp\/v2\/comments?post=232"}],"version-history":[{"count":1,"href":"https:\/\/mblmg.org\/escribas\/wp-json\/wp\/v2\/posts\/232\/revisions"}],"predecessor-version":[{"id":236,"href":"https:\/\/mblmg.org\/escribas\/wp-json\/wp\/v2\/posts\/232\/revisions\/236"}],"wp:featuredmedia":[{"embeddable":true,"href":"https:\/\/mblmg.org\/escribas\/wp-json\/wp\/v2\/media\/233"}],"wp:attachment":[{"href":"https:\/\/mblmg.org\/escribas\/wp-json\/wp\/v2\/media?parent=232"}],"wp:term":[{"taxonomy":"category","embeddable":true,"href":"https:\/\/mblmg.org\/escribas\/wp-json\/wp\/v2\/categories?post=232"},{"taxonomy":"post_tag","embeddable":true,"href":"https:\/\/mblmg.org\/escribas\/wp-json\/wp\/v2\/tags?post=232"}],"curies":[{"name":"wp","href":"https:\/\/api.w.org\/{rel}","templated":true}]}}