{"id":237,"date":"2025-08-12T22:30:00","date_gmt":"2025-08-12T22:30:00","guid":{"rendered":"https:\/\/mblmg.org\/escribas\/?p=237"},"modified":"2026-04-14T22:31:34","modified_gmt":"2026-04-14T22:31:34","slug":"capitulo-8-carta-da-lembranca","status":"publish","type":"post","link":"https:\/\/mblmg.org\/escribas\/capitulo-8-carta-da-lembranca\/","title":{"rendered":"Cap\u00edtulo 8 \u2014 Carta da lembran\u00e7a"},"content":{"rendered":"\n<p>Era ele.<\/p>\n\n\n\n<p>Pero Vaz de Caminha.<\/p>\n\n\n\n<p>O primeiro a escrever-me. N\u00e3o como um manual, mas como quem descreve um amor novo.<\/p>\n\n\n\n<p>Encontramo-nos numa varanda da eternidade, onde o tempo n\u00e3o passa, apenas repousa.<\/p>\n\n\n\n<p>\u2014 \u201cBrasil\u201d, disse ele, com os olhos marejados de lembran\u00e7a.<\/p>\n\n\n\n<p>\u2014 \u201cN\u00e3o sei se te batizei ou apenas te admirei, mas sei: foste o mais belo susto da minha vida.\u201d<\/p>\n\n\n\n<p>E ent\u00e3o, contou-me uma mem\u00f3ria de sua carta.<\/p>\n\n\n\n<p>\u2014 \u201cEra P\u00e1scoa. O mar estava manso, o c\u00e9u limpo, e a mata\u2026 ah, a mata respirava como quem<\/p>\n\n\n\n<p>acabara de acordar. Montamos um altar sob as estrelas, e o frei falava em latim, palavra por<\/p>\n\n\n\n<p>palavra, como se o pr\u00f3prio c\u00e9u precisasse ser convencido da Ressurrei\u00e7\u00e3o.\u201d<\/p>\n\n\n\n<p>Fez-se um breve sil\u00eancio. Caminha prosseguiu:<\/p>\n\n\n\n<figure class=\"wp-block-image size-full\"><img loading=\"lazy\" decoding=\"async\" width=\"1024\" height=\"1024\" src=\"https:\/\/mblmg.org\/escribas\/wp-content\/uploads\/2026\/04\/d8d6d6c9-8b98-4326-8e01-4ad10b53b56c.png\" alt=\"\" class=\"wp-image-238\" srcset=\"https:\/\/mblmg.org\/escribas\/wp-content\/uploads\/2026\/04\/d8d6d6c9-8b98-4326-8e01-4ad10b53b56c.png 1024w, https:\/\/mblmg.org\/escribas\/wp-content\/uploads\/2026\/04\/d8d6d6c9-8b98-4326-8e01-4ad10b53b56c-300x300.png 300w, https:\/\/mblmg.org\/escribas\/wp-content\/uploads\/2026\/04\/d8d6d6c9-8b98-4326-8e01-4ad10b53b56c-150x150.png 150w, https:\/\/mblmg.org\/escribas\/wp-content\/uploads\/2026\/04\/d8d6d6c9-8b98-4326-8e01-4ad10b53b56c-768x768.png 768w\" sizes=\"auto, (max-width: 1024px) 100vw, 1024px\" \/><\/figure>\n\n\n\n<p>\u2014 \u201cNo meio dos nativos, um rapaz. Jovem, de olhar fundo. Aproximou-se devagar, sem temor.<\/p>\n\n\n\n<p>Seus p\u00e9s pisavam o ch\u00e3o como se cada folha fosse sagrada. Observou o crucifixo por longos<\/p>\n\n\n\n<p>minutos. N\u00e3o disse nada. Apenas apontou para o c\u00e9u. E, com aquele gesto simples, falou mais<\/p>\n\n\n\n<p>do que todos n\u00f3s juntos.\u201d<\/p>\n\n\n\n<p>Caminha sorriu, nost\u00e1lgico:<\/p>\n\n\n\n<p>\u2014 \u201cAquele \u00edndio entendeu. N\u00e3o com catecismo, mas com alma. N\u00e3o com liturgia, mas com<\/p>\n\n\n\n<p>pureza. Ele explicava aos outros, com as m\u00e3os, que aquele homem na cruz apontava para algo<\/p>\n\n\n\n<p>maior. Era como se dissesse: \u2018h\u00e1 algo al\u00e9m do que vemos\u2019.\u201d<\/p>\n\n\n\n<p>Eu, defunto, apenas escutava. Caminha continuava:<\/p>\n\n\n\n<p>\u2014 \u201cNunca vi tamanha f\u00e9 num olhar. E n\u00e3o era f\u00e9 imposta, nem decorada. Era f\u00e9 como nascente<\/p>\n\n\n\n<p>\u2014 brotava. Ali, meu caro Brasil, percebi que o encontro entre mundos n\u00e3o precisa ser guerra. \u00c0s<\/p>\n\n\n\n<p>vezes \u00e9 espanto, \u00e9 espelho, \u00e9 ponte.\u201d<\/p>\n\n\n\n<p>Ficamos um tempo em sil\u00eancio. O tipo de sil\u00eancio que s\u00f3 existe entre aqueles que se entendem<\/p>\n\n\n\n<p>pela mem\u00f3ria.<\/p>\n\n\n\n<p>Caminha ent\u00e3o suspirou:<\/p>\n\n\n\n<p>\u2014 \u201cFui embora, \u00e9 verdade. Mas nunca te esqueci. Havia algo em ti\u2026 um cheiro de eternidade,<\/p>\n\n\n\n<p>uma brisa que sussurrava promessas. Te escrevi como quem escreve um poema, e n\u00e3o uma ata.<\/p>\n\n\n\n<p>E se hoje me perguntas o que ficou, eu te respondo sem d\u00favida: ficou aquele gesto. Aquele<\/p>\n\n\n\n<p>dedo apontando o c\u00e9u. Como um aviso. Como um press\u00e1gio. Como um amor \u00e0 primeira f\u00e9.\u201d<\/p>\n\n\n\n<p>E eu, j\u00e1 cad\u00e1ver cr\u00f4nico, senti-me pela primeira vez\u2026 nascido.<\/p>\n\n\n\n<p>Naquele instante, n\u00e3o era ainda na\u00e7\u00e3o. Nem rep\u00fablica. Nem bagun\u00e7a.<\/p>\n\n\n\n<p>Era s\u00f3 encantamento.<\/p>\n\n\n\n<p>Era s\u00f3 Brasil, ou melhor, Terra de Vera Cruz.<\/p>\n\n\n\n<p><\/p>\n","protected":false},"excerpt":{"rendered":"<p>Era ele. Pero Vaz de Caminha. O primeiro a escrever-me. N\u00e3o como um manual, mas como quem descreve um amor novo. Encontramo-nos numa varanda da eternidade, onde o tempo n\u00e3o passa, apenas repousa. \u2014 \u201cBrasil\u201d, disse ele, com os olhos marejados de lembran\u00e7a. \u2014 \u201cN\u00e3o sei se te batizei ou apenas te admirei, mas sei: [&hellip;]<\/p>\n","protected":false},"author":3,"featured_media":238,"comment_status":"open","ping_status":"open","sticky":false,"template":"","format":"standard","meta":{"footnotes":""},"categories":[1],"tags":[],"class_list":["post-237","post","type-post","status-publish","format-standard","has-post-thumbnail","hentry","category-blog"],"_links":{"self":[{"href":"https:\/\/mblmg.org\/escribas\/wp-json\/wp\/v2\/posts\/237","targetHints":{"allow":["GET"]}}],"collection":[{"href":"https:\/\/mblmg.org\/escribas\/wp-json\/wp\/v2\/posts"}],"about":[{"href":"https:\/\/mblmg.org\/escribas\/wp-json\/wp\/v2\/types\/post"}],"author":[{"embeddable":true,"href":"https:\/\/mblmg.org\/escribas\/wp-json\/wp\/v2\/users\/3"}],"replies":[{"embeddable":true,"href":"https:\/\/mblmg.org\/escribas\/wp-json\/wp\/v2\/comments?post=237"}],"version-history":[{"count":1,"href":"https:\/\/mblmg.org\/escribas\/wp-json\/wp\/v2\/posts\/237\/revisions"}],"predecessor-version":[{"id":239,"href":"https:\/\/mblmg.org\/escribas\/wp-json\/wp\/v2\/posts\/237\/revisions\/239"}],"wp:featuredmedia":[{"embeddable":true,"href":"https:\/\/mblmg.org\/escribas\/wp-json\/wp\/v2\/media\/238"}],"wp:attachment":[{"href":"https:\/\/mblmg.org\/escribas\/wp-json\/wp\/v2\/media?parent=237"}],"wp:term":[{"taxonomy":"category","embeddable":true,"href":"https:\/\/mblmg.org\/escribas\/wp-json\/wp\/v2\/categories?post=237"},{"taxonomy":"post_tag","embeddable":true,"href":"https:\/\/mblmg.org\/escribas\/wp-json\/wp\/v2\/tags?post=237"}],"curies":[{"name":"wp","href":"https:\/\/api.w.org\/{rel}","templated":true}]}}