{"id":240,"date":"2025-08-08T12:00:00","date_gmt":"2025-08-08T12:00:00","guid":{"rendered":"https:\/\/mblmg.org\/escribas\/?p=240"},"modified":"2026-04-14T22:33:23","modified_gmt":"2026-04-14T22:33:23","slug":"quando-o-anao-diplomatico-mostra-que-nao-cresceu","status":"publish","type":"post","link":"https:\/\/mblmg.org\/escribas\/quando-o-anao-diplomatico-mostra-que-nao-cresceu\/","title":{"rendered":"Quando o \u201cAn\u00e3o Diplom\u00e1tico\u201d Mostra Que N\u00e3o\u00a0Cresceu"},"content":{"rendered":"\n<p>Em 2014, o ent\u00e3o porta-voz do governo de Israel classificou o Brasil como um \u201can\u00e3o diplom\u00e1tico\u201d ap\u00f3s o pa\u00eds criticar a\u00e7\u00f5es israelenses em Gaza. \u00c0 \u00e9poca, a declara\u00e7\u00e3o gerou uma onda de indigna\u00e7\u00e3o nacional. Hoje, ap\u00f3s mais de uma d\u00e9cada, o mais recente posicionamento do Brasil diante do conflito entre Israel e o grupo terrorista Hamas infelizmente d\u00e1 raz\u00e3o, ainda que involuntariamente, \u00e0quela declara\u00e7\u00e3o.<\/p>\n\n\n\n<figure class=\"wp-block-image size-full\"><img loading=\"lazy\" decoding=\"async\" width=\"888\" height=\"592\" src=\"https:\/\/mblmg.org\/escribas\/wp-content\/uploads\/2026\/04\/image-1.png\" alt=\"\" class=\"wp-image-241\" srcset=\"https:\/\/mblmg.org\/escribas\/wp-content\/uploads\/2026\/04\/image-1.png 888w, https:\/\/mblmg.org\/escribas\/wp-content\/uploads\/2026\/04\/image-1-300x200.png 300w, https:\/\/mblmg.org\/escribas\/wp-content\/uploads\/2026\/04\/image-1-768x512.png 768w, https:\/\/mblmg.org\/escribas\/wp-content\/uploads\/2026\/04\/image-1-600x400.png 600w\" sizes=\"auto, (max-width: 888px) 100vw, 888px\" \/><\/figure>\n\n\n\n<p>Diante de mais uma s\u00e9rie de ataques b\u00e1rbaros do Hamas, com sequestros, assassinatos de civis e uso de escudos humanos, o governo brasileiro decidiu adotar a j\u00e1 tradicional \u201cneutralidade militante\u201d: aquela em que se condena genericamente \u201ctodos os lados\u201d e evita cuidadosamente chamar terroristas de terroristas. Pior ainda, em certos momentos, o discurso oficial chega a sugerir que o verdadeiro problema seria a \u201cresposta desproporcional\u201d de Israel, ignorando o contexto e os crimes de guerra cometidos por um grupo fundamentalista.<\/p>\n\n\n\n<p>Ao assumir uma cadeira rotativa no Conselho de Seguran\u00e7a da ONU, o Brasil teve a chance de demonstrar maturidade diplom\u00e1tica e lideran\u00e7a internacional. Em vez disso, preferiu discursos mornos, propostas simb\u00f3licas e um sil\u00eancio gritante sobre os atos do Hamas. Mais uma vez, perdeu-se a chance de estar do lado certo da hist\u00f3ria.<\/p>\n\n\n\n<figure class=\"wp-block-image size-full\"><img loading=\"lazy\" decoding=\"async\" width=\"1024\" height=\"680\" src=\"https:\/\/mblmg.org\/escribas\/wp-content\/uploads\/2025\/08\/image-3.webp\" alt=\"\" class=\"wp-image-243\" srcset=\"https:\/\/mblmg.org\/escribas\/wp-content\/uploads\/2025\/08\/image-3.webp 1024w, https:\/\/mblmg.org\/escribas\/wp-content\/uploads\/2025\/08\/image-3-300x199.webp 300w, https:\/\/mblmg.org\/escribas\/wp-content\/uploads\/2025\/08\/image-3-768x510.webp 768w\" sizes=\"auto, (max-width: 1024px) 100vw, 1024px\" \/><\/figure>\n\n\n\n<p>O governo brasileiro, liderado por um presidente que j\u00e1 demonstrou simpatia por ditaduras e repulsa a democracias liberais, parece mais interessado em preservar alian\u00e7as ideol\u00f3gicas com regimes autorit\u00e1rios do que em defender princ\u00edpios b\u00e1sicos como a liberdade, a seguran\u00e7a dos civis e o combate ao terrorismo. A pol\u00edtica externa virou extens\u00e3o da pol\u00edtica partid\u00e1ria, regida por um antiamericanismo retr\u00f4 e por uma vis\u00e3o manique\u00edsta de mundo onde Israel \u00e9 sempre o vil\u00e3o e qualquer inimigo do Ocidente merece simpatia.<\/p>\n\n\n\n<figure class=\"wp-block-image size-full\"><img loading=\"lazy\" decoding=\"async\" width=\"526\" height=\"701\" src=\"https:\/\/mblmg.org\/escribas\/wp-content\/uploads\/2025\/08\/image-2.png\" alt=\"\" class=\"wp-image-244\" srcset=\"https:\/\/mblmg.org\/escribas\/wp-content\/uploads\/2025\/08\/image-2.png 526w, https:\/\/mblmg.org\/escribas\/wp-content\/uploads\/2025\/08\/image-2-225x300.png 225w\" sizes=\"auto, (max-width: 526px) 100vw, 526px\" \/><\/figure>\n\n\n\n<p>O resultado \u00e9 tr\u00e1gico: um Brasil irrelevante, incoerente e, mais uma vez, infantilizado no cen\u00e1rio global. Parece que o \u201can\u00e3o diplom\u00e1tico\u201d de 2014 n\u00e3o apenas n\u00e3o cresceu, como fez quest\u00e3o de se curvar diante de regimes que pisam nos direitos que fingimos defender.<\/p>\n\n\n\n<p>Enquanto pa\u00edses s\u00e9rios assumem posi\u00e7\u00f5es firmes em defesa da civiliza\u00e7\u00e3o contra o terrorismo, o Brasil opta por ficar em cima do muro, ou pior, pelo lado errado dele. E, mesmo assim, ainda quer ser levados a s\u00e9rio como lideran\u00e7a internacional?\u00a0<\/p>\n","protected":false},"excerpt":{"rendered":"<p>Em 2014, o ent\u00e3o porta-voz do governo de Israel classificou o Brasil como um \u201can\u00e3o diplom\u00e1tico\u201d ap\u00f3s o pa\u00eds criticar a\u00e7\u00f5es israelenses em Gaza. \u00c0 \u00e9poca, a declara\u00e7\u00e3o gerou uma onda de indigna\u00e7\u00e3o nacional. Hoje, ap\u00f3s mais de uma d\u00e9cada, o mais recente posicionamento do Brasil diante do conflito entre Israel e o grupo terrorista [&hellip;]<\/p>\n","protected":false},"author":3,"featured_media":241,"comment_status":"open","ping_status":"open","sticky":false,"template":"","format":"standard","meta":{"footnotes":""},"categories":[1],"tags":[],"class_list":["post-240","post","type-post","status-publish","format-standard","has-post-thumbnail","hentry","category-blog"],"_links":{"self":[{"href":"https:\/\/mblmg.org\/escribas\/wp-json\/wp\/v2\/posts\/240","targetHints":{"allow":["GET"]}}],"collection":[{"href":"https:\/\/mblmg.org\/escribas\/wp-json\/wp\/v2\/posts"}],"about":[{"href":"https:\/\/mblmg.org\/escribas\/wp-json\/wp\/v2\/types\/post"}],"author":[{"embeddable":true,"href":"https:\/\/mblmg.org\/escribas\/wp-json\/wp\/v2\/users\/3"}],"replies":[{"embeddable":true,"href":"https:\/\/mblmg.org\/escribas\/wp-json\/wp\/v2\/comments?post=240"}],"version-history":[{"count":2,"href":"https:\/\/mblmg.org\/escribas\/wp-json\/wp\/v2\/posts\/240\/revisions"}],"predecessor-version":[{"id":245,"href":"https:\/\/mblmg.org\/escribas\/wp-json\/wp\/v2\/posts\/240\/revisions\/245"}],"wp:featuredmedia":[{"embeddable":true,"href":"https:\/\/mblmg.org\/escribas\/wp-json\/wp\/v2\/media\/241"}],"wp:attachment":[{"href":"https:\/\/mblmg.org\/escribas\/wp-json\/wp\/v2\/media?parent=240"}],"wp:term":[{"taxonomy":"category","embeddable":true,"href":"https:\/\/mblmg.org\/escribas\/wp-json\/wp\/v2\/categories?post=240"},{"taxonomy":"post_tag","embeddable":true,"href":"https:\/\/mblmg.org\/escribas\/wp-json\/wp\/v2\/tags?post=240"}],"curies":[{"name":"wp","href":"https:\/\/api.w.org\/{rel}","templated":true}]}}