{"id":250,"date":"2025-08-05T22:35:00","date_gmt":"2025-08-05T22:35:00","guid":{"rendered":"https:\/\/mblmg.org\/escribas\/?p=250"},"modified":"2026-04-14T22:36:43","modified_gmt":"2026-04-14T22:36:43","slug":"memorias-postumas-de-bras-capitulo-7","status":"publish","type":"post","link":"https:\/\/mblmg.org\/escribas\/memorias-postumas-de-bras-capitulo-7\/","title":{"rendered":"Mem\u00f3rias\u00a0P\u00f3stumas\u00a0de\u00a0Bras \u2013 Cap\u00edtulo\u00a07"},"content":{"rendered":"\n<p>Veio ele.<\/p>\n\n\n\n<p>Ali\u00e1s,&nbsp;<strong>ele sempre esteve ali<\/strong>, \u00e0 margem da p\u00e1gina, ao p\u00e9 da pra\u00e7a, atr\u00e1s da janela suja onde se escondem as vozes.<\/p>\n\n\n\n<p>Mas, tolo que sou, s\u00f3 o percebi tarde demais.<\/p>\n\n\n\n<p>Era belo, o Povo.<\/p>\n\n\n\n<figure class=\"wp-block-image size-full\"><img loading=\"lazy\" decoding=\"async\" width=\"1024\" height=\"768\" src=\"https:\/\/mblmg.org\/escribas\/wp-content\/uploads\/2026\/04\/downtown-area-in-a-big-brazilian-city-with-crowded-street-1.png\" alt=\"\" class=\"wp-image-251\" srcset=\"https:\/\/mblmg.org\/escribas\/wp-content\/uploads\/2026\/04\/downtown-area-in-a-big-brazilian-city-with-crowded-street-1.png 1024w, https:\/\/mblmg.org\/escribas\/wp-content\/uploads\/2026\/04\/downtown-area-in-a-big-brazilian-city-with-crowded-street-1-300x225.png 300w, https:\/\/mblmg.org\/escribas\/wp-content\/uploads\/2026\/04\/downtown-area-in-a-big-brazilian-city-with-crowded-street-1-768x576.png 768w\" sizes=\"auto, (max-width: 1024px) 100vw, 1024px\" \/><\/figure>\n\n\n\n<p>N\u00e3o aquela beleza cl\u00e1ssica de busto romano e toga branca, mas uma beleza morena, suada, feita de feira, de barro, de \u00f4nibus lotado e sonho resiliente.<\/p>\n\n\n\n<p>Tinha cheiro de cebola frita e som de samba triste.<\/p>\n\n\n\n<p>Era um mosaico ruidoso, um retalho de tudo o que me tornava poss\u00edvel.<\/p>\n\n\n\n<p>Eu o via de longe, como quem olha o quadro e n\u00e3o o pintor.<\/p>\n\n\n\n<p>Sabia que existia, claro \u2014 seria imposs\u00edvel governar sem essa presen\u00e7a inc\u00f4moda chamada povo.<\/p>\n\n\n\n<p>Mas amar?<\/p>\n\n\n\n<p>Ah, amar requer intimidade. E disso, confesso, eu fugi.<\/p>\n\n\n\n<p>Ele, no entanto, me amava.<\/p>\n\n\n\n<p>\u00c0 sua maneira, entre o jogo do domingo e o revezamento da marmita. Cantava meu nome.<\/p>\n\n\n\n<p>Fazia feriado no meu anivers\u00e1rio e pagava, resignado, cada imposto vencido, mesmo que o asfalto terminasse dois quarteir\u00f5es antes da sua casa.<\/p>\n\n\n\n<p>E eu?<\/p>\n\n\n\n<p>Ora\u2026<\/p>\n\n\n\n<figure class=\"wp-block-image size-full\"><img loading=\"lazy\" decoding=\"async\" width=\"1024\" height=\"768\" src=\"https:\/\/mblmg.org\/escribas\/wp-content\/uploads\/2026\/04\/make-image-of-brazilian-president-in-davos-shaking-hands-with-1.png\" alt=\"\" class=\"wp-image-252\" srcset=\"https:\/\/mblmg.org\/escribas\/wp-content\/uploads\/2026\/04\/make-image-of-brazilian-president-in-davos-shaking-hands-with-1.png 1024w, https:\/\/mblmg.org\/escribas\/wp-content\/uploads\/2026\/04\/make-image-of-brazilian-president-in-davos-shaking-hands-with-1-300x225.png 300w, https:\/\/mblmg.org\/escribas\/wp-content\/uploads\/2026\/04\/make-image-of-brazilian-president-in-davos-shaking-hands-with-1-768x576.png 768w\" sizes=\"auto, (max-width: 1024px) 100vw, 1024px\" \/><\/figure>\n\n\n\n<p>Eu o trocava por acordos em Bras\u00edlia, por festas no Itamaraty, por sorrisos em Davos.<\/p>\n\n\n\n<p>\u2014&nbsp;\u201c<em>Depois a gente se acerta<\/em>\u201d, eu dizia, ajeitando a gravata. Ele acreditava.<\/p>\n\n\n\n<p>O Povo sempre acredita.<\/p>\n\n\n\n<p>Tem essa ingenuidade suicida de quem ainda cr\u00ea no pa\u00eds, mesmo sem nunca t\u00ea-lo visto de perto.<\/p>\n\n\n\n<p>\u00c0s vezes ele gritava, nas ruas, nas greves, nos sambas.<\/p>\n\n\n\n<p>Mas meu ouvido, domesticado pelo conforto, \ufb01ngia-se de surdo.<\/p>\n\n\n\n<p>Quando ele batia \u00e0 porta com cartazes e olhos vermelhos, eu me escondia atr\u00e1s da ordem p\u00fablica.<\/p>\n\n\n\n<p>Mandava policiais, tanques, estat\u00edsticas. E um discurso.<\/p>\n\n\n\n<p>Amava-o, sim.<\/p>\n\n\n\n<p>Com aquele amor frouxo e covarde dos homens que s\u00f3 sabem sentir depois da perda. Hoje, defunto, percebo:<\/p>\n\n\n\n<p>foi o \u00fanico que realmente me amou, e me chorou.<\/p>\n\n\n\n<p>Amou-me sem jamais me possuir.<\/p>\n\n\n\n<p>Amou um retrato falado, uma esperan\u00e7a adiada, uma ideia de pa\u00eds que nunca lhe pertenceu de<\/p>\n\n\n\n<p>fato.<\/p>\n\n\n\n<p>Amou-me com aquele afeto \u00f3rf\u00e3o, que s\u00f3 os tra\u00eddos conhecem.<\/p>\n\n\n\n<p>E talvez, l\u00e1 no al\u00e9m,<\/p>\n\n\n\n<p>se houver justi\u00e7a entre os mortos,<\/p>\n\n\n\n<p>ele receba, en\ufb01m, um Brasil digno do amor que me deu. E eu, do fundo do meu caix\u00e3o constitucional,<\/p>\n\n\n\n<p>possa sussurrar:<\/p>\n\n\n\n<p>\u2013&nbsp;<em>Perd\u00e3o, meu povo.<\/em><\/p>\n\n\n\n<p><em>Eu era teu.<\/em><\/p>\n\n\n\n<p><em>Mas me vendi barato.<\/em><\/p>\n","protected":false},"excerpt":{"rendered":"<p>Veio ele. Ali\u00e1s,&nbsp;ele sempre esteve ali, \u00e0 margem da p\u00e1gina, ao p\u00e9 da pra\u00e7a, atr\u00e1s da janela suja onde se escondem as vozes. Mas, tolo que sou, s\u00f3 o percebi tarde demais. Era belo, o Povo. N\u00e3o aquela beleza cl\u00e1ssica de busto romano e toga branca, mas uma beleza morena, suada, feita de feira, de [&hellip;]<\/p>\n","protected":false},"author":3,"featured_media":253,"comment_status":"open","ping_status":"open","sticky":false,"template":"","format":"standard","meta":{"footnotes":""},"categories":[1],"tags":[],"class_list":["post-250","post","type-post","status-publish","format-standard","has-post-thumbnail","hentry","category-blog"],"_links":{"self":[{"href":"https:\/\/mblmg.org\/escribas\/wp-json\/wp\/v2\/posts\/250","targetHints":{"allow":["GET"]}}],"collection":[{"href":"https:\/\/mblmg.org\/escribas\/wp-json\/wp\/v2\/posts"}],"about":[{"href":"https:\/\/mblmg.org\/escribas\/wp-json\/wp\/v2\/types\/post"}],"author":[{"embeddable":true,"href":"https:\/\/mblmg.org\/escribas\/wp-json\/wp\/v2\/users\/3"}],"replies":[{"embeddable":true,"href":"https:\/\/mblmg.org\/escribas\/wp-json\/wp\/v2\/comments?post=250"}],"version-history":[{"count":1,"href":"https:\/\/mblmg.org\/escribas\/wp-json\/wp\/v2\/posts\/250\/revisions"}],"predecessor-version":[{"id":254,"href":"https:\/\/mblmg.org\/escribas\/wp-json\/wp\/v2\/posts\/250\/revisions\/254"}],"wp:featuredmedia":[{"embeddable":true,"href":"https:\/\/mblmg.org\/escribas\/wp-json\/wp\/v2\/media\/253"}],"wp:attachment":[{"href":"https:\/\/mblmg.org\/escribas\/wp-json\/wp\/v2\/media?parent=250"}],"wp:term":[{"taxonomy":"category","embeddable":true,"href":"https:\/\/mblmg.org\/escribas\/wp-json\/wp\/v2\/categories?post=250"},{"taxonomy":"post_tag","embeddable":true,"href":"https:\/\/mblmg.org\/escribas\/wp-json\/wp\/v2\/tags?post=250"}],"curies":[{"name":"wp","href":"https:\/\/api.w.org\/{rel}","templated":true}]}}