{"id":268,"date":"2025-07-22T22:44:00","date_gmt":"2025-07-22T22:44:00","guid":{"rendered":"https:\/\/mblmg.org\/escribas\/?p=268"},"modified":"2026-04-14T22:46:51","modified_gmt":"2026-04-14T22:46:51","slug":"memorias-postumas-de-bras-capitulo-5","status":"publish","type":"post","link":"https:\/\/mblmg.org\/escribas\/memorias-postumas-de-bras-capitulo-5\/","title":{"rendered":"Mem\u00f3rias\u00a0P\u00f3stumas\u00a0de\u00a0Bras \u2013 Cap\u00edtulo\u00a05"},"content":{"rendered":"\n<h2 class=\"wp-block-heading\">Cap\u00edtulo 5 \u2014Tiradentes<\/h2>\n\n\n\n<p>Na antessala dos mortos ilustres, entre um sil\u00eancio solene e o cheiro de rep\u00fablica velha, encontrei Tiradentes.<\/p>\n\n\n\n<figure class=\"wp-block-image size-full\"><img loading=\"lazy\" decoding=\"async\" width=\"1024\" height=\"768\" src=\"https:\/\/mblmg.org\/escribas\/wp-content\/uploads\/2026\/04\/image-15.png\" alt=\"\" class=\"wp-image-269\" srcset=\"https:\/\/mblmg.org\/escribas\/wp-content\/uploads\/2026\/04\/image-15.png 1024w, https:\/\/mblmg.org\/escribas\/wp-content\/uploads\/2026\/04\/image-15-300x225.png 300w, https:\/\/mblmg.org\/escribas\/wp-content\/uploads\/2026\/04\/image-15-768x576.png 768w\" sizes=\"auto, (max-width: 1024px) 100vw, 1024px\" \/><\/figure>\n\n\n\n<p>Estava l\u00e1, inteiro, o que j\u00e1 era milagre, considerando o que \ufb01zeram com ele em vida. Barba longa, olhos fundos, express\u00e3o de m\u00e1rtir em descanso.<\/p>\n\n\n\n<p>\u2014&nbsp;&nbsp;&nbsp;&nbsp;&nbsp;&nbsp;&nbsp;&nbsp;Ora, se n\u00e3o \u00e9 o pr\u00f3prio Brasil \u2014 disse ele, com um ar de quem esperava mais de mim.<\/p>\n\n\n\n<p>\u2014&nbsp;&nbsp;&nbsp;&nbsp;&nbsp;&nbsp;&nbsp;&nbsp;Em frangalhos, mas sim \u2014 respondi, arrumando o colarinho c\u00edvico da mortalha. Ele me olhou como se lesse minha alma\u2026 ou meu or\u00e7amento \ufb01scal.<\/p>\n\n\n\n<p>\u2014&nbsp;&nbsp;&nbsp;&nbsp;&nbsp;&nbsp;&nbsp;&nbsp;Morreste, en\ufb01m?<\/p>\n\n\n\n<p>\u2014&nbsp;&nbsp;&nbsp;&nbsp;&nbsp;&nbsp;&nbsp;&nbsp;De colapso interno. N\u00e3o teve enforcamento, nem esquartejamento. Fui me desfazendo aos poucos\u2026 como Constitui\u00e7\u00e3o mal redigida.<\/p>\n\n\n\n<p>\u2014&nbsp;&nbsp;&nbsp;&nbsp;&nbsp;&nbsp;&nbsp;&nbsp;E a liberdade?<\/p>\n\n\n\n<p>\u2014&nbsp;&nbsp;&nbsp;&nbsp;&nbsp;&nbsp;&nbsp;&nbsp;Liberdade? Ah, sim\u2026 tivemos alguma. Principalmente a de consumir, mentir e esquecer. Tiradentes ergueu uma sobrancelha.<\/p>\n\n\n\n<p>\u2014&nbsp;&nbsp;&nbsp;&nbsp;&nbsp;&nbsp;&nbsp;&nbsp;E a p\u00e1tria?<\/p>\n\n\n\n<p>\u2014&nbsp;&nbsp;&nbsp;&nbsp;&nbsp;&nbsp;&nbsp;&nbsp;Foi rifada. Em suaves presta\u00e7\u00f5es.<\/p>\n\n\n\n<p>\u2014&nbsp;&nbsp;&nbsp;&nbsp;&nbsp;&nbsp;&nbsp;&nbsp;E o povo?<\/p>\n\n\n\n<p>\u2014&nbsp;&nbsp;&nbsp;&nbsp;&nbsp;&nbsp;&nbsp;&nbsp;Virou eleitor compulsivo e consumidor intermitente. Comprava esperan\u00e7a em pacotes mensais. Devolvia quebrada, mas seguia tentando.<\/p>\n\n\n\n<p>\u2014&nbsp;&nbsp;&nbsp;&nbsp;&nbsp;&nbsp;&nbsp;&nbsp;E o Aux\u00edlio?<\/p>\n\n\n\n<p>\u2014&nbsp;&nbsp;&nbsp;&nbsp;&nbsp;&nbsp;&nbsp;&nbsp;Placebo bem embalado. Aliviava a culpa de cima, mantinha a mis\u00e9ria de baixo.<\/p>\n\n\n\n<p>\u2014&nbsp;&nbsp;&nbsp;&nbsp;&nbsp;&nbsp;&nbsp;&nbsp;E chamavam isso de justi\u00e7a social?<\/p>\n\n\n\n<p>\u2014&nbsp;&nbsp;&nbsp;&nbsp;&nbsp;&nbsp;&nbsp;&nbsp;E colocavam no palanque.<\/p>\n\n\n\n<p>Tiradentes caminhou em sil\u00eancio por alguns passos, como quem pisa nos escombros da pr\u00f3pria causa.<\/p>\n\n\n\n<p>\u2014&nbsp;&nbsp;&nbsp;&nbsp;&nbsp;&nbsp;&nbsp;&nbsp;Eu morri por um sonho \u2014 disse ele.<\/p>\n\n\n\n<p>\u2014&nbsp;&nbsp;&nbsp;&nbsp;&nbsp;&nbsp;&nbsp;&nbsp;Eu morri porque insisti em dormir demais \u2014 retruquei.<\/p>\n\n\n\n<p>Ele suspirou. E com a serenidade dos que j\u00e1 n\u00e3o esperam salva\u00e7\u00e3o, apenas murmurou:<\/p>\n\n\n\n<p>\u2014&nbsp;&nbsp;&nbsp;&nbsp;&nbsp;&nbsp;&nbsp;&nbsp;Ao menos, voc\u00ea teve um funeral.<\/p>\n\n\n\n<p>\u2014&nbsp;&nbsp;&nbsp;&nbsp;&nbsp;&nbsp;&nbsp;&nbsp;Pois \u00e9\u2026 com bandeira e tudo. Mas, ironicamente, foi a \u00fanica vez em que fui verdadeiramente unido.<\/p>\n\n\n\n<p>E ali \ufb01camos, dois defuntos ilustres, ele com sua dignidade intacta, eu com meu CPF cancelado.<\/p>\n","protected":false},"excerpt":{"rendered":"<p>Cap\u00edtulo 5 \u2014Tiradentes Na antessala dos mortos ilustres, entre um sil\u00eancio solene e o cheiro de rep\u00fablica velha, encontrei Tiradentes. Estava l\u00e1, inteiro, o que j\u00e1 era milagre, considerando o que \ufb01zeram com ele em vida. Barba longa, olhos fundos, express\u00e3o de m\u00e1rtir em descanso. \u2014&nbsp;&nbsp;&nbsp;&nbsp;&nbsp;&nbsp;&nbsp;&nbsp;Ora, se n\u00e3o \u00e9 o pr\u00f3prio Brasil \u2014 disse ele, [&hellip;]<\/p>\n","protected":false},"author":3,"featured_media":270,"comment_status":"open","ping_status":"open","sticky":false,"template":"","format":"standard","meta":{"footnotes":""},"categories":[1],"tags":[],"class_list":["post-268","post","type-post","status-publish","format-standard","has-post-thumbnail","hentry","category-blog"],"_links":{"self":[{"href":"https:\/\/mblmg.org\/escribas\/wp-json\/wp\/v2\/posts\/268","targetHints":{"allow":["GET"]}}],"collection":[{"href":"https:\/\/mblmg.org\/escribas\/wp-json\/wp\/v2\/posts"}],"about":[{"href":"https:\/\/mblmg.org\/escribas\/wp-json\/wp\/v2\/types\/post"}],"author":[{"embeddable":true,"href":"https:\/\/mblmg.org\/escribas\/wp-json\/wp\/v2\/users\/3"}],"replies":[{"embeddable":true,"href":"https:\/\/mblmg.org\/escribas\/wp-json\/wp\/v2\/comments?post=268"}],"version-history":[{"count":1,"href":"https:\/\/mblmg.org\/escribas\/wp-json\/wp\/v2\/posts\/268\/revisions"}],"predecessor-version":[{"id":271,"href":"https:\/\/mblmg.org\/escribas\/wp-json\/wp\/v2\/posts\/268\/revisions\/271"}],"wp:featuredmedia":[{"embeddable":true,"href":"https:\/\/mblmg.org\/escribas\/wp-json\/wp\/v2\/media\/270"}],"wp:attachment":[{"href":"https:\/\/mblmg.org\/escribas\/wp-json\/wp\/v2\/media?parent=268"}],"wp:term":[{"taxonomy":"category","embeddable":true,"href":"https:\/\/mblmg.org\/escribas\/wp-json\/wp\/v2\/categories?post=268"},{"taxonomy":"post_tag","embeddable":true,"href":"https:\/\/mblmg.org\/escribas\/wp-json\/wp\/v2\/tags?post=268"}],"curies":[{"name":"wp","href":"https:\/\/api.w.org\/{rel}","templated":true}]}}