{"id":284,"date":"2025-07-10T23:14:00","date_gmt":"2025-07-10T23:14:00","guid":{"rendered":"https:\/\/mblmg.org\/escribas\/?p=284"},"modified":"2026-04-14T23:16:44","modified_gmt":"2026-04-14T23:16:44","slug":"da-inconfidencia-a-indiferenca-por-que-minas-parou-de-liderar-o-pais","status":"publish","type":"post","link":"https:\/\/mblmg.org\/escribas\/da-inconfidencia-a-indiferenca-por-que-minas-parou-de-liderar-o-pais\/","title":{"rendered":"Da Inconfid\u00eancia \u00e0 indiferen\u00e7a: por que Minas parou de liderar o\u00a0pa\u00eds?"},"content":{"rendered":"\n<p>Minas Gerais \u00e9, sem d\u00favida, um dos estados mais importantes da hist\u00f3ria do Brasil. Foi palco de revoltas, centro de governos, incubadora de ideias. Foi territ\u00f3rio do ouro, da rep\u00fablica e, por muito tempo, de lideran\u00e7a.<\/p>\n\n\n\n<p><strong>Mas\u2026 o que houve?<\/strong><\/p>\n\n\n\n<p>No s\u00e9culo XVIII, enquanto cidades como Recife e Salvador cresciam em torno de portos e rotas comerciais, as cidades mineiras se organizavam ao redor de igrejas, pra\u00e7as e institui\u00e7\u00f5es administrativas. Com a descoberta de jazidas em Sabar\u00e1, Mariana e Ouro Preto, a Coroa Portuguesa deslocou o eixo pol\u00edtico do Brasil. Lisboa passou a olhar para o interior e o Brasil, ainda colonial, come\u00e7ava a se reconhecer como na\u00e7\u00e3o.<\/p>\n\n\n\n<p><strong>Se o Brasil nasceu patrimonialista<\/strong>, como nos lembra S\u00e9rgio Buarque, Minas apresentou uma das primeiras tentativas de ruptura. A Inconfid\u00eancia Mineira foi a tentativa de<strong>&nbsp;fundar um novo imagin\u00e1rio pol\u00edtico<\/strong>. Inspirada pela Revolu\u00e7\u00e3o Americana e pelas ideias de John Locke, a conspira\u00e7\u00e3o floresceu porque j\u00e1 havia aqui uma elite urbana, letrada e ambiciosa. Apesar do fracasso, os mineiros queriam reinventar o Brasil.<\/p>\n\n\n\n<p>Anos depois, na Primeira Rep\u00fablica, Minas governava. A chamada pol\u00edtica do caf\u00e9 com leite, com todos os seus problemas, deu sobrevida institucional a um pa\u00eds arcaico e rural.&nbsp;<strong>O estado n\u00e3o pedia licen\u00e7a: tomava as r\u00e9deas do pa\u00eds.<\/strong><\/p>\n\n\n\n<p>Afonso Pena, Artur Bernardes, Venceslau Br\u00e1s, Jo\u00e3o Pinheiro, Itamar Franco, Tiradentes, Tom\u00e1s Ant\u00f4nio Gonzaga. Nomes que, \u00e0 sua maneira, simbolizam um estado que produziu ideias e lideran\u00e7as nacionais. Isso sem falar na for\u00e7a cultural: Aleijadinho, Guimar\u00e3es Rosa, Drummond, Ad\u00e9lia Prado. Minas n\u00e3o foi \u201ccautelosa\u201d.&nbsp;<strong>Minas fundou modos de pensar o Brasil.<\/strong><\/p>\n\n\n\n<p>Hoje, Minas \u00e9 o segundo estado mais populoso do Brasil. Tem o terceiro maior PIB. Est\u00e1 no cora\u00e7\u00e3o geogr\u00e1fico e institucional do pa\u00eds. Tem enorme potencial industrial, agr\u00edcola e tecnol\u00f3gico.<\/p>\n\n\n\n<p><strong>Mas, politicamente, sumiu do mapa.<\/strong><\/p>\n\n\n\n<p>Os nomes mineiros com maior proje\u00e7\u00e3o nacional s\u00e3o, paradoxalmente, coadjuvantes de hist\u00f3rias que n\u00e3o foram escritas aqui.&nbsp;&nbsp;N\u00e3o \u00e9 sintom\u00e1tico que nossos dois pol\u00edticos mais famosos da atualidade sejam pelegos de um carioca malandro?<\/p>\n\n\n\n<p><strong>Minas tem tudo. S\u00f3 falta fazer.<\/strong><\/p>\n\n\n\n<figure class=\"wp-block-image size-full\"><img loading=\"lazy\" decoding=\"async\" width=\"1024\" height=\"768\" src=\"https:\/\/mblmg.org\/escribas\/wp-content\/uploads\/2026\/04\/image-8.png\" alt=\"\" class=\"wp-image-285\" srcset=\"https:\/\/mblmg.org\/escribas\/wp-content\/uploads\/2026\/04\/image-8.png 1024w, https:\/\/mblmg.org\/escribas\/wp-content\/uploads\/2026\/04\/image-8-300x225.png 300w, https:\/\/mblmg.org\/escribas\/wp-content\/uploads\/2026\/04\/image-8-768x576.png 768w\" sizes=\"auto, (max-width: 1024px) 100vw, 1024px\" \/><\/figure>\n\n\n\n<p>A pergunta n\u00e3o \u00e9 \u201cpor que Minas n\u00e3o aparece?\u201d. A pergunta \u00e9: por que Minas aceitou ser plateia?<\/p>\n\n\n\n<p>O estado tem densidade, universidades de qualidade, economia crescente, hist\u00f3ria e capital simb\u00f3lico para liderar uma nova fase da pol\u00edtica brasileira.<\/p>\n\n\n\n<p>Minas n\u00e3o precisa escolher entre o messianismo caricato e a tecnocracia sem alma. Pode propor outra coisa.<strong>Um novo jeito de imaginar o pa\u00eds.<\/strong><\/p>\n\n\n\n<p><strong>Porque j\u00e1 fez isso antes.<\/strong><\/p>\n\n\n\n<p>Como dizia Guimar\u00e3es Rosa: \u201cO que a vida quer da gente \u00e9 coragem.\u201d<\/p>\n\n\n\n<p>Talvez dissesse isso justamente aos mineiros.&nbsp;<\/p>\n","protected":false},"excerpt":{"rendered":"<p>Minas Gerais \u00e9, sem d\u00favida, um dos estados mais importantes da hist\u00f3ria do Brasil. Foi palco de revoltas, centro de governos, incubadora de ideias. Foi territ\u00f3rio do ouro, da rep\u00fablica e, por muito tempo, de lideran\u00e7a. Mas\u2026 o que houve? No s\u00e9culo XVIII, enquanto cidades como Recife e Salvador cresciam em torno de portos e [&hellip;]<\/p>\n","protected":false},"author":3,"featured_media":286,"comment_status":"open","ping_status":"open","sticky":false,"template":"","format":"standard","meta":{"footnotes":""},"categories":[1],"tags":[],"class_list":["post-284","post","type-post","status-publish","format-standard","has-post-thumbnail","hentry","category-blog"],"_links":{"self":[{"href":"https:\/\/mblmg.org\/escribas\/wp-json\/wp\/v2\/posts\/284","targetHints":{"allow":["GET"]}}],"collection":[{"href":"https:\/\/mblmg.org\/escribas\/wp-json\/wp\/v2\/posts"}],"about":[{"href":"https:\/\/mblmg.org\/escribas\/wp-json\/wp\/v2\/types\/post"}],"author":[{"embeddable":true,"href":"https:\/\/mblmg.org\/escribas\/wp-json\/wp\/v2\/users\/3"}],"replies":[{"embeddable":true,"href":"https:\/\/mblmg.org\/escribas\/wp-json\/wp\/v2\/comments?post=284"}],"version-history":[{"count":1,"href":"https:\/\/mblmg.org\/escribas\/wp-json\/wp\/v2\/posts\/284\/revisions"}],"predecessor-version":[{"id":287,"href":"https:\/\/mblmg.org\/escribas\/wp-json\/wp\/v2\/posts\/284\/revisions\/287"}],"wp:featuredmedia":[{"embeddable":true,"href":"https:\/\/mblmg.org\/escribas\/wp-json\/wp\/v2\/media\/286"}],"wp:attachment":[{"href":"https:\/\/mblmg.org\/escribas\/wp-json\/wp\/v2\/media?parent=284"}],"wp:term":[{"taxonomy":"category","embeddable":true,"href":"https:\/\/mblmg.org\/escribas\/wp-json\/wp\/v2\/categories?post=284"},{"taxonomy":"post_tag","embeddable":true,"href":"https:\/\/mblmg.org\/escribas\/wp-json\/wp\/v2\/tags?post=284"}],"curies":[{"name":"wp","href":"https:\/\/api.w.org\/{rel}","templated":true}]}}