{"id":296,"date":"2025-07-01T23:21:00","date_gmt":"2025-07-01T23:21:00","guid":{"rendered":"https:\/\/mblmg.org\/escribas\/?p=296"},"modified":"2026-04-14T23:23:16","modified_gmt":"2026-04-14T23:23:16","slug":"memorias-postumas-de-bras-capitulo-2","status":"publish","type":"post","link":"https:\/\/mblmg.org\/escribas\/memorias-postumas-de-bras-capitulo-2\/","title":{"rendered":"Mem\u00f3rias\u00a0P\u00f3stumas\u00a0de\u00a0Bras \u2013 Cap\u00edtulo\u00a02"},"content":{"rendered":"\n<h1 class=\"wp-block-heading\">Cap\u00edtulo&nbsp;2&nbsp;\u2014&nbsp;Morte<\/h1>\n\n\n\n<figure class=\"wp-block-image size-large\"><img loading=\"lazy\" decoding=\"async\" width=\"819\" height=\"1024\" src=\"https:\/\/mblmg.org\/escribas\/wp-content\/uploads\/2026\/04\/image-819x1024.png\" alt=\"\" class=\"wp-image-297\" srcset=\"https:\/\/mblmg.org\/escribas\/wp-content\/uploads\/2026\/04\/image-819x1024.png 819w, https:\/\/mblmg.org\/escribas\/wp-content\/uploads\/2026\/04\/image-240x300.png 240w, https:\/\/mblmg.org\/escribas\/wp-content\/uploads\/2026\/04\/image-768x960.png 768w, https:\/\/mblmg.org\/escribas\/wp-content\/uploads\/2026\/04\/image.png 1080w\" sizes=\"auto, (max-width: 819px) 100vw, 819px\" \/><\/figure>\n\n\n\n<p>Morri no dia 7 de setembro de 2025. Morte volunt\u00e1ria. Espont\u00e2nea. Silenciosa.<\/p>\n\n\n\n<p>Suicidi@, como agora dizem, para incluir o masculino, o feminino e o fracasso geral.<\/p>\n\n\n\n<p>N\u00e3o foi com faca, nem com p\u00f3lvora, nem com corda. Foi&nbsp;<strong>colapso interno<\/strong>.<\/p>\n\n\n\n<p>Um colapso que come\u00e7ou nas entranhas e se espalhou lentamente \u2014 pelas art\u00e9rias da economia, pelos pulm\u00f5es das \ufb02orestas, pelo sistema nervoso da educa\u00e7\u00e3o, at\u00e9 alcan\u00e7ar o cora\u00e7\u00e3o da identidade.<\/p>\n\n\n\n<p>Na certid\u00e3o de \u00f3bito consta:<\/p>\n\n\n\n<p><strong>Causa mortis: autofagia institucional com agravante de melancolia hist\u00f3rica cr\u00f4nica.<\/strong><\/p>\n\n\n\n<p>Houve enterro, sim.<\/p>\n\n\n\n<p>Mas sem \ufb02ores.<\/p>\n\n\n\n<p>Sem prantos.<\/p>\n\n\n\n<p>As bandeiras foram hasteadas a meio mastro, mas quase ningu\u00e9m percebeu \u2014 estavam ocupados discutindo no X (antigo Twitter) se minha morte era real ou fake news.<\/p>\n\n\n\n<p>Apenas um velho poema foi encontrado no bolso do cad\u00e1ver:<\/p>\n\n\n\n<p>\u201cAqui jaz um pa\u00eds sem causa, Que nasceu para ser gigante, Mas trope\u00e7ou em si mesmo<\/p>\n\n\n\n<p>E morreu de overdose de esperan\u00e7a.\u201d<\/p>\n\n\n\n<p>Antes do \u00faltimo suspiro, ouvi em mim um eco long\u00ednquo \u2014 versos que nunca escrevi, mas que me pertencem como epit\u00e1\ufb01o:<\/p>\n\n\n\n<p>\u201cTu dormes sobre o seio da desgra\u00e7a<\/p>\n\n\n\n<p>Como um n\u00e1ufrago sobre o mar das dores, E eu venho, qual visagem solit\u00e1ria,<\/p>\n\n\n\n<p>Cobrir-te de saudades e de \ufb02ores\u2026\u201d<\/p>\n\n\n\n<p>\u2014&nbsp;<em>Fagundes Varela, \u201cC\u00e2ntico do Calv\u00e1rio\u201d<\/em><\/p>\n\n\n\n<p>E ent\u00e3o, com um suspiro \ufb01nal, que cheirava a caf\u00e9 requentado, suor oper\u00e1rio e perfume importado de Bras\u00edlia,<\/p>\n\n\n\n<p><strong>deitei-me, en\ufb01m, em ber\u00e7o espl\u00eandido.<\/strong><\/p>\n\n\n\n<p>Morro, como vivi:<\/p>\n\n\n\n<p>Dividido, exausto e ligeiramente tropical.<\/p>\n\n\n\n<p>Mas deixo registrado que, se houver reencarna\u00e7\u00e3o,&nbsp;<strong>quero voltar em modo o<\/strong><strong>\ufb04<\/strong><strong>ine<\/strong>. Talvez como rep\u00fablica, talvez como rep\u00fablica das bananas, mas, por ora, \ufb01co por aqui.<\/p>\n","protected":false},"excerpt":{"rendered":"<p>Cap\u00edtulo&nbsp;2&nbsp;\u2014&nbsp;Morte Morri no dia 7 de setembro de 2025. Morte volunt\u00e1ria. Espont\u00e2nea. Silenciosa. Suicidi@, como agora dizem, para incluir o masculino, o feminino e o fracasso geral. N\u00e3o foi com faca, nem com p\u00f3lvora, nem com corda. Foi&nbsp;colapso interno. Um colapso que come\u00e7ou nas entranhas e se espalhou lentamente \u2014 pelas art\u00e9rias da economia, pelos [&hellip;]<\/p>\n","protected":false},"author":3,"featured_media":297,"comment_status":"open","ping_status":"open","sticky":false,"template":"","format":"standard","meta":{"footnotes":""},"categories":[1],"tags":[],"class_list":["post-296","post","type-post","status-publish","format-standard","has-post-thumbnail","hentry","category-blog"],"_links":{"self":[{"href":"https:\/\/mblmg.org\/escribas\/wp-json\/wp\/v2\/posts\/296","targetHints":{"allow":["GET"]}}],"collection":[{"href":"https:\/\/mblmg.org\/escribas\/wp-json\/wp\/v2\/posts"}],"about":[{"href":"https:\/\/mblmg.org\/escribas\/wp-json\/wp\/v2\/types\/post"}],"author":[{"embeddable":true,"href":"https:\/\/mblmg.org\/escribas\/wp-json\/wp\/v2\/users\/3"}],"replies":[{"embeddable":true,"href":"https:\/\/mblmg.org\/escribas\/wp-json\/wp\/v2\/comments?post=296"}],"version-history":[{"count":1,"href":"https:\/\/mblmg.org\/escribas\/wp-json\/wp\/v2\/posts\/296\/revisions"}],"predecessor-version":[{"id":298,"href":"https:\/\/mblmg.org\/escribas\/wp-json\/wp\/v2\/posts\/296\/revisions\/298"}],"wp:featuredmedia":[{"embeddable":true,"href":"https:\/\/mblmg.org\/escribas\/wp-json\/wp\/v2\/media\/297"}],"wp:attachment":[{"href":"https:\/\/mblmg.org\/escribas\/wp-json\/wp\/v2\/media?parent=296"}],"wp:term":[{"taxonomy":"category","embeddable":true,"href":"https:\/\/mblmg.org\/escribas\/wp-json\/wp\/v2\/categories?post=296"},{"taxonomy":"post_tag","embeddable":true,"href":"https:\/\/mblmg.org\/escribas\/wp-json\/wp\/v2\/tags?post=296"}],"curies":[{"name":"wp","href":"https:\/\/api.w.org\/{rel}","templated":true}]}}