{"id":309,"date":"2025-06-17T23:39:00","date_gmt":"2025-06-17T23:39:00","guid":{"rendered":"https:\/\/mblmg.org\/escribas\/?p=309"},"modified":"2026-04-14T23:41:41","modified_gmt":"2026-04-14T23:41:41","slug":"o-porco-pode-mentir-mas-o-palhaco-nao-pode-rir","status":"publish","type":"post","link":"https:\/\/mblmg.org\/escribas\/o-porco-pode-mentir-mas-o-palhaco-nao-pode-rir\/","title":{"rendered":"O Porco Pode Mentir, Mas o Palha\u00e7o N\u00e3o Pode\u00a0Rir"},"content":{"rendered":"\n<p>Era tarde da noite, talvez em algum teatro esquecido do Brasil, e uma luz se apagava. N\u00e3o era um refletor. Era uma piada. Um riso. Uma fagulha de liberdade. A senten\u00e7a contra o comediante L\u00e9o Lins n\u00e3o se limita ao campo jur\u00eddico, \u00e9 uma cena emblem\u00e1tica de um pa\u00eds que, diante do palco, come\u00e7a a temer o espet\u00e1culo das palavras. O riso, que antes ecoava como aplauso da liberdade, agora soa como evid\u00eancia de um crime.<\/p>\n\n\n\n<p>Em 1940, Londres tremia sob as bombas de Hitler, mas um grupo de exilados e intelectuais se reunia ao redor de microfones e pap\u00e9is com uma miss\u00e3o quase absurda: fazer rir. Enquanto os nazistas criminalizavam quem ouvia r\u00e1dio estrangeiro e matavam pela suspeita de escutar ideias, esses exilados escreviam s\u00e1tiras como quem desenha uma flor em meio a escombros. Eles sabiam: onde n\u00e3o h\u00e1 humor, h\u00e1 totalitarismo. Porque o riso \u00e9, em \u00faltima inst\u00e2ncia, a nega\u00e7\u00e3o do medo.<\/p>\n\n\n\n<figure class=\"wp-block-image size-large\"><img loading=\"lazy\" decoding=\"async\" width=\"1024\" height=\"683\" src=\"https:\/\/mblmg.org\/escribas\/wp-content\/uploads\/2026\/04\/image-2-1024x683.png\" alt=\"\" class=\"wp-image-310\" srcset=\"https:\/\/mblmg.org\/escribas\/wp-content\/uploads\/2026\/04\/image-2-1024x683.png 1024w, https:\/\/mblmg.org\/escribas\/wp-content\/uploads\/2026\/04\/image-2-300x200.png 300w, https:\/\/mblmg.org\/escribas\/wp-content\/uploads\/2026\/04\/image-2-768x512.png 768w, https:\/\/mblmg.org\/escribas\/wp-content\/uploads\/2026\/04\/image-2-600x400.png 600w, https:\/\/mblmg.org\/escribas\/wp-content\/uploads\/2026\/04\/image-2.png 1536w\" sizes=\"auto, (max-width: 1024px) 100vw, 1024px\" \/><\/figure>\n\n\n\n<p>Hoje, quase um s\u00e9culo depois, \u00e9 o Brasil que treme, n\u00e3o sob bombas, mas sob c\u00f3digos penais, ou wikip\u00e9dia e sil\u00eancios impostos. A pris\u00e3o de um humorista por piadas \u00e9 mais do que a censura de uma fala: \u00e9 a criminaliza\u00e7\u00e3o de uma fun\u00e7\u00e3o vital do ser humano a ironia, o absurdo, o c\u00f4mico. Se n\u00e3o podemos mais rir do que \u00e9 tr\u00e1gico, teremos que chorar diante do rid\u00edculo.<\/p>\n\n\n\n<p>George Orwell escreveu A Revolu\u00e7\u00e3o dos Bichos como um alerta: quando os porcos assumem o poder, come\u00e7am dizendo que querem igualdade, mas logo se tornam mais iguais que os outros. Hoje, os novos porcos da fazenda moderna togados, burocratas, ide\u00f3logos de estima\u00e7\u00e3o, redefinem o que pode ser dito, e punem quem ousa rir da ordem. Primeiro, pro\u00edbem a piada. Amanh\u00e3, proibir\u00e3o o pensamento.<\/p>\n\n\n\n<p>Porque tudo come\u00e7a com um princ\u00edpio supostamente nobre: proteger sentimentos. Mas sentimentos n\u00e3o se protegem com algemas. Piadas podem ofender, sim, como pode ofender um espelho. E se h\u00e1 algo que o poder n\u00e3o suporta, \u00e9 o reflexo de si mesmo em um palco de stand-up.<\/p>\n\n\n\n<p>L\u00e9o Lins n\u00e3o foi condenado por um crime de \u00f3dio. Foi condenado por um ato de liberdade c\u00f4mica. E isso \u00e9 precisamente o que as tiranias modernas mais temem: o humorista. O artista. O marginal que n\u00e3o se curva. O que transforma a trag\u00e9dia em tro\u00e7a. O que, como Robert Lucas, acredita que mesmo debaixo das bombas, ou dos processos, vale a pena rir. Vale a pena viver.<\/p>\n\n\n\n<p>Theodor Adorno, fil\u00f3sofo da Escola de Frankfurt, dizia que n\u00e3o se pode mais fazer poesia depois de Auschwitz. Mas mesmo ele hesitava diante do riso. E no entanto, os exilados que arriscaram a vida para escrever piadas para o povo alem\u00e3o provaram o contr\u00e1rio: a s\u00e1tira \u00e9, muitas vezes, o \u00faltimo abrigo da dignidade. Porque nela ainda habita o esc\u00e2ndalo do humano, sua contradi\u00e7\u00e3o, seu limite, seu protesto.<\/p>\n\n\n\n<figure class=\"wp-block-image size-large\"><img loading=\"lazy\" decoding=\"async\" width=\"1024\" height=\"683\" src=\"https:\/\/mblmg.org\/escribas\/wp-content\/uploads\/2026\/04\/whatsapp-image-2025-06-17-at-23.46.51-1-1024x683.jpg\" alt=\"\" class=\"wp-image-311\" srcset=\"https:\/\/mblmg.org\/escribas\/wp-content\/uploads\/2026\/04\/whatsapp-image-2025-06-17-at-23.46.51-1-1024x683.jpg 1024w, https:\/\/mblmg.org\/escribas\/wp-content\/uploads\/2026\/04\/whatsapp-image-2025-06-17-at-23.46.51-1-300x200.jpg 300w, https:\/\/mblmg.org\/escribas\/wp-content\/uploads\/2026\/04\/whatsapp-image-2025-06-17-at-23.46.51-1-768x512.jpg 768w, https:\/\/mblmg.org\/escribas\/wp-content\/uploads\/2026\/04\/whatsapp-image-2025-06-17-at-23.46.51-1-600x400.jpg 600w, https:\/\/mblmg.org\/escribas\/wp-content\/uploads\/2026\/04\/whatsapp-image-2025-06-17-at-23.46.51-1.jpg 1536w\" sizes=\"auto, (max-width: 1024px) 100vw, 1024px\" \/><\/figure>\n\n\n\n<p>A pris\u00e3o de L\u00e9o Lins deveria nos escandalizar n\u00e3o apenas por ser um ataque ao artista, mas porque revela a consolida\u00e7\u00e3o de uma l\u00f3gica: onde o poder n\u00e3o pode mais convencer, ele cala. Onde n\u00e3o pode mais governar cora\u00e7\u00f5es, ele legisla sobre bocas.<\/p>\n\n\n\n<p>Hoje, condenam o comediante. Amanh\u00e3, ser\u00e1 o padeiro, o pai de fam\u00edlia, a professora. Todos que ousarem falar fora da cartilha. E quando todos estiverem calados, os porcos falar\u00e3o sozinhos, e rir\u00e3o por \u00faltimo. Rir n\u00e3o da piada, mas de n\u00f3s.<\/p>\n\n\n\n<p>Pois o que est\u00e1 em jogo n\u00e3o \u00e9 apenas a liberdade de um homem, mas o direito de um povo rir do pr\u00f3prio infort\u00fanio. Porque quem n\u00e3o pode mais rir, j\u00e1 come\u00e7ou a morrer.<\/p>\n\n\n\n<p>\u201cSe rir virou crime, o sil\u00eancio virou regra.\u201d L\u00e9o Lins<\/p>\n","protected":false},"excerpt":{"rendered":"<p>Era tarde da noite, talvez em algum teatro esquecido do Brasil, e uma luz se apagava. N\u00e3o era um refletor. Era uma piada. Um riso. Uma fagulha de liberdade. A senten\u00e7a contra o comediante L\u00e9o Lins n\u00e3o se limita ao campo jur\u00eddico, \u00e9 uma cena emblem\u00e1tica de um pa\u00eds que, diante do palco, come\u00e7a a [&hellip;]<\/p>\n","protected":false},"author":3,"featured_media":312,"comment_status":"open","ping_status":"open","sticky":false,"template":"","format":"standard","meta":{"footnotes":""},"categories":[1],"tags":[],"class_list":["post-309","post","type-post","status-publish","format-standard","has-post-thumbnail","hentry","category-blog"],"_links":{"self":[{"href":"https:\/\/mblmg.org\/escribas\/wp-json\/wp\/v2\/posts\/309","targetHints":{"allow":["GET"]}}],"collection":[{"href":"https:\/\/mblmg.org\/escribas\/wp-json\/wp\/v2\/posts"}],"about":[{"href":"https:\/\/mblmg.org\/escribas\/wp-json\/wp\/v2\/types\/post"}],"author":[{"embeddable":true,"href":"https:\/\/mblmg.org\/escribas\/wp-json\/wp\/v2\/users\/3"}],"replies":[{"embeddable":true,"href":"https:\/\/mblmg.org\/escribas\/wp-json\/wp\/v2\/comments?post=309"}],"version-history":[{"count":1,"href":"https:\/\/mblmg.org\/escribas\/wp-json\/wp\/v2\/posts\/309\/revisions"}],"predecessor-version":[{"id":313,"href":"https:\/\/mblmg.org\/escribas\/wp-json\/wp\/v2\/posts\/309\/revisions\/313"}],"wp:featuredmedia":[{"embeddable":true,"href":"https:\/\/mblmg.org\/escribas\/wp-json\/wp\/v2\/media\/312"}],"wp:attachment":[{"href":"https:\/\/mblmg.org\/escribas\/wp-json\/wp\/v2\/media?parent=309"}],"wp:term":[{"taxonomy":"category","embeddable":true,"href":"https:\/\/mblmg.org\/escribas\/wp-json\/wp\/v2\/categories?post=309"},{"taxonomy":"post_tag","embeddable":true,"href":"https:\/\/mblmg.org\/escribas\/wp-json\/wp\/v2\/tags?post=309"}],"curies":[{"name":"wp","href":"https:\/\/api.w.org\/{rel}","templated":true}]}}