{"id":319,"date":"2025-02-20T23:44:00","date_gmt":"2025-02-20T23:44:00","guid":{"rendered":"https:\/\/mblmg.org\/escribas\/?p=319"},"modified":"2026-04-14T23:46:42","modified_gmt":"2026-04-14T23:46:42","slug":"rodovias-estaduais","status":"publish","type":"post","link":"https:\/\/mblmg.org\/escribas\/rodovias-estaduais\/","title":{"rendered":"Rodovias Estaduais"},"content":{"rendered":"\n<p>As rodovias estaduais de Minas Gerais, que comp\u00f5em a maior rede rodovi\u00e1ria do Brasil, representam uma das realidades urbanas mais complexas e contradit\u00f3rias do pa\u00eds. S\u00e3o fundamentais para o transporte e a economia do estado, mas tamb\u00e9m enfrentam s\u00e9rios problemas de infraestrutura e gest\u00e3o, refletindo um hist\u00f3rico de neglig\u00eancia e descaso por parte dos respons\u00e1veis pela administra\u00e7\u00e3o p\u00fablica. Muitas dessas vias, constru\u00eddas entre as d\u00e9cadas de 1950 e 1970, evidenciam n\u00e3o apenas a falta de investimentos em manuten\u00e7\u00e3o e moderniza\u00e7\u00e3o, mas tamb\u00e9m demonstram uma desconex\u00e3o entre a urg\u00eancia de aprimorar o sistema rodovi\u00e1rio e a ina\u00e7\u00e3o dos gestores p\u00fablicos.<\/p>\n\n\n\n<figure class=\"wp-block-image size-full\"><img loading=\"lazy\" decoding=\"async\" width=\"708\" height=\"432\" src=\"https:\/\/mblmg.org\/escribas\/wp-content\/uploads\/2026\/04\/cidades-rodovias-br-381-br-040-ranking-de-rodovias-piores-rodovias-1709006865.jpg\" alt=\"\" class=\"wp-image-320\" srcset=\"https:\/\/mblmg.org\/escribas\/wp-content\/uploads\/2026\/04\/cidades-rodovias-br-381-br-040-ranking-de-rodovias-piores-rodovias-1709006865.jpg 708w, https:\/\/mblmg.org\/escribas\/wp-content\/uploads\/2026\/04\/cidades-rodovias-br-381-br-040-ranking-de-rodovias-piores-rodovias-1709006865-300x183.jpg 300w\" sizes=\"auto, (max-width: 708px) 100vw, 708px\" \/><\/figure>\n\n\n\n<p>Em um paradoxo desolador, as rodovias mineiras, essenciais para a integra\u00e7\u00e3o do estado e o fluxo econ\u00f4mico, s\u00e3o tamb\u00e9m palco de uma trag\u00e9dia constante, com acidentes, feridos e mortes decorrentes diretamente da precariedade de suas estruturas. O impacto dessa realidade \u00e9 alarmante: em 2021, Minas Gerais registrava mais de 8 mil acidentes em rodovias federais e quase 700 mortes. Tr\u00eas anos depois, o n\u00famero de acidentes ultrapassava os 35 mil, com quase 3 mil vidas perdidas. Esse cen\u00e1rio exp\u00f5e a crua realidade de um sistema rodovi\u00e1rio que, em vez de garantir seguran\u00e7a e conectividade, coloca em risco a vida de seus usu\u00e1rios, revelando uma falha cr\u00edtica na gest\u00e3o do urbanismo rodovi\u00e1rio.<\/p>\n\n\n\n<p>O agravamento dessa situa\u00e7\u00e3o pode ser atribu\u00eddo a uma s\u00e9rie de fatores interligados, dentre os quais se destaca a aus\u00eancia de um planejamento eficaz para a moderniza\u00e7\u00e3o e conserva\u00e7\u00e3o das rodovias. Minas Gerais, que deveria ser um modelo de conectividade e progresso, tornou-se um reflexo de uma administra\u00e7\u00e3o p\u00fablica que, ao negligenciar a infraestrutura rodovi\u00e1ria, compromete o desenvolvimento e a qualidade de vida da popula\u00e7\u00e3o. Estradas esburacadas, sem sinaliza\u00e7\u00e3o adequada e com geometria de tr\u00e1fego ultrapassada marcam a paisagem de um estado que, em vez de facilitar a mobilidade, imp\u00f5e obst\u00e1culos aos seus habitantes.<\/p>\n\n\n\n<figure class=\"wp-block-image size-full\"><img loading=\"lazy\" decoding=\"async\" width=\"1024\" height=\"512\" src=\"https:\/\/mblmg.org\/escribas\/wp-content\/uploads\/2026\/04\/image.webp\" alt=\"\" class=\"wp-image-321\" srcset=\"https:\/\/mblmg.org\/escribas\/wp-content\/uploads\/2026\/04\/image.webp 1024w, https:\/\/mblmg.org\/escribas\/wp-content\/uploads\/2026\/04\/image-300x150.webp 300w, https:\/\/mblmg.org\/escribas\/wp-content\/uploads\/2026\/04\/image-768x384.webp 768w\" sizes=\"auto, (max-width: 1024px) 100vw, 1024px\" \/><\/figure>\n\n\n\n<p>A cr\u00edtica de especialistas, como Alysson Coimbra, m\u00e9dico e diretor cient\u00edfico da Ammetra, evidencia a gravidade dessa situa\u00e7\u00e3o. Segundo ele, a aus\u00eancia de interven\u00e7\u00f5es nas rodovias, que j\u00e1 apresentavam condi\u00e7\u00f5es prec\u00e1rias, contribuiu decisivamente para o aumento da mortalidade nas estradas. A manuten\u00e7\u00e3o e a moderniza\u00e7\u00e3o \u2013 prioridades de investimento \u2013 s\u00e3o deixadas de lado, resultando em um ciclo de deteriora\u00e7\u00e3o que impacta diretamente a vida dos cidad\u00e3os.<\/p>\n\n\n\n<p>Esse quadro revela um paradoxo profundo no urbanismo rodovi\u00e1rio de Minas Gerais. O objetivo de promover o progresso e a conectividade \u2013 princ\u00edpios que deveriam nortear o planejamento das rodovias \u2013 \u00e9 substitu\u00eddo por um ciclo vicioso de abandono e improvisa\u00e7\u00e3o. O resultado \u00e9 claro: as rodovias, em vez de atuarem como elementos de integra\u00e7\u00e3o e desenvolvimento, tornam-se um entrave \u00e0 seguran\u00e7a e ao bem-estar da popula\u00e7\u00e3o.<\/p>\n\n\n\n<figure class=\"wp-block-image size-full\"><img loading=\"lazy\" decoding=\"async\" width=\"984\" height=\"656\" src=\"https:\/\/mblmg.org\/escribas\/wp-content\/uploads\/2026\/04\/c6b1dd72-29ef-49c0-acec-158ac825cb19.webp\" alt=\"\" class=\"wp-image-322\" srcset=\"https:\/\/mblmg.org\/escribas\/wp-content\/uploads\/2026\/04\/c6b1dd72-29ef-49c0-acec-158ac825cb19.webp 984w, https:\/\/mblmg.org\/escribas\/wp-content\/uploads\/2026\/04\/c6b1dd72-29ef-49c0-acec-158ac825cb19-300x200.webp 300w, https:\/\/mblmg.org\/escribas\/wp-content\/uploads\/2026\/04\/c6b1dd72-29ef-49c0-acec-158ac825cb19-768x512.webp 768w, https:\/\/mblmg.org\/escribas\/wp-content\/uploads\/2026\/04\/c6b1dd72-29ef-49c0-acec-158ac825cb19-600x400.webp 600w\" sizes=\"auto, (max-width: 984px) 100vw, 984px\" \/><\/figure>\n\n\n\n<p>O maior desafio para o urbanismo rodovi\u00e1rio no estado \u00e9, sem d\u00favida, de natureza pol\u00edtica. A falta de comprometimento e a in\u00e9rcia dos gestores p\u00fablicos em rela\u00e7\u00e3o \u00e0 infraestrutura rodovi\u00e1ria exigem uma transforma\u00e7\u00e3o urgente no modelo de urbanismo. Essa evolu\u00e7\u00e3o n\u00e3o deve se limitar \u00e0 simples melhoria das condi\u00e7\u00f5es de tr\u00e1fego, mas tamb\u00e9m incluir a promo\u00e7\u00e3o de um ambiente seguro e digno para todos os cidad\u00e3os. Manter as rodovias estaduais n\u00e3o \u00e9 apenas uma quest\u00e3o t\u00e9cnica, mas um dever moral e pol\u00edtico para garantir o direito \u00e0 mobilidade segura e eficiente.<\/p>\n\n\n\n<p>Diante desse cen\u00e1rio, \u00e9 fundamental refletir sobre o papel dos gestores p\u00fablicos no planejamento e na manuten\u00e7\u00e3o das rodovias. Sem a\u00e7\u00f5es concretas e investimentos consistentes, as rodovias de Minas Gerais continuar\u00e3o a refletir a falta de responsabilidade e um urbanismo que negligencia a vida e o futuro dos cidad\u00e3os. O caminho para o futuro exige, portanto, uma conscientiza\u00e7\u00e3o coletiva e uma a\u00e7\u00e3o decisiva, para que as estradas mineiras possam, um dia, ser seguras, modernas e adequadas \u00e0 realidade e \u00e0s necessidades de todos aqueles que delas dependem.<\/p>\n\n\n\n<p>BIBLIOGRAFIA:<\/p>\n\n\n\n<p><a href=\"https:\/\/sindicfcmg.org.br\/rodovias-mineiras-tem-pontos-criticos-a-cada-46-\">https:\/\/sindicfcmg.org.br\/rodovias-mineiras-tem-pontos-criticos-a-cada-46-<\/a><\/p>\n\n\n\n<p><a href=\"https:\/\/www.hojeemdia.com.br\/minas\/quase-80-das-rodovias-em-minas-s-o-consideradas-regular-ruim-ou-pessima-aponta-pesquisa-1.990224\">https:\/\/www.hojeemdia.com.br\/minas\/quase-80-das-rodovias-em-minas-s-o-consideradas-regular-ruim-ou-pessima-aponta-pesquisa-1.990224<\/a><\/p>\n\n\n\n<p><a href=\"https:\/\/g1.globo.com\/mg\/minas-gerais\/noticia\/2023\/11\/29\/veja-ranking-das-piores-e-melhores-rodovias-de-mg-segundo-a-cnt.ghtml\">https:\/\/g1.globo.com\/mg\/minas-gerais\/noticia\/2023\/11\/29\/veja-ranking-das-piores-e-melhores-rodovias-de-mg-segundo-a-cnt.ghtml<\/a><\/p>\n\n\n\n<p><a href=\"https:\/\/www.otempo.com.br\/cidades\/ranking-mg-tem-5-rodovias-entre-as-piores-do-pais-e-nenhuma-entre-as-melhores-1.3284074\">https:\/\/www.otempo.com.br\/cidades\/ranking-mg-tem-5-rodovias-entre-as-piores-do-pais-e-nenhuma-entre-as-melhores-1.3284074<\/a><\/p>\n","protected":false},"excerpt":{"rendered":"<p>As rodovias estaduais de Minas Gerais, que comp\u00f5em a maior rede rodovi\u00e1ria do Brasil, representam uma das realidades urbanas mais complexas e contradit\u00f3rias do pa\u00eds. S\u00e3o fundamentais para o transporte e a economia do estado, mas tamb\u00e9m enfrentam s\u00e9rios problemas de infraestrutura e gest\u00e3o, refletindo um hist\u00f3rico de neglig\u00eancia e descaso por parte dos respons\u00e1veis [&hellip;]<\/p>\n","protected":false},"author":3,"featured_media":323,"comment_status":"open","ping_status":"open","sticky":false,"template":"","format":"standard","meta":{"footnotes":""},"categories":[1],"tags":[],"class_list":["post-319","post","type-post","status-publish","format-standard","has-post-thumbnail","hentry","category-blog"],"_links":{"self":[{"href":"https:\/\/mblmg.org\/escribas\/wp-json\/wp\/v2\/posts\/319","targetHints":{"allow":["GET"]}}],"collection":[{"href":"https:\/\/mblmg.org\/escribas\/wp-json\/wp\/v2\/posts"}],"about":[{"href":"https:\/\/mblmg.org\/escribas\/wp-json\/wp\/v2\/types\/post"}],"author":[{"embeddable":true,"href":"https:\/\/mblmg.org\/escribas\/wp-json\/wp\/v2\/users\/3"}],"replies":[{"embeddable":true,"href":"https:\/\/mblmg.org\/escribas\/wp-json\/wp\/v2\/comments?post=319"}],"version-history":[{"count":1,"href":"https:\/\/mblmg.org\/escribas\/wp-json\/wp\/v2\/posts\/319\/revisions"}],"predecessor-version":[{"id":324,"href":"https:\/\/mblmg.org\/escribas\/wp-json\/wp\/v2\/posts\/319\/revisions\/324"}],"wp:featuredmedia":[{"embeddable":true,"href":"https:\/\/mblmg.org\/escribas\/wp-json\/wp\/v2\/media\/323"}],"wp:attachment":[{"href":"https:\/\/mblmg.org\/escribas\/wp-json\/wp\/v2\/media?parent=319"}],"wp:term":[{"taxonomy":"category","embeddable":true,"href":"https:\/\/mblmg.org\/escribas\/wp-json\/wp\/v2\/categories?post=319"},{"taxonomy":"post_tag","embeddable":true,"href":"https:\/\/mblmg.org\/escribas\/wp-json\/wp\/v2\/tags?post=319"}],"curies":[{"name":"wp","href":"https:\/\/api.w.org\/{rel}","templated":true}]}}