{"id":325,"date":"2025-02-18T23:46:00","date_gmt":"2025-02-18T23:46:00","guid":{"rendered":"https:\/\/mblmg.org\/escribas\/?p=325"},"modified":"2026-04-14T23:48:40","modified_gmt":"2026-04-14T23:48:40","slug":"prisao-self-made","status":"publish","type":"post","link":"https:\/\/mblmg.org\/escribas\/prisao-self-made\/","title":{"rendered":"Pris\u00e3o Self-Made"},"content":{"rendered":"\n<p>\u201cEra uma casa muito engra\u00e7ada<br>N\u00e3o tinha teto, n\u00e3o tinha nada<br>Ningu\u00e9m podia entrar nela n\u00e3o\u201d<br><strong>A Casa, Vin\u00edcius de Moraes<\/strong><\/p>\n\n\n\n<p>Leitor, voc\u00ea j\u00e1 parou para pensar por que as casas brasileiras s\u00e3o t\u00e3o feias? Fachadas sem criatividade, muros altos, fechadas e, at\u00e9 certo ponto, hostis. Se observarmos outros pa\u00edses, as resid\u00eancias, muitas vezes, t\u00eam muros baixos ou sequer os possuem. Mas aqui \u00e9 o contr\u00e1rio, pelo menos nas grandes cidades.<\/p>\n\n\n\n<p>Ressalva\/Disclaimer: sim, h\u00e1 regi\u00f5es onde isso n\u00e3o se aplica, como cidades do Sul, da regi\u00e3o amaz\u00f4nica, condom\u00ednios fechados e \u00e1reas interiores. Poder\u00edamos citar tamb\u00e9m as favelas, mas a explica\u00e7\u00e3o ali \u00e9 um pouco diferente: falta de espa\u00e7o.<\/p>\n\n\n\n<figure class=\"wp-block-image size-full\"><img loading=\"lazy\" decoding=\"async\" width=\"800\" height=\"531\" src=\"https:\/\/mblmg.org\/escribas\/wp-content\/uploads\/2026\/04\/2j53dv1xbps0w.webp\" alt=\"\" class=\"wp-image-326\" srcset=\"https:\/\/mblmg.org\/escribas\/wp-content\/uploads\/2026\/04\/2j53dv1xbps0w.webp 800w, https:\/\/mblmg.org\/escribas\/wp-content\/uploads\/2026\/04\/2j53dv1xbps0w-300x199.webp 300w, https:\/\/mblmg.org\/escribas\/wp-content\/uploads\/2026\/04\/2j53dv1xbps0w-768x510.webp 768w\" sizes=\"auto, (max-width: 800px) 100vw, 800px\" \/><\/figure>\n\n\n\n<p>Considerando que moramos em um pa\u00eds tropical, nossa arquitetura deveria ser bem mais adequada ao nosso clima. Uma constru\u00e7\u00e3o adaptada \u00e0 tropicalidade contaria com muitas aberturas, \u00e1reas cobertas por telhados amplos e vegeta\u00e7\u00e3o abundante. Dever\u00edamos focar em melhorar a ventila\u00e7\u00e3o, a prote\u00e7\u00e3o contra a chuva e o sol, mas estamos cada vez mais preocupados com a seguran\u00e7a. O medo tem dominado a constru\u00e7\u00e3o vernacular brasileira, fazendo com que as casas fiquem cada vez mais fechadas, escuras e quentes para os residentes. \u201cVernacular\u201d refere-se \u00e0quilo que \u00e9 caracter\u00edstico da cultura ou de um pa\u00eds, e, na arquitetura, indica a constru\u00e7\u00e3o t\u00edpica realizada pela popula\u00e7\u00e3o.<\/p>\n\n\n\n<p>Essa tend\u00eancia \u00e9 influenciada pela crescente viol\u00eancia. Os brasileiros t\u00eam transformado suas pr\u00f3prias casas em uma esp\u00e9cie de pris\u00e3o, cujo objetivo n\u00e3o \u00e9 evitar a fuga, mas impedir a entrada. Essa mudan\u00e7a n\u00e3o surgiu de repente; a resid\u00eancia-pris\u00e3o brasileira foi se desenvolvendo \u00e0 medida que os tipos de crimes variaram e se intensificaram ao longo das d\u00e9cadas. Inicialmente, passaram a ser constru\u00eddos muros e gradis mais altos, com cerca de dois metros de altura. Depois, com a implementa\u00e7\u00e3o de prote\u00e7\u00f5es como cacos de vidro \u2013 comuns at\u00e9 meados da d\u00e9cada de 1990 \u2013 pontas de ferro e ponteiras. Ali\u00e1s, as ponteiras em formato de lan\u00e7a passaram a fazer parte do design das grades. As janelas tamb\u00e9m passaram a ser protegidas por grades, com o objetivo de dificultar ao m\u00e1ximo a entrada e garantir a seguran\u00e7a dos moradores.<\/p>\n\n\n\n<figure class=\"wp-block-image size-full\"><img loading=\"lazy\" decoding=\"async\" width=\"700\" height=\"874\" src=\"https:\/\/mblmg.org\/escribas\/wp-content\/uploads\/2026\/04\/modelo-de-frente-de-casa-simples-13-1.jpg\" alt=\"\" class=\"wp-image-327\" srcset=\"https:\/\/mblmg.org\/escribas\/wp-content\/uploads\/2026\/04\/modelo-de-frente-de-casa-simples-13-1.jpg 700w, https:\/\/mblmg.org\/escribas\/wp-content\/uploads\/2026\/04\/modelo-de-frente-de-casa-simples-13-1-240x300.jpg 240w\" sizes=\"auto, (max-width: 700px) 100vw, 700px\" \/><\/figure>\n\n\n\n<p>No in\u00edcio do s\u00e9culo XXI, cercas el\u00e9tricas tornaram-se comuns. H\u00e1 relatos de acidentes causados por vers\u00f5es caseiras dessas cercas. Posteriormente, a moda passou a ser as concertinas enroladas, que foram criticadas pelas les\u00f5es que provocam em quem tenta ultrapass\u00e1-las. Cachorros, antes apenas de estima\u00e7\u00e3o, passaram a ser utilizados tamb\u00e9m como c\u00e3es de guarda. Os muros, cada vez mais fechados e protegidos no topo, frequentemente exibem placas avisando sobre a presen\u00e7a de animais agressivos. Alguns moradores preferem que o invasor descubra isso por si mesmo, caso tente adentrar o im\u00f3vel. Com a tecnologia cada vez mais acess\u00edvel, c\u00e2meras \u2013 inclusive com vis\u00e3o noturna \u2013 intercomunicadores, sensores de movimento e alarmes tamb\u00e9m passaram a compor esse cen\u00e1rio.<\/p>\n\n\n\n<figure class=\"wp-block-image size-full\"><img loading=\"lazy\" decoding=\"async\" width=\"800\" height=\"345\" src=\"https:\/\/mblmg.org\/escribas\/wp-content\/uploads\/2026\/04\/51.png\" alt=\"\" class=\"wp-image-329\" srcset=\"https:\/\/mblmg.org\/escribas\/wp-content\/uploads\/2026\/04\/51.png 800w, https:\/\/mblmg.org\/escribas\/wp-content\/uploads\/2026\/04\/51-300x129.png 300w, https:\/\/mblmg.org\/escribas\/wp-content\/uploads\/2026\/04\/51-768x331.png 768w\" sizes=\"auto, (max-width: 800px) 100vw, 800px\" \/><\/figure>\n\n\n\n<p>Essa \u00e9 a culmin\u00e2ncia da pris\u00e3o self-made e o fundo do po\u00e7o para as nossas cidades. Fala-se muito em valorizar a cidade e cuidar do ambiente urbano, mas quem pode sentir prazer ou atribuir valor a uma paisagem, em sua maioria, fechada e feita para afastar qualquer curioso? Como estimular as pessoas a serem mais ativas em associa\u00e7\u00f5es de bairros ou a conversarem entre si, se o ambiente estimula o isolamento? A viol\u00eancia tem deteriorado n\u00e3o apenas a arquitetura brasileira, mas tamb\u00e9m a nossa civilidade.<\/p>\n","protected":false},"excerpt":{"rendered":"<p>\u201cEra uma casa muito engra\u00e7adaN\u00e3o tinha teto, n\u00e3o tinha nadaNingu\u00e9m podia entrar nela n\u00e3o\u201dA Casa, Vin\u00edcius de Moraes Leitor, voc\u00ea j\u00e1 parou para pensar por que as casas brasileiras s\u00e3o t\u00e3o feias? Fachadas sem criatividade, muros altos, fechadas e, at\u00e9 certo ponto, hostis. Se observarmos outros pa\u00edses, as resid\u00eancias, muitas vezes, t\u00eam muros baixos ou [&hellip;]<\/p>\n","protected":false},"author":3,"featured_media":330,"comment_status":"open","ping_status":"open","sticky":false,"template":"","format":"standard","meta":{"footnotes":""},"categories":[1],"tags":[],"class_list":["post-325","post","type-post","status-publish","format-standard","has-post-thumbnail","hentry","category-blog"],"_links":{"self":[{"href":"https:\/\/mblmg.org\/escribas\/wp-json\/wp\/v2\/posts\/325","targetHints":{"allow":["GET"]}}],"collection":[{"href":"https:\/\/mblmg.org\/escribas\/wp-json\/wp\/v2\/posts"}],"about":[{"href":"https:\/\/mblmg.org\/escribas\/wp-json\/wp\/v2\/types\/post"}],"author":[{"embeddable":true,"href":"https:\/\/mblmg.org\/escribas\/wp-json\/wp\/v2\/users\/3"}],"replies":[{"embeddable":true,"href":"https:\/\/mblmg.org\/escribas\/wp-json\/wp\/v2\/comments?post=325"}],"version-history":[{"count":1,"href":"https:\/\/mblmg.org\/escribas\/wp-json\/wp\/v2\/posts\/325\/revisions"}],"predecessor-version":[{"id":331,"href":"https:\/\/mblmg.org\/escribas\/wp-json\/wp\/v2\/posts\/325\/revisions\/331"}],"wp:featuredmedia":[{"embeddable":true,"href":"https:\/\/mblmg.org\/escribas\/wp-json\/wp\/v2\/media\/330"}],"wp:attachment":[{"href":"https:\/\/mblmg.org\/escribas\/wp-json\/wp\/v2\/media?parent=325"}],"wp:term":[{"taxonomy":"category","embeddable":true,"href":"https:\/\/mblmg.org\/escribas\/wp-json\/wp\/v2\/categories?post=325"},{"taxonomy":"post_tag","embeddable":true,"href":"https:\/\/mblmg.org\/escribas\/wp-json\/wp\/v2\/tags?post=325"}],"curies":[{"name":"wp","href":"https:\/\/api.w.org\/{rel}","templated":true}]}}