{"id":356,"date":"2025-01-30T13:00:00","date_gmt":"2025-01-30T13:00:00","guid":{"rendered":"https:\/\/mblmg.org\/escribas\/?p=356"},"modified":"2026-04-25T18:52:14","modified_gmt":"2026-04-25T18:52:14","slug":"a-saude-em-belo-horizonte-entre-avancos-e-desafios","status":"publish","type":"post","link":"https:\/\/mblmg.org\/escribas\/a-saude-em-belo-horizonte-entre-avancos-e-desafios\/","title":{"rendered":"A Sa\u00fade em Belo Horizonte: Entre Avan\u00e7os e\u00a0Desafios"},"content":{"rendered":"\n<p>Um dos temas mais explorados durante a elei\u00e7\u00e3o municipal do ano passado para a prefeitura de Belo Horizonte foi a sa\u00fade, algo que n\u00e3o surpreende, visto que \u00e9 um tema recorrente em pleitos municipais. No entanto, Belo Horizonte apresenta algumas peculiaridades. A atual gest\u00e3o orgulha-se de ser a capital que mais investe em sa\u00fade por habitante: R$ 2.015,88 por pessoa \u2014 o maior valor entre as capitais brasileiras, 60% acima da m\u00e9dia nacional, de R$ 1.223,41.<\/p>\n\n\n\n<figure class=\"wp-block-image size-full\"><img loading=\"lazy\" decoding=\"async\" width=\"790\" height=\"474\" src=\"https:\/\/mblmg.org\/escribas\/wp-content\/uploads\/2026\/04\/pessoa-de-jaleco-branco-entrando-no-centro-de-saude-pompeia-em-bh-_1_117884-3.png\" alt=\"\" class=\"wp-image-357\" srcset=\"https:\/\/mblmg.org\/escribas\/wp-content\/uploads\/2026\/04\/pessoa-de-jaleco-branco-entrando-no-centro-de-saude-pompeia-em-bh-_1_117884-3.png 790w, https:\/\/mblmg.org\/escribas\/wp-content\/uploads\/2026\/04\/pessoa-de-jaleco-branco-entrando-no-centro-de-saude-pompeia-em-bh-_1_117884-3-300x180.png 300w, https:\/\/mblmg.org\/escribas\/wp-content\/uploads\/2026\/04\/pessoa-de-jaleco-branco-entrando-no-centro-de-saude-pompeia-em-bh-_1_117884-3-768x461.png 768w\" sizes=\"auto, (max-width: 790px) 100vw, 790px\" \/><\/figure>\n\n\n\n<p>Ainda assim, esse alto n\u00edvel de investimento n\u00e3o impede a insatisfa\u00e7\u00e3o dos mun\u00edcipes. Um exemplo emblem\u00e1tico \u00e9 um caso ocorrido em 2023, no Centro de Sa\u00fade Santa Am\u00e9lia, onde um paciente agrediu um m\u00e9dico de 44 anos, quebrando o bra\u00e7o direito do profissional. A viol\u00eancia foi motivada pela insatisfa\u00e7\u00e3o da paciente com o tempo de espera no atendimento e \u201cpor um suposto erro cometido pelo m\u00e9dico, que teria escrito o nome dela de forma errada em uma receita m\u00e9dica\u201d.<\/p>\n\n\n\n<p><br>Este n\u00e3o \u00e9 um caso isolado. Belo Horizonte registra, em m\u00e9dia, 30 casos de viol\u00eancia por ano em unidades de sa\u00fade. Outro dado do mesmo jornal revela que, at\u00e9 setembro de 2023, j\u00e1 haviam ocorrido 29 casos de viol\u00eancia em unidades de sa\u00fade da capital.<\/p>\n\n\n\n<p><br>Apesar das cr\u00edticas, \u00e9 importante reconhecer os avan\u00e7os realizados nos \u00faltimos anos. A gest\u00e3o de Alexandre Kalil encontrou o sistema de sa\u00fade em condi\u00e7\u00f5es muito mais prec\u00e1rias. At\u00e9 2017, havia relatos de servidores organizando \u201cvaquinhas\u201d para a compra de fraldas geri\u00e1tricas, centros de sa\u00fade com o forro desabando devido \u00e0s chuvas e servidores frequentemente amea\u00e7ados ou agredidos por pacientes. Infelizmente, essa \u00faltima situa\u00e7\u00e3o persiste.<\/p>\n\n\n\n<p><br>Kalil assumiu a prefeitura com o compromisso de priorizar a zeladoria, ou seja, fazer funcionar aquilo que a cidade j\u00e1 possu\u00eda. No setor da sa\u00fade, isso traduziu-se na reconstru\u00e7\u00e3o e reforma de centros de sa\u00fade. De acordo com o plano de governo de Fuad Noman, sucessor de Kalil, Belo Horizonte reconstruiu 50 centros de sa\u00fade desde 2017 por meio de Parcerias P\u00fablico-Privadas (PPP). Isso representa a moderniza\u00e7\u00e3o de um ter\u00e7o das unidades existentes na cidade. Tal foco \u00e9 essencial, j\u00e1 que os centros de sa\u00fade municipais atendem, em m\u00e9dia, cinco mil pessoas por ano.<\/p>\n\n\n\n<figure class=\"wp-block-image size-large\"><img loading=\"lazy\" decoding=\"async\" width=\"1024\" height=\"576\" src=\"https:\/\/mblmg.org\/escribas\/wp-content\/uploads\/2026\/04\/kalil-e-fuad-foto-pbh3-scaled-1280x720-2-1024x576.jpg\" alt=\"\" class=\"wp-image-358\" srcset=\"https:\/\/mblmg.org\/escribas\/wp-content\/uploads\/2026\/04\/kalil-e-fuad-foto-pbh3-scaled-1280x720-2-1024x576.jpg 1024w, https:\/\/mblmg.org\/escribas\/wp-content\/uploads\/2026\/04\/kalil-e-fuad-foto-pbh3-scaled-1280x720-2-300x169.jpg 300w, https:\/\/mblmg.org\/escribas\/wp-content\/uploads\/2026\/04\/kalil-e-fuad-foto-pbh3-scaled-1280x720-2-768x432.jpg 768w, https:\/\/mblmg.org\/escribas\/wp-content\/uploads\/2026\/04\/kalil-e-fuad-foto-pbh3-scaled-1280x720-2-1200x675.jpg 1200w, https:\/\/mblmg.org\/escribas\/wp-content\/uploads\/2026\/04\/kalil-e-fuad-foto-pbh3-scaled-1280x720-2.jpg 1280w\" sizes=\"auto, (max-width: 1024px) 100vw, 1024px\" \/><\/figure>\n\n\n\n<p>Apesar das reformas, a sobrecarga nas unidades de sa\u00fade permanece um problema cr\u00edtico. Cleide Don\u00e1ria de Oliveira, representante do Sindbel, destacou em entrevista ao Hoje em Dia que, desde 2009, havia a promessa de construir 81 novas unidades de sa\u00fade em Belo Horizonte. No entanto, at\u00e9 a gest\u00e3o Kalil, apenas quatro haviam sido entregues. Restam, portanto, 77 unidades pendentes, um n\u00famero alarmante considerando o crescimento populacional e o aumento da demanda nos \u00faltimos anos.<\/p>\n\n\n\n<p><br>Se em 2009 j\u00e1 havia consenso sobre a necessidade de novas unidades, \u00e9 l\u00f3gico concluir que essa car\u00eancia se agravou. O resultado dessa insufici\u00eancia \u00e9 a superlota\u00e7\u00e3o, a demora nos atendimentos e a consequente migra\u00e7\u00e3o de muitos cidad\u00e3os para a sa\u00fade suplementar.<\/p>\n\n\n\n<p><br>A crescente insatisfa\u00e7\u00e3o com o sistema p\u00fablico de sa\u00fade reflete-se no aumento da ades\u00e3o a planos de sa\u00fade privados. Dados da Ag\u00eancia Nacional de Sa\u00fade Suplementar (ANS) de setembro de 2023 indicam que 55% da popula\u00e7\u00e3o de Belo Horizonte possui cobertura de planos privados, totalizando 1.265.264 vidas seguradas. Esse n\u00famero \u00e9 um reflexo direto da falta de confian\u00e7a no sistema p\u00fablico, levando a popula\u00e7\u00e3o a buscar alternativas para garantir seguran\u00e7a e bem-estar.<\/p>\n\n\n\n<p><br>Outra cr\u00edtica relevante \u00e0 gest\u00e3o atual \u00e9 a falta de transpar\u00eancia em rela\u00e7\u00e3o \u00e0s filas para consultas na cidade. Segundo Rodrigo Paiva, em seu artigo, a prefeitura n\u00e3o divulga informa\u00e7\u00f5es detalhadas sobre essas filas, o que afronta o princ\u00edpio administrativo da transpar\u00eancia e desrespeita a Lei de Acesso \u00e0 Informa\u00e7\u00e3o (LAI).<\/p>\n\n\n\n<figure class=\"wp-block-image\"><img decoding=\"async\" src=\"https:\/\/mgmbl.wordpress.com\/wp-content\/uploads\/2025\/01\/51592057078_7be0689238_k.jpg?w=1024\" alt=\"\" class=\"wp-image-723\"\/><\/figure>\n\n\n\n<p>A sa\u00fade p\u00fablica em Belo Horizonte apresenta avan\u00e7os importantes, mas ainda enfrenta desafios estruturais e administrativos que comprometem sua efici\u00eancia. A moderniza\u00e7\u00e3o de parte das unidades e os altos investimentos s\u00e3o passos positivos, mas insuficientes para atender plenamente a demanda da popula\u00e7\u00e3o. \u00c9 urgente que a gest\u00e3o municipal adote pol\u00edticas mais transparentes e amplie a capacidade de atendimento, garantindo que a sa\u00fade p\u00fablica seja um direito acess\u00edvel e digno para todos.<\/p>\n\n\n\n<figure class=\"wp-block-embed\"><div class=\"wp-block-embed__wrapper\">\nhttps:\/\/www.itatiaia.com.br\/cidades\/2023\/11\/07\/medico-agredido-por-lutador-em-centro-de-saude-usou-artes-marciais-para-tentar-me-matar\n<\/div><\/figure>\n","protected":false},"excerpt":{"rendered":"<p>Um dos temas mais explorados durante a elei\u00e7\u00e3o municipal do ano passado para a prefeitura de Belo Horizonte foi a sa\u00fade, algo que n\u00e3o surpreende, visto que \u00e9 um tema recorrente em pleitos municipais. No entanto, Belo Horizonte apresenta algumas peculiaridades. A atual gest\u00e3o orgulha-se de ser a capital que mais investe em sa\u00fade por [&hellip;]<\/p>\n","protected":false},"author":3,"featured_media":357,"comment_status":"open","ping_status":"open","sticky":false,"template":"","format":"standard","meta":{"footnotes":""},"categories":[1],"tags":[],"class_list":["post-356","post","type-post","status-publish","format-standard","has-post-thumbnail","hentry","category-blog"],"_links":{"self":[{"href":"https:\/\/mblmg.org\/escribas\/wp-json\/wp\/v2\/posts\/356","targetHints":{"allow":["GET"]}}],"collection":[{"href":"https:\/\/mblmg.org\/escribas\/wp-json\/wp\/v2\/posts"}],"about":[{"href":"https:\/\/mblmg.org\/escribas\/wp-json\/wp\/v2\/types\/post"}],"author":[{"embeddable":true,"href":"https:\/\/mblmg.org\/escribas\/wp-json\/wp\/v2\/users\/3"}],"replies":[{"embeddable":true,"href":"https:\/\/mblmg.org\/escribas\/wp-json\/wp\/v2\/comments?post=356"}],"version-history":[{"count":1,"href":"https:\/\/mblmg.org\/escribas\/wp-json\/wp\/v2\/posts\/356\/revisions"}],"predecessor-version":[{"id":359,"href":"https:\/\/mblmg.org\/escribas\/wp-json\/wp\/v2\/posts\/356\/revisions\/359"}],"wp:featuredmedia":[{"embeddable":true,"href":"https:\/\/mblmg.org\/escribas\/wp-json\/wp\/v2\/media\/357"}],"wp:attachment":[{"href":"https:\/\/mblmg.org\/escribas\/wp-json\/wp\/v2\/media?parent=356"}],"wp:term":[{"taxonomy":"category","embeddable":true,"href":"https:\/\/mblmg.org\/escribas\/wp-json\/wp\/v2\/categories?post=356"},{"taxonomy":"post_tag","embeddable":true,"href":"https:\/\/mblmg.org\/escribas\/wp-json\/wp\/v2\/tags?post=356"}],"curies":[{"name":"wp","href":"https:\/\/api.w.org\/{rel}","templated":true}]}}