{"id":374,"date":"2025-01-16T18:56:00","date_gmt":"2025-01-16T18:56:00","guid":{"rendered":"https:\/\/mblmg.org\/escribas\/?p=374"},"modified":"2026-04-25T18:58:40","modified_gmt":"2026-04-25T18:58:40","slug":"sublime-barroco","status":"publish","type":"post","link":"https:\/\/mblmg.org\/escribas\/sublime-barroco\/","title":{"rendered":"Sublime Barroco"},"content":{"rendered":"\n<p>No cora\u00e7\u00e3o de Minas Gerais, o barroco n\u00e3o \u00e9 apenas arte; \u00e9 alma. \u00c9 a concretiza\u00e7\u00e3o do sublime, que desafia o ef\u00eamero e nos eleva ao eterno. Igrejas monumentais, com altares que parecem alcan\u00e7ar o infinito, s\u00e3o revestidas de ouro que reluz como uma promessa divina. Erguidas nos pontos mais altos das cidades, essas constru\u00e7\u00f5es tornam-se sentinelas do c\u00e9u, fundindo-se \u00e0 geografia montanhosa enquanto abra\u00e7am a pequenez humana.<\/p>\n\n\n\n<figure class=\"wp-block-image size-full\"><img loading=\"lazy\" decoding=\"async\" width=\"665\" height=\"1000\" src=\"https:\/\/mblmg.org\/escribas\/wp-content\/uploads\/2026\/04\/profetasdealeijadinho.png\" alt=\"\" class=\"wp-image-375\" srcset=\"https:\/\/mblmg.org\/escribas\/wp-content\/uploads\/2026\/04\/profetasdealeijadinho.png 665w, https:\/\/mblmg.org\/escribas\/wp-content\/uploads\/2026\/04\/profetasdealeijadinho-200x300.png 200w\" sizes=\"auto, (max-width: 665px) 100vw, 665px\" \/><\/figure>\n\n\n\n<p>Sob as m\u00e3os de mestres como Aleijadinho e Mestre Ata\u00edde, o barroco mineiro adquiriu uma singularidade que transcende sua origem europeia. \u00c9 um barroco moldado pelo cedro, pela pedra-sab\u00e3o, pelo ouro arrancado das entranhas da terra \u2014 materiais simples, t\u00e3o nossos, que, quando esculpidos, revelam a complexidade da exist\u00eancia. Cada ornamento floral, cada espiral dourada, cada figura angelical convida \u00e0 contempla\u00e7\u00e3o, colocando-nos diante da fragilidade e da gl\u00f3ria da vida.<\/p>\n\n\n\n<p>Aqui, o homem barroco enfrenta uma eterna contradi\u00e7\u00e3o: viver intensamente o transit\u00f3rio ou renunciar ao ef\u00eamero em busca do eterno? Nas igrejas mineiras, entre cores vivas e detalhes infinitos, essa pergunta ganha forma. O barroco \u00e9 movimento e conflito; \u00e9 o encontro entre luz e sombra, carne e esp\u00edrito. \u00c9 uma beleza que comove, que faz o pequeno sentir-se ainda menor, mas tamb\u00e9m parte de algo maior, algo divino.<\/p>\n\n\n\n<p>E como n\u00e3o conectar o barroco ao mist\u00e9rio do Natal? N\u00e3o o Natal do consumo desmedido, mas o Natal sagrado, que celebra o nascimento de Cristo, aquele que se fez Filho do Homem para que pud\u00e9ssemos ser filhos de Deus. Assim como a simplicidade do pres\u00e9pio nos ensina, o barroco mineiro reflete Minas Gerais: vilarejos de casinhas r\u00fasticas que cercam igrejas imponentes, como um abra\u00e7o que acolhe e, ao mesmo tempo, aponta para o alto.<\/p>\n\n\n\n<figure class=\"wp-block-image size-full\"><img loading=\"lazy\" decoding=\"async\" width=\"1024\" height=\"683\" src=\"https:\/\/mblmg.org\/escribas\/wp-content\/uploads\/2026\/04\/gettyimages-657536760-1-1024x683-1-3.jpg\" alt=\"\" class=\"wp-image-376\" srcset=\"https:\/\/mblmg.org\/escribas\/wp-content\/uploads\/2026\/04\/gettyimages-657536760-1-1024x683-1-3.jpg 1024w, https:\/\/mblmg.org\/escribas\/wp-content\/uploads\/2026\/04\/gettyimages-657536760-1-1024x683-1-3-300x200.jpg 300w, https:\/\/mblmg.org\/escribas\/wp-content\/uploads\/2026\/04\/gettyimages-657536760-1-1024x683-1-3-768x512.jpg 768w, https:\/\/mblmg.org\/escribas\/wp-content\/uploads\/2026\/04\/gettyimages-657536760-1-1024x683-1-3-600x400.jpg 600w\" sizes=\"auto, (max-width: 1024px) 100vw, 1024px\" \/><\/figure>\n\n\n\n<p>A beleza do barroco mineiro n\u00e3o \u00e9 apenas agrad\u00e1vel; \u00e9 provocativa. N\u00e3o \u00e9 um belo que apenas encanta, mas o sublime que eleva. Ao contemplar uma dessas igrejas, n\u00e3o \u00e9 somente a habilidade humana que impressiona, mas a sensa\u00e7\u00e3o de algo que transcende o humano. Essa arte n\u00e3o apenas retrata o sagrado; ela o convida a habitar entre n\u00f3s.<\/p>\n\n\n\n<p>Em Minas Gerais, o divino n\u00e3o est\u00e1 distante. Ele se revela no sorriso simples, no gesto acolhedor, no aroma de caf\u00e9 com broa, na simplicidade do vilarejo \u00e0 sombra da igreja. Como o Natal, o barroco \u00e9 um chamado ao eterno, ao belo porque \u00e9 bom.<\/p>\n\n\n\n<p>Nas palavras do profeta Isa\u00edas:<br>\u201cPorque um menino nos nasceu, um filho se nos deu, e o principado est\u00e1 sobre os seus ombros; e se chamar\u00e1 o seu nome: Maravilhoso, Conselheiro, Deus Forte, Pai da Eternidade, Pr\u00edncipe da Paz.\u201d (Isa\u00edas 9:6)<\/p>\n\n\n\n<figure class=\"wp-block-image size-full\"><img loading=\"lazy\" decoding=\"async\" width=\"467\" height=\"600\" src=\"https:\/\/mblmg.org\/escribas\/wp-content\/uploads\/2026\/04\/teto-da-igreja-de-sao-francisco-de-assis.png\" alt=\"\" class=\"wp-image-377\" srcset=\"https:\/\/mblmg.org\/escribas\/wp-content\/uploads\/2026\/04\/teto-da-igreja-de-sao-francisco-de-assis.png 467w, https:\/\/mblmg.org\/escribas\/wp-content\/uploads\/2026\/04\/teto-da-igreja-de-sao-francisco-de-assis-234x300.png 234w\" sizes=\"auto, (max-width: 467px) 100vw, 467px\" \/><\/figure>\n\n\n\n<p>E S\u00e3o Le\u00e3o Magno ecoa:<br>\u201cO esvaziamento pelo qual o invis\u00edvel se tornou vis\u00edvel, pelo qual o Criador e Senhor de tudo escolheu tornar-se um dos mortais, foi uma inclina\u00e7\u00e3o de sua miseric\u00f3rdia, e n\u00e3o a priva\u00e7\u00e3o de seu poder. Da for\u00e7a inef\u00e1vel de Deus resultou que, estando o Deus verdadeiro unido \u00e0 carne suscet\u00edvel de sofrimento, ao homem veio a gl\u00f3ria pelo ultraje, a incorruptibilidade pelo supl\u00edcio, e a vida pela morte.\u201d<\/p>\n\n\n\n<p>O barroco mineiro \u00e9, assim, um convite \u00e0 reflex\u00e3o e \u00e0 contempla\u00e7\u00e3o. Entre as montanhas de Minas e a vastid\u00e3o do c\u00e9u, ele nos sussurra: o eterno est\u00e1 aqui, no simples que aponta para o infinito.<\/p>\n","protected":false},"excerpt":{"rendered":"<p>No cora\u00e7\u00e3o de Minas Gerais, o barroco n\u00e3o \u00e9 apenas arte; \u00e9 alma. \u00c9 a concretiza\u00e7\u00e3o do sublime, que desafia o ef\u00eamero e nos eleva ao eterno. Igrejas monumentais, com altares que parecem alcan\u00e7ar o infinito, s\u00e3o revestidas de ouro que reluz como uma promessa divina. Erguidas nos pontos mais altos das cidades, essas constru\u00e7\u00f5es [&hellip;]<\/p>\n","protected":false},"author":3,"featured_media":378,"comment_status":"open","ping_status":"open","sticky":false,"template":"","format":"standard","meta":{"footnotes":""},"categories":[1],"tags":[],"class_list":["post-374","post","type-post","status-publish","format-standard","has-post-thumbnail","hentry","category-blog"],"_links":{"self":[{"href":"https:\/\/mblmg.org\/escribas\/wp-json\/wp\/v2\/posts\/374","targetHints":{"allow":["GET"]}}],"collection":[{"href":"https:\/\/mblmg.org\/escribas\/wp-json\/wp\/v2\/posts"}],"about":[{"href":"https:\/\/mblmg.org\/escribas\/wp-json\/wp\/v2\/types\/post"}],"author":[{"embeddable":true,"href":"https:\/\/mblmg.org\/escribas\/wp-json\/wp\/v2\/users\/3"}],"replies":[{"embeddable":true,"href":"https:\/\/mblmg.org\/escribas\/wp-json\/wp\/v2\/comments?post=374"}],"version-history":[{"count":1,"href":"https:\/\/mblmg.org\/escribas\/wp-json\/wp\/v2\/posts\/374\/revisions"}],"predecessor-version":[{"id":379,"href":"https:\/\/mblmg.org\/escribas\/wp-json\/wp\/v2\/posts\/374\/revisions\/379"}],"wp:featuredmedia":[{"embeddable":true,"href":"https:\/\/mblmg.org\/escribas\/wp-json\/wp\/v2\/media\/378"}],"wp:attachment":[{"href":"https:\/\/mblmg.org\/escribas\/wp-json\/wp\/v2\/media?parent=374"}],"wp:term":[{"taxonomy":"category","embeddable":true,"href":"https:\/\/mblmg.org\/escribas\/wp-json\/wp\/v2\/categories?post=374"},{"taxonomy":"post_tag","embeddable":true,"href":"https:\/\/mblmg.org\/escribas\/wp-json\/wp\/v2\/tags?post=374"}],"curies":[{"name":"wp","href":"https:\/\/api.w.org\/{rel}","templated":true}]}}