{"id":380,"date":"2025-01-14T18:59:00","date_gmt":"2025-01-14T18:59:00","guid":{"rendered":"https:\/\/mblmg.org\/escribas\/?p=380"},"modified":"2026-04-25T19:00:14","modified_gmt":"2026-04-25T19:00:14","slug":"a-pior-primeira-dama-do-brasil-a-esbanja","status":"publish","type":"post","link":"https:\/\/mblmg.org\/escribas\/a-pior-primeira-dama-do-brasil-a-esbanja\/","title":{"rendered":"A Pior Primeira-Dama do Brasil: A \u201cEsbanja\u201d"},"content":{"rendered":"\n<p>Recentemente, foi amplamente divulgado um v\u00eddeo da primeira-dama, Janja da Silva, atacando o bilion\u00e1rio Elon Musk com um sonoro \u201cF@ck You\u201d. Esse epis\u00f3dio gerou desgaste diplom\u00e1tico com o futuro governo Trump, no qual Musk ter\u00e1 um papel relevante.<\/p>\n\n\n\n<p>Al\u00e9m desse embara\u00e7o, ressurgiu o debate sobre as atitudes e declara\u00e7\u00f5es pol\u00eamicas da atual esposa do presidente. Um exemplo foi o epis\u00f3dio em que ela culpou Jair e Michelle Bolsonaro pelo desaparecimento de im\u00f3veis no Alvorada. Mais tarde, os objetos foram encontrados no pr\u00f3prio Pal\u00e1cio. Enquanto isso, o casal Lula e Janja adquiriu im\u00f3veis de luxo financiados com recursos p\u00fablicos. Ora, n\u00e3o \u00e9 de se perguntar se Janja se comporta como uma dondoca?<\/p>\n\n\n\n<figure class=\"wp-block-image size-full\"><img loading=\"lazy\" decoding=\"async\" width=\"1024\" height=\"575\" src=\"https:\/\/mblmg.org\/escribas\/wp-content\/uploads\/2026\/04\/lula-com-janja-no-alvorada-20-10-2023-foto-ricardo-stuckert-secom.jpg-2.jpg\" alt=\"\" class=\"wp-image-381\" srcset=\"https:\/\/mblmg.org\/escribas\/wp-content\/uploads\/2026\/04\/lula-com-janja-no-alvorada-20-10-2023-foto-ricardo-stuckert-secom.jpg-2.jpg 1024w, https:\/\/mblmg.org\/escribas\/wp-content\/uploads\/2026\/04\/lula-com-janja-no-alvorada-20-10-2023-foto-ricardo-stuckert-secom.jpg-2-300x168.jpg 300w, https:\/\/mblmg.org\/escribas\/wp-content\/uploads\/2026\/04\/lula-com-janja-no-alvorada-20-10-2023-foto-ricardo-stuckert-secom.jpg-2-768x431.jpg 768w\" sizes=\"auto, (max-width: 1024px) 100vw, 1024px\" \/><\/figure>\n\n\n\n<p>Outro ponto controverso \u00e9 o chamado \u201cJanjapalooza\u201d, um festival de m\u00fasica realizado no \u00e2mbito do G20 Social, apoiado por Janja e financiado com dinheiro de empresas estatais \u2014 ou seja, dinheiro p\u00fablico. Estima-se que o evento tenha custado cerca de R$ 33,5 milh\u00f5es. Somando-se a isso os gastos com hot\u00e9is de luxo, reformas e outros itens sup\u00e9rfluos, os valores ultrapassam R$ 63 milh\u00f5es provenientes dos cofres p\u00fablicos at\u00e9 o momento.<\/p>\n\n\n\n<p>Diante disso, temos uma primeira-dama aparentemente desconectada da realidade da popula\u00e7\u00e3o, mas sempre disposta a opinar sobre assuntos em que n\u00e3o deveria interferir. Lula n\u00e3o parece inclinado a question\u00e1-la, o que significa que ela continuar\u00e1 exercendo o papel de \u201cpalpiteira da Rep\u00fablica\u201d sem encontrar resist\u00eancia.<\/p>\n\n\n\n<figure class=\"wp-block-image size-full\"><img loading=\"lazy\" decoding=\"async\" width=\"224\" height=\"225\" src=\"https:\/\/mblmg.org\/escribas\/wp-content\/uploads\/2026\/04\/images-1-1-1.jpg\" alt=\"\" class=\"wp-image-382\" srcset=\"https:\/\/mblmg.org\/escribas\/wp-content\/uploads\/2026\/04\/images-1-1-1.jpg 224w, https:\/\/mblmg.org\/escribas\/wp-content\/uploads\/2026\/04\/images-1-1-1-150x150.jpg 150w\" sizes=\"auto, (max-width: 224px) 100vw, 224px\" \/><\/figure>\n\n\n\n<p>Quer mais um exemplo dessa desconex\u00e3o? Certa vez, ela afirmou em uma rede social que a tributa\u00e7\u00e3o de lojas online atingiria \u201csomente as empresas\u201d e n\u00e3o os consumidores. Essa declara\u00e7\u00e3o demonstra desconhecimento b\u00e1sico de economia, j\u00e1 que \u00e9 sabido que o imposto acaba sendo repassado ao consumidor no pre\u00e7o final.<\/p>\n\n\n\n<p>Por fim, deixo uma recomenda\u00e7\u00e3o: o Janj\u00f4metro. Trata-se de um excelente site para acompanhar de forma transparente os gastos da primeira-dama. Acesse e confira!<\/p>\n\n\n\n<p><a href=\"https:\/\/www.janjometro.com\">https:\/\/www.janjometro.com<\/a><\/p>\n","protected":false},"excerpt":{"rendered":"<p>Recentemente, foi amplamente divulgado um v\u00eddeo da primeira-dama, Janja da Silva, atacando o bilion\u00e1rio Elon Musk com um sonoro \u201cF@ck You\u201d. Esse epis\u00f3dio gerou desgaste diplom\u00e1tico com o futuro governo Trump, no qual Musk ter\u00e1 um papel relevante. Al\u00e9m desse embara\u00e7o, ressurgiu o debate sobre as atitudes e declara\u00e7\u00f5es pol\u00eamicas da atual esposa do presidente. [&hellip;]<\/p>\n","protected":false},"author":3,"featured_media":384,"comment_status":"open","ping_status":"open","sticky":false,"template":"","format":"standard","meta":{"footnotes":""},"categories":[1],"tags":[],"class_list":["post-380","post","type-post","status-publish","format-standard","has-post-thumbnail","hentry","category-blog"],"_links":{"self":[{"href":"https:\/\/mblmg.org\/escribas\/wp-json\/wp\/v2\/posts\/380","targetHints":{"allow":["GET"]}}],"collection":[{"href":"https:\/\/mblmg.org\/escribas\/wp-json\/wp\/v2\/posts"}],"about":[{"href":"https:\/\/mblmg.org\/escribas\/wp-json\/wp\/v2\/types\/post"}],"author":[{"embeddable":true,"href":"https:\/\/mblmg.org\/escribas\/wp-json\/wp\/v2\/users\/3"}],"replies":[{"embeddable":true,"href":"https:\/\/mblmg.org\/escribas\/wp-json\/wp\/v2\/comments?post=380"}],"version-history":[{"count":1,"href":"https:\/\/mblmg.org\/escribas\/wp-json\/wp\/v2\/posts\/380\/revisions"}],"predecessor-version":[{"id":383,"href":"https:\/\/mblmg.org\/escribas\/wp-json\/wp\/v2\/posts\/380\/revisions\/383"}],"wp:featuredmedia":[{"embeddable":true,"href":"https:\/\/mblmg.org\/escribas\/wp-json\/wp\/v2\/media\/384"}],"wp:attachment":[{"href":"https:\/\/mblmg.org\/escribas\/wp-json\/wp\/v2\/media?parent=380"}],"wp:term":[{"taxonomy":"category","embeddable":true,"href":"https:\/\/mblmg.org\/escribas\/wp-json\/wp\/v2\/categories?post=380"},{"taxonomy":"post_tag","embeddable":true,"href":"https:\/\/mblmg.org\/escribas\/wp-json\/wp\/v2\/tags?post=380"}],"curies":[{"name":"wp","href":"https:\/\/api.w.org\/{rel}","templated":true}]}}