{"id":385,"date":"2025-12-08T19:00:00","date_gmt":"2025-12-08T19:00:00","guid":{"rendered":"https:\/\/mblmg.org\/escribas\/?p=385"},"modified":"2026-04-25T19:02:21","modified_gmt":"2026-04-25T19:02:21","slug":"minas-gerais-304-anos-de-historia-cultura-e-resistencia","status":"publish","type":"post","link":"https:\/\/mblmg.org\/escribas\/minas-gerais-304-anos-de-historia-cultura-e-resistencia\/","title":{"rendered":"Minas Gerais, 304 Anos de Hist\u00f3ria, Cultura e\u00a0Resist\u00eancia"},"content":{"rendered":"\n<p>Minas Gerais \u00e9 um cora\u00e7\u00e3o pulsante no mapa do Brasil, feito de montanhas, hist\u00f3rias e lutas. Celebrar seus 304 anos \u00e9 honrar um territ\u00f3rio de belezas naturais e legado humano que ajudou a construir o pa\u00eds. Desde os primeiros passos dos bandeirantes no s\u00e9culo XVI, desbravando terras em busca de riquezas minerais, Minas se consolidou como um espa\u00e7o de descobertas, encontros e transforma\u00e7\u00f5es.<\/p>\n\n\n\n<p>O ciclo do ouro, no s\u00e9culo XVIII, fez a regi\u00e3o brilhar n\u00e3o apenas pela riqueza extra\u00edda das montanhas, mas tamb\u00e9m pela cultura que floresceu. Cidades hist\u00f3ricas como Ouro Preto, Mariana, Tiradentes e Congonhas guardam at\u00e9 hoje a marca do barroco brasileiro, com igrejas ornamentadas e esculturas que refletem a genialidade de artistas como Aleijadinho. Foi em meio a essa opul\u00eancia e \u00e0 dura cobran\u00e7a de impostos que a resist\u00eancia come\u00e7ou a germinar, culminando na Inconfid\u00eancia Mineira, movimento que se tornou s\u00edmbolo da luta por liberdade no Brasil.<\/p>\n\n\n\n<figure class=\"wp-block-image size-full\"><img loading=\"lazy\" decoding=\"async\" width=\"1024\" height=\"690\" src=\"https:\/\/mblmg.org\/escribas\/wp-content\/uploads\/2026\/04\/image-2-2.png\" alt=\"\" class=\"wp-image-386\" srcset=\"https:\/\/mblmg.org\/escribas\/wp-content\/uploads\/2026\/04\/image-2-2.png 1024w, https:\/\/mblmg.org\/escribas\/wp-content\/uploads\/2026\/04\/image-2-2-300x202.png 300w, https:\/\/mblmg.org\/escribas\/wp-content\/uploads\/2026\/04\/image-2-2-768x518.png 768w\" sizes=\"auto, (max-width: 1024px) 100vw, 1024px\" \/><\/figure>\n\n\n\n<p>A frase inscrita na bandeira do estado, \u201cLibertas quae sera tamen\u201d \u2014 \u201cLiberdade, ainda que tardia\u201d \u2014, \u00e9 muito mais do que um lema. \u00c9 o reflexo de um esp\u00edrito que desafia opress\u00f5es e acredita na autonomia como valor essencial. Esse sentimento atravessa gera\u00e7\u00f5es, alimentando o orgulho mineiro e sua disposi\u00e7\u00e3o para resistir e reinventar-se.<\/p>\n\n\n\n<p>No s\u00e9culo XIX, a minera\u00e7\u00e3o cedeu espa\u00e7o ao cultivo do caf\u00e9, que rapidamente transformou Minas Gerais em um dos maiores polos econ\u00f4micos do pa\u00eds. O \u201couro verde\u201d trouxe progresso e impulsionou a industrializa\u00e7\u00e3o, tornando o estado uma pot\u00eancia agr\u00edcola e industrial. Essa transi\u00e7\u00e3o fortaleceu as cidades, conectando o interior ao mundo e mostrando a capacidade mineira de adapta\u00e7\u00e3o \u00e0s demandas do tempo.<\/p>\n\n\n\n<p>Mas Minas n\u00e3o \u00e9 apenas economia ou pol\u00edtica. \u00c9 cultura, tradi\u00e7\u00e3o e hospitalidade. O estado \u00e9 conhecido por sua culin\u00e1ria inigual\u00e1vel \u2014 o p\u00e3o de queijo que aquece as manh\u00e3s, o frango com quiabo que embala os almo\u00e7os de domingo e a goiabada casc\u00e3o que adorna as mesas. \u00c9 tamb\u00e9m a terra de m\u00fasica e poesia, onde as serestas, o viol\u00e3o e os versos ecoam pelas montanhas, embalando hist\u00f3rias e amores.<\/p>\n\n\n\n<figure class=\"wp-block-image size-full\"><img loading=\"lazy\" decoding=\"async\" width=\"1024\" height=\"576\" src=\"https:\/\/mblmg.org\/escribas\/wp-content\/uploads\/2026\/04\/image-6.webp\" alt=\"\" class=\"wp-image-388\" srcset=\"https:\/\/mblmg.org\/escribas\/wp-content\/uploads\/2026\/04\/image-6.webp 1024w, https:\/\/mblmg.org\/escribas\/wp-content\/uploads\/2026\/04\/image-6-300x169.webp 300w, https:\/\/mblmg.org\/escribas\/wp-content\/uploads\/2026\/04\/image-6-768x432.webp 768w\" sizes=\"auto, (max-width: 1024px) 100vw, 1024px\" \/><\/figure>\n\n\n\n<p>O mineiro, por sua vez, \u00e9 reflexo de sua terra. Simples, desconfiado e gentil, carrega no peito a sabedoria de quem aprendeu com a natureza a valorizar o que \u00e9 essencial. Sabe escutar mais do que falar, abra\u00e7a com o olhar e, mesmo sem dizer, transmite afeto e confian\u00e7a. \u201cUai\u201d, palavra t\u00e3o pequena, \u00e9 a chave para entender a alma mineira \u2014 \u00e9 surpresa, d\u00favida, afirma\u00e7\u00e3o e acolhimento, tudo junto, num s\u00f3 som.<\/p>\n\n\n\n<p>Minas tamb\u00e9m \u00e9 f\u00e9. O povo mineiro, religioso por ess\u00eancia, encontra no sagrado um ref\u00fagio e um guia. As festas religiosas, como as romarias e o Jubileu do Senhor Bom Jesus de Matosinhos, s\u00e3o momentos de celebra\u00e7\u00e3o da espiritualidade e da comunh\u00e3o. E, ao mesmo tempo, Minas \u00e9 ber\u00e7o de inova\u00e7\u00e3o, com filhos ilustres que marcaram a hist\u00f3ria do Brasil, de Tiradentes a Juscelino Kubitschek, de Guimar\u00e3es Rosa a Carlos Drummond de Andrade.<\/p>\n\n\n\n<figure class=\"wp-block-image size-full\"><img loading=\"lazy\" decoding=\"async\" width=\"750\" height=\"450\" src=\"https:\/\/mblmg.org\/escribas\/wp-content\/uploads\/2026\/04\/image-4-1.png\" alt=\"\" class=\"wp-image-389\" srcset=\"https:\/\/mblmg.org\/escribas\/wp-content\/uploads\/2026\/04\/image-4-1.png 750w, https:\/\/mblmg.org\/escribas\/wp-content\/uploads\/2026\/04\/image-4-1-300x180.png 300w\" sizes=\"auto, (max-width: 750px) 100vw, 750px\" \/><\/figure>\n\n\n\n<p>Hoje, ao celebrar seus 304 anos, Minas Gerais n\u00e3o comemora apenas a riqueza de sua hist\u00f3ria, mas tamb\u00e9m a for\u00e7a de seu presente e as promessas de seu futuro. \u00c9 um estado que inspira, encanta e acolhe, com suas montanhas que parecem abra\u00e7ar quem chega e seu povo que convida a ficar.<\/p>\n\n\n\n<p>Salve, Minas Gerais! Que suas tradi\u00e7\u00f5es permane\u00e7am vivas, que sua cultura continue a florescer e que sua gente nunca perca o orgulho de ser mineira. Que este anivers\u00e1rio seja mais um cap\u00edtulo de uma hist\u00f3ria que \u00e9 feita de coragem, amor e liberdade.<\/p>\n\n\n\n<p>Bibliografia:<\/p>\n\n\n\n<p><a href=\"https:\/\/cordeldeminas.blogspot.com\/2012\/03\/cordel-ser-mineiro.html\">https:\/\/cordeldeminas.blogspot.com\/2012\/03\/cordel-ser-mineiro.html<\/a><\/p>\n\n\n\n<p><a href=\"https:\/\/www.mg.gov.br\/pagina\/historia\">https:\/\/www.mg.gov.br\/pagina\/historia<\/a><\/p>\n","protected":false},"excerpt":{"rendered":"<p>Minas Gerais \u00e9 um cora\u00e7\u00e3o pulsante no mapa do Brasil, feito de montanhas, hist\u00f3rias e lutas. Celebrar seus 304 anos \u00e9 honrar um territ\u00f3rio de belezas naturais e legado humano que ajudou a construir o pa\u00eds. Desde os primeiros passos dos bandeirantes no s\u00e9culo XVI, desbravando terras em busca de riquezas minerais, Minas se consolidou [&hellip;]<\/p>\n","protected":false},"author":3,"featured_media":390,"comment_status":"open","ping_status":"open","sticky":false,"template":"","format":"standard","meta":{"footnotes":""},"categories":[1],"tags":[],"class_list":["post-385","post","type-post","status-publish","format-standard","has-post-thumbnail","hentry","category-blog"],"_links":{"self":[{"href":"https:\/\/mblmg.org\/escribas\/wp-json\/wp\/v2\/posts\/385","targetHints":{"allow":["GET"]}}],"collection":[{"href":"https:\/\/mblmg.org\/escribas\/wp-json\/wp\/v2\/posts"}],"about":[{"href":"https:\/\/mblmg.org\/escribas\/wp-json\/wp\/v2\/types\/post"}],"author":[{"embeddable":true,"href":"https:\/\/mblmg.org\/escribas\/wp-json\/wp\/v2\/users\/3"}],"replies":[{"embeddable":true,"href":"https:\/\/mblmg.org\/escribas\/wp-json\/wp\/v2\/comments?post=385"}],"version-history":[{"count":1,"href":"https:\/\/mblmg.org\/escribas\/wp-json\/wp\/v2\/posts\/385\/revisions"}],"predecessor-version":[{"id":391,"href":"https:\/\/mblmg.org\/escribas\/wp-json\/wp\/v2\/posts\/385\/revisions\/391"}],"wp:featuredmedia":[{"embeddable":true,"href":"https:\/\/mblmg.org\/escribas\/wp-json\/wp\/v2\/media\/390"}],"wp:attachment":[{"href":"https:\/\/mblmg.org\/escribas\/wp-json\/wp\/v2\/media?parent=385"}],"wp:term":[{"taxonomy":"category","embeddable":true,"href":"https:\/\/mblmg.org\/escribas\/wp-json\/wp\/v2\/categories?post=385"},{"taxonomy":"post_tag","embeddable":true,"href":"https:\/\/mblmg.org\/escribas\/wp-json\/wp\/v2\/tags?post=385"}],"curies":[{"name":"wp","href":"https:\/\/api.w.org\/{rel}","templated":true}]}}