{"id":392,"date":"2024-12-08T19:02:00","date_gmt":"2024-12-08T19:02:00","guid":{"rendered":"https:\/\/mblmg.org\/escribas\/?p=392"},"modified":"2026-04-25T19:03:55","modified_gmt":"2026-04-25T19:03:55","slug":"promessas-vazias","status":"publish","type":"post","link":"https:\/\/mblmg.org\/escribas\/promessas-vazias\/","title":{"rendered":"Promessas vazias"},"content":{"rendered":"\n<p>O conto&nbsp;\u201cA Terceira Margem do Rio\u201c&nbsp;do grande escritor&nbsp;mineiro Guimar\u00e3es Rosa, pode ser palco para in\u00fameras&nbsp;especula\u00e7\u00f5es, mas hoje, especificamente, olharemos com um vi\u00e9s pol\u00edtico, diante de fatos recentes.<\/p>\n\n\n\n<figure class=\"wp-block-image size-full\"><img loading=\"lazy\" decoding=\"async\" width=\"472\" height=\"332\" src=\"https:\/\/mblmg.org\/escribas\/wp-content\/uploads\/2026\/04\/image-1-1.png\" alt=\"\" class=\"wp-image-393\" srcset=\"https:\/\/mblmg.org\/escribas\/wp-content\/uploads\/2026\/04\/image-1-1.png 472w, https:\/\/mblmg.org\/escribas\/wp-content\/uploads\/2026\/04\/image-1-1-300x211.png 300w\" sizes=\"auto, (max-width: 472px) 100vw, 472px\" \/><\/figure>\n\n\n\n<p>PS: Recomendamos&nbsp;a leitura do Conto antes de adentrar nesse&nbsp;texto.<\/p>\n\n\n\n<p>A hist\u00f3ria \u00e9 enigm\u00e1tica, pass\u00edvel de m\u00faltiplas interpreta\u00e7\u00f5es&nbsp;e significados diversos. Nem mesmo o pr\u00f3prio autor deixou&nbsp;uma explica\u00e7\u00e3o clara para tal fato.<\/p>\n\n\n\n<p>No curso tortuoso da hist\u00f3ria recente, o rio da pol\u00edtica reflete&nbsp;um cen\u00e1rio inquietante: margens que prometem seguran\u00e7a,&nbsp;mas desabam como barrancos ao toque da realidade. De um&nbsp;lado, a esquerda, com bandeiras de justi\u00e7a social que, ao&nbsp;vento, se rasgam em interesses pr\u00f3prios. De outro, a direita,&nbsp;exaltando a ordem que dissolve o caos apenas para reconstru\u00ed-lo sob novas formas. Ambos lados remam, mas&nbsp;nenhum avan\u00e7a; as promessas tornam-se eco, e o povo,&nbsp;ref\u00e9m da correnteza.<\/p>\n\n\n\n<p>As esperan\u00e7as vendidas como ouro s\u00e3o, na verdade, p\u00f3.&nbsp;Ano ap\u00f3s ano, as vozes dos l\u00edderes ganham ares deprofecia, mas entregam a resigna\u00e7\u00e3o. A sociedade, faminta&nbsp;por mudan\u00e7as, entrega-se ao del\u00edrio da cren\u00e7a em um&nbsp;salvador \u2014 ora de um lado do espectro, ora de outro. N\u00e3o \u00e9&nbsp;de espantar que a loucura, antes sussurrada, encontre um&nbsp;grito ensurdecedor. Um homem que se explode em Bras\u00edlia&nbsp;\u00e9 o s\u00edmbolo nu e cru dessa insanidade compartilhada: uma&nbsp;manifesta\u00e7\u00e3o extrema de um sentimento coletivo de&nbsp;abandono e revolta.<\/p>\n\n\n\n<figure class=\"wp-block-image size-full\"><img loading=\"lazy\" decoding=\"async\" width=\"675\" height=\"450\" src=\"https:\/\/mblmg.org\/escribas\/wp-content\/uploads\/2026\/04\/image-6.png\" alt=\"\" class=\"wp-image-394\" srcset=\"https:\/\/mblmg.org\/escribas\/wp-content\/uploads\/2026\/04\/image-6.png 675w, https:\/\/mblmg.org\/escribas\/wp-content\/uploads\/2026\/04\/image-6-300x200.png 300w, https:\/\/mblmg.org\/escribas\/wp-content\/uploads\/2026\/04\/image-6-600x400.png 600w\" sizes=\"auto, (max-width: 675px) 100vw, 675px\" \/><\/figure>\n\n\n\n<p>No palco da pol\u00edtica, os tr\u00eas poderes que deveriam&nbsp;equilibrar-se tornaram-se tr\u00eas margens dissonantes. O Executivo, que deveria liderar, parece remoer-se em&nbsp;vaidades; o Legislativo, em sua cacofonia de interesses, perde o rumo; e o Judici\u00e1rio, em sua torre de marfim, flutua distante do povo. Assim, o rio que deveria unir os cidad\u00e3os&nbsp;em busca de um destino comum fragmenta-se emredemoinhos de desconfian\u00e7a e frustra\u00e7\u00e3o.<\/p>\n\n\n\n<p>O cidad\u00e3o, como o filho do conto de Guimar\u00e3es Rosa,&nbsp;permanece na margem, esperando ser visto, ouvido,acolhido. Mas o pai \u2014 o Estado, os l\u00edderes \u2014 est\u00e1 na canoa,&nbsp;cada vez mais longe, cada vez mais indiferente. Restam os&nbsp;gritos para tentar alcan\u00e7\u00e1-lo, mas o sil\u00eancio \u00e9 a resposta. A&nbsp;sensa\u00e7\u00e3o de abandono \u00e9 o fio condutor que amarra a&nbsp;pol\u00edtica \u00e0 psique coletiva: quando tudo \u00e9 promessa, nada \u00e9&nbsp;a\u00e7\u00e3o.<\/p>\n\n\n\n<p>E ainda assim, continuamos. A margem \u00e9 nosso lugar de&nbsp;espera, nossa cruz e nosso consolo. O rio segue, indiferente,&nbsp;levando nossos medos e nossas esperan\u00e7as em sua&nbsp;correnteza. Talvez, como na obra de Rosa, a terceira&nbsp;margem n\u00e3o exista, ou talvez seja o espa\u00e7o daquilo que&nbsp;ainda n\u00e3o se realizou \u2014 o sonho de um amanh\u00e3 em que o&nbsp;rio seja naveg\u00e1vel para todos e a canoa conduza n\u00e3o&nbsp;apenas os que remam por si, mas o povo que a sustenta.<\/p>\n\n\n\n<p>Por enquanto, seguimos \u00e0 deriva, entre a esperan\u00e7a teimosa&nbsp;e a descren\u00e7a amarga. Afinal, o que \u00e9 a pol\u00edtica, sen\u00e3o esse&nbsp;eterno navegar entre o que poderia ser e o que, tristemente, \u00e9?<\/p>\n\n\n\n<p>\u201cCada promessa \u00e9 um fio que se parte,<\/p>\n\n\n\n<p>cada esperan\u00e7a, um sopro fugaz.<\/p>\n\n\n\n<p>E n\u00f3s, n\u00e1ufragos do poder,<\/p>\n\n\n\n<p>alimentamos com migalhas de f\u00e9<\/p>\n\n\n\n<p>aqueles que conduzem suas canoas,<\/p>\n\n\n\n<p>n\u00e3o para perto, mas para longe,<\/p>\n\n\n\n<p>onde o rio j\u00e1 n\u00e3o alcan\u00e7a o olhar.\u201d<\/p>\n\n\n\n<p><a href=\"https:\/\/cogetes.epsjv.fiocruz.br\/storage\/Textos-e-Material-de-Apoio\u20144\u00ba-Ano\u2014Literatura\u2014Gabrielle-n_5ee0d32b36f91.pdf\">https:\/\/cogetes.epsjv.fiocruz.br\/storage\/Textos-e-Material-de-Apoio\u20144\u00ba-Ano\u2014Literatura\u2014Gabrielle-n_5ee0d32b36f91.pdf<\/a><\/p>\n\n\n\n<p><a href=\"https:\/\/www.correiobraziliense.com.br\/cidades-df\/2024\/11\/6988408-homem-bomba-deixou-mensagem-em-espelho-estatua-de-merda-se-usa-tnt.html\">https:\/\/www.correiobraziliense.com.br\/cidades-df\/2024\/11\/6988408-homem-bomba-deixou-mensagem-em-espelho-estatua-de-merda-se-usa-tnt.html<\/a><\/p>\n","protected":false},"excerpt":{"rendered":"<p>O conto&nbsp;\u201cA Terceira Margem do Rio\u201c&nbsp;do grande escritor&nbsp;mineiro Guimar\u00e3es Rosa, pode ser palco para in\u00fameras&nbsp;especula\u00e7\u00f5es, mas hoje, especificamente, olharemos com um vi\u00e9s pol\u00edtico, diante de fatos recentes. PS: Recomendamos&nbsp;a leitura do Conto antes de adentrar nesse&nbsp;texto. A hist\u00f3ria \u00e9 enigm\u00e1tica, pass\u00edvel de m\u00faltiplas interpreta\u00e7\u00f5es&nbsp;e significados diversos. Nem mesmo o pr\u00f3prio autor deixou&nbsp;uma explica\u00e7\u00e3o clara para [&hellip;]<\/p>\n","protected":false},"author":3,"featured_media":393,"comment_status":"open","ping_status":"open","sticky":false,"template":"","format":"standard","meta":{"footnotes":""},"categories":[1],"tags":[],"class_list":["post-392","post","type-post","status-publish","format-standard","has-post-thumbnail","hentry","category-blog"],"_links":{"self":[{"href":"https:\/\/mblmg.org\/escribas\/wp-json\/wp\/v2\/posts\/392","targetHints":{"allow":["GET"]}}],"collection":[{"href":"https:\/\/mblmg.org\/escribas\/wp-json\/wp\/v2\/posts"}],"about":[{"href":"https:\/\/mblmg.org\/escribas\/wp-json\/wp\/v2\/types\/post"}],"author":[{"embeddable":true,"href":"https:\/\/mblmg.org\/escribas\/wp-json\/wp\/v2\/users\/3"}],"replies":[{"embeddable":true,"href":"https:\/\/mblmg.org\/escribas\/wp-json\/wp\/v2\/comments?post=392"}],"version-history":[{"count":1,"href":"https:\/\/mblmg.org\/escribas\/wp-json\/wp\/v2\/posts\/392\/revisions"}],"predecessor-version":[{"id":395,"href":"https:\/\/mblmg.org\/escribas\/wp-json\/wp\/v2\/posts\/392\/revisions\/395"}],"wp:featuredmedia":[{"embeddable":true,"href":"https:\/\/mblmg.org\/escribas\/wp-json\/wp\/v2\/media\/393"}],"wp:attachment":[{"href":"https:\/\/mblmg.org\/escribas\/wp-json\/wp\/v2\/media?parent=392"}],"wp:term":[{"taxonomy":"category","embeddable":true,"href":"https:\/\/mblmg.org\/escribas\/wp-json\/wp\/v2\/categories?post=392"},{"taxonomy":"post_tag","embeddable":true,"href":"https:\/\/mblmg.org\/escribas\/wp-json\/wp\/v2\/tags?post=392"}],"curies":[{"name":"wp","href":"https:\/\/api.w.org\/{rel}","templated":true}]}}