{"id":396,"date":"2024-11-11T19:03:00","date_gmt":"2024-11-11T19:03:00","guid":{"rendered":"https:\/\/mblmg.org\/escribas\/?p=396"},"modified":"2026-04-25T19:05:23","modified_gmt":"2026-04-25T19:05:23","slug":"servidores-x-estado-a-hipocrisia-e-a-polarizacao-de-maos-dadas","status":"publish","type":"post","link":"https:\/\/mblmg.org\/escribas\/servidores-x-estado-a-hipocrisia-e-a-polarizacao-de-maos-dadas\/","title":{"rendered":"Servidores x Estado: A Hipocrisia e a Polariza\u00e7\u00e3o de M\u00e3os\u00a0Dadas"},"content":{"rendered":"\n<p>Os servidores p\u00fablicos e os governadores de Minas Gerais sempre travaram conflitos entre si. Quem perde, no entanto, \u00e9 a popula\u00e7\u00e3o dependente dos servi\u00e7os.<\/p>\n\n\n\n<p>Na educa\u00e7\u00e3o, Minas Gerais apresenta o menor percentual de professores efetivos do Brasil, cerca de 19%. O restante do corpo docente \u00e9 composto principalmente por contratos tempor\u00e1rios. Uma das principais demandas da categoria \u00e9 o pagamento integral do Piso Nacional. O governo estadual estabeleceu uma carga de trabalho de 24 horas semanais com sal\u00e1rio de R$ 2.600, aplicando o piso de forma proporcional, mas os sindicatos exigem o pagamento integral do benef\u00edcio.<\/p>\n\n\n\n<figure class=\"wp-block-image size-large\"><img loading=\"lazy\" decoding=\"async\" width=\"1024\" height=\"637\" src=\"https:\/\/mblmg.org\/escribas\/wp-content\/uploads\/2026\/04\/zema_seguranca_protesto-36668221-2-1024x637.jpg\" alt=\"\" class=\"wp-image-397\" srcset=\"https:\/\/mblmg.org\/escribas\/wp-content\/uploads\/2026\/04\/zema_seguranca_protesto-36668221-2-1024x637.jpg 1024w, https:\/\/mblmg.org\/escribas\/wp-content\/uploads\/2026\/04\/zema_seguranca_protesto-36668221-2-300x187.jpg 300w, https:\/\/mblmg.org\/escribas\/wp-content\/uploads\/2026\/04\/zema_seguranca_protesto-36668221-2-768x477.jpg 768w, https:\/\/mblmg.org\/escribas\/wp-content\/uploads\/2026\/04\/zema_seguranca_protesto-36668221-2.jpg 1200w\" sizes=\"auto, (max-width: 1024px) 100vw, 1024px\" \/><\/figure>\n\n\n\n<p>Na seguran\u00e7a, os policiais buscam a reposi\u00e7\u00e3o e corre\u00e7\u00e3o das perdas inflacion\u00e1rias desde 2021, al\u00e9m da contrata\u00e7\u00e3o de novos efetivos para aliviar a sobrecarga. O governo prop\u00f4s uma reposi\u00e7\u00e3o inflacion\u00e1ria, mas n\u00e3o ofereceu aumentos acima da infla\u00e7\u00e3o.<\/p>\n\n\n\n<p>Na sa\u00fade, os servidores se op\u00f5em a um projeto de lei do governador que criaria uma institui\u00e7\u00e3o de direito privado para gerenciar as unidades da Funda\u00e7\u00e3o Hospitalar do Estado de Minas Gerais (Fhemig). Eles veem essa medida como parte de um projeto \u201cprivatista\u201d do governo.<\/p>\n\n\n\n<figure class=\"wp-block-image size-large\"><img loading=\"lazy\" decoding=\"async\" width=\"1024\" height=\"684\" src=\"https:\/\/mblmg.org\/escribas\/wp-content\/uploads\/2026\/04\/1911847-2-1024x684.jpg\" alt=\"\" class=\"wp-image-398\" srcset=\"https:\/\/mblmg.org\/escribas\/wp-content\/uploads\/2026\/04\/1911847-2-1024x684.jpg 1024w, https:\/\/mblmg.org\/escribas\/wp-content\/uploads\/2026\/04\/1911847-2-300x200.jpg 300w, https:\/\/mblmg.org\/escribas\/wp-content\/uploads\/2026\/04\/1911847-2-768x513.jpg 768w, https:\/\/mblmg.org\/escribas\/wp-content\/uploads\/2026\/04\/1911847-2-600x400.jpg 600w, https:\/\/mblmg.org\/escribas\/wp-content\/uploads\/2026\/04\/1911847-2.jpg 1400w\" sizes=\"auto, (max-width: 1024px) 100vw, 1024px\" \/><\/figure>\n\n\n\n<p>O governo estadual, por sua vez, alega que n\u00e3o pode atender a todas as demandas dessas classes devido \u00e0 sua pol\u00edtica de austeridade fiscal.<\/p>\n\n\n\n<p>\u00c9 ineg\u00e1vel que n\u00e3o h\u00e1 lados puramente corretos nesta disputa. Muitos sindicatos dessas categorias t\u00eam liga\u00e7\u00f5es com movimentos de esquerda, mas isso n\u00e3o justifica o descaso do governo com os servidores. Se o governador consegue aumentar seu pr\u00f3prio sal\u00e1rio em 300%, por que um reajuste bem inferior n\u00e3o seria poss\u00edvel para essas classes? Austeridade para os servidores e gastos para cargos comissionados.<\/p>\n\n\n\n<figure class=\"wp-block-image size-large\"><img loading=\"lazy\" decoding=\"async\" width=\"1024\" height=\"637\" src=\"https:\/\/mblmg.org\/escribas\/wp-content\/uploads\/2026\/04\/zema_seguranca_protesto-36668221-2-1-1024x637.jpg\" alt=\"\" class=\"wp-image-399\" srcset=\"https:\/\/mblmg.org\/escribas\/wp-content\/uploads\/2026\/04\/zema_seguranca_protesto-36668221-2-1-1024x637.jpg 1024w, https:\/\/mblmg.org\/escribas\/wp-content\/uploads\/2026\/04\/zema_seguranca_protesto-36668221-2-1-300x187.jpg 300w, https:\/\/mblmg.org\/escribas\/wp-content\/uploads\/2026\/04\/zema_seguranca_protesto-36668221-2-1-768x477.jpg 768w, https:\/\/mblmg.org\/escribas\/wp-content\/uploads\/2026\/04\/zema_seguranca_protesto-36668221-2-1.jpg 1200w\" sizes=\"auto, (max-width: 1024px) 100vw, 1024px\" \/><\/figure>\n\n\n\n<p>Uma solu\u00e7\u00e3o de curto prazo parece improv\u00e1vel. Uma melhora definitiva exige reformas a n\u00edvel federal, como maior autonomia dos estados, al\u00e9m de coer\u00eancia na gest\u00e3o estadual e despolitiza\u00e7\u00e3o dos sindicatos. A hipocrisia e a polariza\u00e7\u00e3o andam juntas na pol\u00edtica brasileira, e o fruto dessa uni\u00e3o \u00e9 a cont\u00ednua falta de solu\u00e7\u00e3o para os nossos problemas.<\/p>\n","protected":false},"excerpt":{"rendered":"<p>Os servidores p\u00fablicos e os governadores de Minas Gerais sempre travaram conflitos entre si. Quem perde, no entanto, \u00e9 a popula\u00e7\u00e3o dependente dos servi\u00e7os. Na educa\u00e7\u00e3o, Minas Gerais apresenta o menor percentual de professores efetivos do Brasil, cerca de 19%. O restante do corpo docente \u00e9 composto principalmente por contratos tempor\u00e1rios. Uma das principais demandas [&hellip;]<\/p>\n","protected":false},"author":3,"featured_media":399,"comment_status":"open","ping_status":"open","sticky":false,"template":"","format":"standard","meta":{"footnotes":""},"categories":[1],"tags":[],"class_list":["post-396","post","type-post","status-publish","format-standard","has-post-thumbnail","hentry","category-blog"],"_links":{"self":[{"href":"https:\/\/mblmg.org\/escribas\/wp-json\/wp\/v2\/posts\/396","targetHints":{"allow":["GET"]}}],"collection":[{"href":"https:\/\/mblmg.org\/escribas\/wp-json\/wp\/v2\/posts"}],"about":[{"href":"https:\/\/mblmg.org\/escribas\/wp-json\/wp\/v2\/types\/post"}],"author":[{"embeddable":true,"href":"https:\/\/mblmg.org\/escribas\/wp-json\/wp\/v2\/users\/3"}],"replies":[{"embeddable":true,"href":"https:\/\/mblmg.org\/escribas\/wp-json\/wp\/v2\/comments?post=396"}],"version-history":[{"count":1,"href":"https:\/\/mblmg.org\/escribas\/wp-json\/wp\/v2\/posts\/396\/revisions"}],"predecessor-version":[{"id":400,"href":"https:\/\/mblmg.org\/escribas\/wp-json\/wp\/v2\/posts\/396\/revisions\/400"}],"wp:featuredmedia":[{"embeddable":true,"href":"https:\/\/mblmg.org\/escribas\/wp-json\/wp\/v2\/media\/399"}],"wp:attachment":[{"href":"https:\/\/mblmg.org\/escribas\/wp-json\/wp\/v2\/media?parent=396"}],"wp:term":[{"taxonomy":"category","embeddable":true,"href":"https:\/\/mblmg.org\/escribas\/wp-json\/wp\/v2\/categories?post=396"},{"taxonomy":"post_tag","embeddable":true,"href":"https:\/\/mblmg.org\/escribas\/wp-json\/wp\/v2\/tags?post=396"}],"curies":[{"name":"wp","href":"https:\/\/api.w.org\/{rel}","templated":true}]}}