{"id":408,"date":"2024-11-11T21:21:00","date_gmt":"2024-11-11T21:21:00","guid":{"rendered":"https:\/\/mblmg.org\/escribas\/?p=408"},"modified":"2026-04-25T21:23:05","modified_gmt":"2026-04-25T21:23:05","slug":"cafezin-a-riqueza-de-minas-para-o-mundo","status":"publish","type":"post","link":"https:\/\/mblmg.org\/escribas\/cafezin-a-riqueza-de-minas-para-o-mundo\/","title":{"rendered":"\u201cCaf\u00e9zin\u201d: A riqueza de Minas para o\u00a0Mundo"},"content":{"rendered":"\n<p>Minas Gerais \u00e9 sin\u00f4nimo de caf\u00e9, um s\u00edmbolo de acolhimento e tradi\u00e7\u00e3o. O caf\u00e9 mineiro, com seu sabor encorpado e aroma inconfund\u00edvel, vai al\u00e9m de uma simples bebida, representando uma verdadeira obra de arte que reflete a cultura, as rela\u00e7\u00f5es sociais e a economia do estado. O caf\u00e9 \u00e9 uma parte essencial da vida cotidiana, conectando hist\u00f3rias, sotaques e sorrisos nas mesas das casas mineiras, onde a prosa come\u00e7a sempre ao lado do fog\u00e3o.<\/p>\n\n\n\n<figure class=\"wp-block-image size-full\"><img loading=\"lazy\" decoding=\"async\" width=\"900\" height=\"630\" src=\"https:\/\/mblmg.org\/escribas\/wp-content\/uploads\/2026\/04\/img-20220926-wa0016.jpg\" alt=\"\" class=\"wp-image-409\" srcset=\"https:\/\/mblmg.org\/escribas\/wp-content\/uploads\/2026\/04\/img-20220926-wa0016.jpg 900w, https:\/\/mblmg.org\/escribas\/wp-content\/uploads\/2026\/04\/img-20220926-wa0016-300x210.jpg 300w, https:\/\/mblmg.org\/escribas\/wp-content\/uploads\/2026\/04\/img-20220926-wa0016-768x538.jpg 768w\" sizes=\"auto, (max-width: 900px) 100vw, 900px\" \/><\/figure>\n\n\n\n<p>A qualidade do caf\u00e9 de Minas \u00e9 reconhecida mundialmente. O estado, com suas montanhas e clima ameno, \u00e9 perfeito para o cultivo do caf\u00e9 ar\u00e1bica, considerado um dos melhores do mundo. A combina\u00e7\u00e3o de altitudes variadas e chuvas generosas cria as condi\u00e7\u00f5es ideais para gr\u00e3os com uma acidez equilibrada, corpo aveludado e notas frutadas e florais. No Cerrado Mineiro, a terra seca e a altitude elevada produzem um caf\u00e9 de qualidade \u00fanica, apreciado internacionalmente.<\/p>\n\n\n\n<figure class=\"wp-block-image size-full\"><img loading=\"lazy\" decoding=\"async\" width=\"600\" height=\"399\" src=\"https:\/\/mblmg.org\/escribas\/wp-content\/uploads\/2026\/04\/plantacao-cafe-foto-emater-mg.jpg\" alt=\"\" class=\"wp-image-410\" srcset=\"https:\/\/mblmg.org\/escribas\/wp-content\/uploads\/2026\/04\/plantacao-cafe-foto-emater-mg.jpg 600w, https:\/\/mblmg.org\/escribas\/wp-content\/uploads\/2026\/04\/plantacao-cafe-foto-emater-mg-300x200.jpg 300w\" sizes=\"auto, (max-width: 600px) 100vw, 600px\" \/><\/figure>\n\n\n\n<p>O cultivo de caf\u00e9 em Minas come\u00e7ou no s\u00e9culo XVIII, quando os tropeiros trouxeram as primeiras mudas para o estado. Com o tempo, o caf\u00e9 se expandiu para diferentes regi\u00f5es, consolidando Minas como o maior produtor de caf\u00e9 do Brasil, respons\u00e1vel por mais de 50% da produ\u00e7\u00e3o nacional. Em 2017, o estado foi respons\u00e1vel por 80% das exporta\u00e7\u00f5es de caf\u00e9 do pa\u00eds para mercados como Alemanha, Estados Unidos e It\u00e1lia. O setor cafeeiro de Minas movimenta bilh\u00f5es de reais e gera centenas de milhares de empregos.<\/p>\n\n\n\n<p>Mais do que uma fonte de renda, o caf\u00e9 \u00e9 um pilar da economia mineira. Durante crises econ\u00f4micas, a agricultura cafeeira permaneceu firme, garantindo empregos e boas safras. Hoje, mais de 4 milh\u00f5es de mineiros dependem diretamente ou indiretamente da cafeicultura, e em 607 das 853 cidades de Minas, o caf\u00e9 \u00e9 cultivado, sendo a principal atividade econ\u00f4mica em 340 delas. Em cada x\u00edcara de caf\u00e9, h\u00e1 uma hist\u00f3ria e um peda\u00e7o da alma do estado.<\/p>\n\n\n\n<figure class=\"wp-block-image size-full\"><img loading=\"lazy\" decoding=\"async\" width=\"1024\" height=\"768\" src=\"https:\/\/mblmg.org\/escribas\/wp-content\/uploads\/2026\/04\/monumento-cafeicultor-manhuacu-copy.jpg\" alt=\"\" class=\"wp-image-411\" srcset=\"https:\/\/mblmg.org\/escribas\/wp-content\/uploads\/2026\/04\/monumento-cafeicultor-manhuacu-copy.jpg 1024w, https:\/\/mblmg.org\/escribas\/wp-content\/uploads\/2026\/04\/monumento-cafeicultor-manhuacu-copy-300x225.jpg 300w, https:\/\/mblmg.org\/escribas\/wp-content\/uploads\/2026\/04\/monumento-cafeicultor-manhuacu-copy-768x576.jpg 768w\" sizes=\"auto, (max-width: 1024px) 100vw, 1024px\" \/><\/figure>\n\n\n\n<p>Entre 20 e 22 de novembro de 2024, Belo Horizonte sediar\u00e1 a 12\u00aa edi\u00e7\u00e3o da Semana Internacional do Caf\u00e9 (SIC), um dos maiores eventos do setor no Brasil e no mundo. A programa\u00e7\u00e3o tamb\u00e9m inclui eventos em outras cidades de Minas para celebrar o Dia Internacional do Caf\u00e9, refor\u00e7ando a import\u00e2ncia do caf\u00e9 na cultura e economia do estado. Para os mineiros, \u00e9 uma ocasi\u00e3o para compartilhar hist\u00f3rias e saborear o melhor caf\u00e9.<\/p>\n","protected":false},"excerpt":{"rendered":"<p>Minas Gerais \u00e9 sin\u00f4nimo de caf\u00e9, um s\u00edmbolo de acolhimento e tradi\u00e7\u00e3o. O caf\u00e9 mineiro, com seu sabor encorpado e aroma inconfund\u00edvel, vai al\u00e9m de uma simples bebida, representando uma verdadeira obra de arte que reflete a cultura, as rela\u00e7\u00f5es sociais e a economia do estado. O caf\u00e9 \u00e9 uma parte essencial da vida cotidiana, [&hellip;]<\/p>\n","protected":false},"author":3,"featured_media":409,"comment_status":"open","ping_status":"open","sticky":false,"template":"","format":"standard","meta":{"footnotes":""},"categories":[1],"tags":[],"class_list":["post-408","post","type-post","status-publish","format-standard","has-post-thumbnail","hentry","category-blog"],"_links":{"self":[{"href":"https:\/\/mblmg.org\/escribas\/wp-json\/wp\/v2\/posts\/408","targetHints":{"allow":["GET"]}}],"collection":[{"href":"https:\/\/mblmg.org\/escribas\/wp-json\/wp\/v2\/posts"}],"about":[{"href":"https:\/\/mblmg.org\/escribas\/wp-json\/wp\/v2\/types\/post"}],"author":[{"embeddable":true,"href":"https:\/\/mblmg.org\/escribas\/wp-json\/wp\/v2\/users\/3"}],"replies":[{"embeddable":true,"href":"https:\/\/mblmg.org\/escribas\/wp-json\/wp\/v2\/comments?post=408"}],"version-history":[{"count":1,"href":"https:\/\/mblmg.org\/escribas\/wp-json\/wp\/v2\/posts\/408\/revisions"}],"predecessor-version":[{"id":412,"href":"https:\/\/mblmg.org\/escribas\/wp-json\/wp\/v2\/posts\/408\/revisions\/412"}],"wp:featuredmedia":[{"embeddable":true,"href":"https:\/\/mblmg.org\/escribas\/wp-json\/wp\/v2\/media\/409"}],"wp:attachment":[{"href":"https:\/\/mblmg.org\/escribas\/wp-json\/wp\/v2\/media?parent=408"}],"wp:term":[{"taxonomy":"category","embeddable":true,"href":"https:\/\/mblmg.org\/escribas\/wp-json\/wp\/v2\/categories?post=408"},{"taxonomy":"post_tag","embeddable":true,"href":"https:\/\/mblmg.org\/escribas\/wp-json\/wp\/v2\/tags?post=408"}],"curies":[{"name":"wp","href":"https:\/\/api.w.org\/{rel}","templated":true}]}}