{"id":416,"date":"2024-11-02T21:24:00","date_gmt":"2024-11-02T21:24:00","guid":{"rendered":"https:\/\/mblmg.org\/escribas\/?p=416"},"modified":"2026-04-25T21:25:56","modified_gmt":"2026-04-25T21:25:56","slug":"convenientemente-pobres","status":"publish","type":"post","link":"https:\/\/mblmg.org\/escribas\/convenientemente-pobres\/","title":{"rendered":"Convenientemente Pobres"},"content":{"rendered":"\n<p>A fome, quando usada como estrat\u00e9gia pol\u00edtica, \u00e9 uma das pr\u00e1ticas mais abomin\u00e1veis da hist\u00f3ria moderna, com ra\u00edzes que se entrela\u00e7am na escravid\u00e3o. No Brasil, essa mentalidade ainda ecoa, onde o ato de discordar dos \u201csenhores\u201d pode trazer consigo puni\u00e7\u00f5es severas, incluindo a pr\u00f3pria fome. Essa realidade \u00e9 um reflexo vivo da heran\u00e7a escravagista que ainda paira sobre a pol\u00edtica do pa\u00eds, exemplificada pela express\u00e3o \u201cmanda quem pode, obedece quem tem ju\u00edzo.\u201d Nessa frase, ressoa a subjuga\u00e7\u00e3o de muitos, que s\u00e3o tratados como meros pe\u00f5es em um jogo cruel de poder.<\/p>\n\n\n\n<p>Carolina Maria de Jesus, escritora mineira, desnuda a fome pol\u00edtica em suas obras, tornando-a tema central. Em&nbsp;<em>Peda\u00e7os da Fome<\/em>, ela revela a trajet\u00f3ria de Maria Clara, uma mulher que, ap\u00f3s experimentar uma vida de luxo, v\u00ea-se lan\u00e7ada na mis\u00e9ria extrema. Sua queda reflete poderosamente o uso da fome como ferramenta de controle social, uma sombra da mentalidade escravagista que ainda assola Minas Gerais e o Brasil.<\/p>\n\n\n\n<figure class=\"wp-block-image size-full\"><img loading=\"lazy\" decoding=\"async\" width=\"564\" height=\"781\" src=\"https:\/\/mblmg.org\/escribas\/wp-content\/uploads\/2026\/04\/image-10-2.png\" alt=\"\" class=\"wp-image-417\" srcset=\"https:\/\/mblmg.org\/escribas\/wp-content\/uploads\/2026\/04\/image-10-2.png 564w, https:\/\/mblmg.org\/escribas\/wp-content\/uploads\/2026\/04\/image-10-2-217x300.png 217w\" sizes=\"auto, (max-width: 564px) 100vw, 564px\" \/><\/figure>\n\n\n\n<p>A fome, como arma pol\u00edtica, exp\u00f5e a brutalidade de pol\u00edticos inescrupulosos, que a utilizam para manipular votos. Em vez de combater o flagelo da fome, eles mant\u00eam uma fachada populista, como aquele que depena o frango e, em seguida, joga um punhado de milho para enganar a ave faminta. Essa manipula\u00e7\u00e3o \u00e9 heran\u00e7a de uma cultura de opress\u00e3o, onde os mais vulner\u00e1veis permanecem sob o dom\u00ednio dos poderosos.<\/p>\n\n\n\n<p>Maria Clara, personagem de Carolina, simboliza que at\u00e9 os privilegiados podem ser tragados pelo sistema cruel. Sua jornada, do luxo \u00e0 mis\u00e9ria, espelha a realidade de muitos brasileiros que, como pe\u00e7as em um jogo de poder, t\u00eam suas necessidades b\u00e1sicas atendidas apenas quando politicamente conveniente. Assim como os pol\u00edticos que trocam comida por votos, Maria Clara \u00e9 explorada e abandonada; sua luta para sustentar os filhos reflete o cotidiano de muitos trabalhadores brasileiros, tra\u00eddos por promessas vazias.<\/p>\n\n\n\n<p>Essa triste realidade encontra eco no Vale do Jequitinhonha, onde o abandono e as promessas n\u00e3o cumpridas s\u00e3o t\u00e3o frequentes quanto o sol sobre a terra seca. O Vale, com sua paisagem \u00fanica, \u00e9 moldado pela poeira, o calor, a aridez e o rio que serpenteia por suas terras. Seus habitantes \u2014 tropeiros, canoeiros, pescadores, artes\u00e3os, lavadeiras e romeiros \u2014 s\u00e3o os rostos e cora\u00e7\u00f5es desse lugar. Em suas m\u00e3os, as marcas de lutas silenciosas, forjando hist\u00f3rias feitas de resili\u00eancia.<\/p>\n\n\n\n<p>A riqueza cultural do Vale do Jequitinhonha \u00e9 vastamente representada pelas heran\u00e7as ind\u00edgenas dos Aran\u00e3s, Pankararus e Patax\u00f3s, al\u00e9m das comunidades quilombolas que resistem bravamente. O pr\u00f3prio nome do Vale, Jequitinhonha, deriva do dialeto maxacali e significa \u201crio largo e cheio de peixes\u201d \u2014 um s\u00edmbolo da riqueza natural que contrasta com a pobreza material da regi\u00e3o.<\/p>\n\n\n\n<p>O Jequitinhonha, embora culturalmente vibrante, carrega o peso de sua exclus\u00e3o social. Localizado no nordeste de Minas Gerais, \u00e9 uma terra de 85 mil km\u00b2 que testemunhou a opul\u00eancia do ciclo do ouro e dos diamantes, mas que hoje figura entre as mais pobres do pa\u00eds. Ali vivem mais de 950 mil fam\u00edlias, abandonadas por pol\u00edticas que nunca se concretizam, como as promessas sobre a BR-367, que h\u00e1 40 anos permanece apenas como discurso eleitoral. A seca, outro problema que atormenta a regi\u00e3o, foi explorada politicamente, mas tamb\u00e9m sem resultados concretos. Afinal, o que restaria para barganhar nas pr\u00f3ximas elei\u00e7\u00f5es se esses problemas fossem resolvidos?<\/p>\n\n\n\n<p>Como bem descreve Alberto Sena no&nbsp;<em>Di\u00e1rio de Minas<\/em>, \u201cmuitas promessas n\u00e3o foram cumpridas, enquanto rios de dinheiro p\u00fablico inundaram os bolsos dos pol\u00edticos indignos, numa afronta \u00e0 sociedade incapaz de reagir.\u201d A popula\u00e7\u00e3o do Vale, no entanto, n\u00e3o se rende \u00e0 tristeza. Sem tempo para lamenta\u00e7\u00f5es, eles saem cedo, lutando para manter suas tradi\u00e7\u00f5es e garantir o sustento. A vida, ali, ainda precisa ser fabricada pelas pr\u00f3prias m\u00e3os. O Vale, um territ\u00f3rio de contrastes, passou do luxo \u00e0 mis\u00e9ria, mas jamais deixou de ser um lugar de resist\u00eancia e felicidade, com sua rica cultura expressa no artesanato, na m\u00fasica e nas festas populares.<\/p>\n\n\n\n<p>O Festivale, um dos maiores festivais de cultura popular do Brasil, e celebra\u00e7\u00f5es como a Festa do Congado de Chapada do Norte e a Festa do Ros\u00e1rio s\u00e3o s\u00edmbolos vivos da resili\u00eancia cultural do Vale. Mesmo diante de todas as adversidades, o Vale do Jequitinhonha permanece um territ\u00f3rio culturalmente rico, cuja hist\u00f3ria, como a de Maria Clara, reflete a luta constante pela sobreviv\u00eancia em um sistema que explora os mais vulner\u00e1veis.<\/p>\n\n\n\n<figure class=\"wp-block-image size-full\"><img loading=\"lazy\" decoding=\"async\" width=\"672\" height=\"372\" src=\"https:\/\/mblmg.org\/escribas\/wp-content\/uploads\/2026\/04\/image-12-2.png\" alt=\"\" class=\"wp-image-418\" srcset=\"https:\/\/mblmg.org\/escribas\/wp-content\/uploads\/2026\/04\/image-12-2.png 672w, https:\/\/mblmg.org\/escribas\/wp-content\/uploads\/2026\/04\/image-12-2-300x166.png 300w\" sizes=\"auto, (max-width: 672px) 100vw, 672px\" \/><\/figure>\n\n\n\n<p>Ambas as narrativas \u2014 a da literatura e a da vida \u2014 refor\u00e7am a urg\u00eancia de uma transforma\u00e7\u00e3o social que valorize a dignidade humana. Carolina Maria de Jesus nos deixa um recado claro: a grandeza de uma na\u00e7\u00e3o n\u00e3o se mede pela manipula\u00e7\u00e3o das necessidades b\u00e1sicas de seu povo, mas pelo respeito \u00e0 sua dignidade. A fome, longe de ser uma arma pol\u00edtica, deve ser um problema a ser erradicado com pol\u00edticas eficazes, que ofere\u00e7am empregos e oportunidades, em vez de promessas vazias e tempor\u00e1rias.<\/p>\n","protected":false},"excerpt":{"rendered":"<p>A fome, quando usada como estrat\u00e9gia pol\u00edtica, \u00e9 uma das pr\u00e1ticas mais abomin\u00e1veis da hist\u00f3ria moderna, com ra\u00edzes que se entrela\u00e7am na escravid\u00e3o. No Brasil, essa mentalidade ainda ecoa, onde o ato de discordar dos \u201csenhores\u201d pode trazer consigo puni\u00e7\u00f5es severas, incluindo a pr\u00f3pria fome. Essa realidade \u00e9 um reflexo vivo da heran\u00e7a escravagista que [&hellip;]<\/p>\n","protected":false},"author":3,"featured_media":419,"comment_status":"open","ping_status":"open","sticky":false,"template":"","format":"standard","meta":{"footnotes":""},"categories":[1],"tags":[],"class_list":["post-416","post","type-post","status-publish","format-standard","has-post-thumbnail","hentry","category-blog"],"_links":{"self":[{"href":"https:\/\/mblmg.org\/escribas\/wp-json\/wp\/v2\/posts\/416","targetHints":{"allow":["GET"]}}],"collection":[{"href":"https:\/\/mblmg.org\/escribas\/wp-json\/wp\/v2\/posts"}],"about":[{"href":"https:\/\/mblmg.org\/escribas\/wp-json\/wp\/v2\/types\/post"}],"author":[{"embeddable":true,"href":"https:\/\/mblmg.org\/escribas\/wp-json\/wp\/v2\/users\/3"}],"replies":[{"embeddable":true,"href":"https:\/\/mblmg.org\/escribas\/wp-json\/wp\/v2\/comments?post=416"}],"version-history":[{"count":1,"href":"https:\/\/mblmg.org\/escribas\/wp-json\/wp\/v2\/posts\/416\/revisions"}],"predecessor-version":[{"id":420,"href":"https:\/\/mblmg.org\/escribas\/wp-json\/wp\/v2\/posts\/416\/revisions\/420"}],"wp:featuredmedia":[{"embeddable":true,"href":"https:\/\/mblmg.org\/escribas\/wp-json\/wp\/v2\/media\/419"}],"wp:attachment":[{"href":"https:\/\/mblmg.org\/escribas\/wp-json\/wp\/v2\/media?parent=416"}],"wp:term":[{"taxonomy":"category","embeddable":true,"href":"https:\/\/mblmg.org\/escribas\/wp-json\/wp\/v2\/categories?post=416"},{"taxonomy":"post_tag","embeddable":true,"href":"https:\/\/mblmg.org\/escribas\/wp-json\/wp\/v2\/tags?post=416"}],"curies":[{"name":"wp","href":"https:\/\/api.w.org\/{rel}","templated":true}]}}