{"id":427,"date":"2024-11-02T21:27:00","date_gmt":"2024-11-02T21:27:00","guid":{"rendered":"https:\/\/mblmg.org\/escribas\/?p=427"},"modified":"2026-04-25T21:28:26","modified_gmt":"2026-04-25T21:28:26","slug":"eleicoes-2024-um-nao-tao-belo-horizonte","status":"publish","type":"post","link":"https:\/\/mblmg.org\/escribas\/eleicoes-2024-um-nao-tao-belo-horizonte\/","title":{"rendered":"Elei\u00e7\u00f5es 2024: Um n\u00e3o t\u00e3o belo\u00a0horizonte"},"content":{"rendered":"\n<p>Belo Horizonte foi \u00e0s urnas em outubro de 2024, e a decis\u00e3o final, ficou entre Bruno Engler (PL), representante do bolsonarismo na cidade, e Fuad Noman (PSD), atual prefeito que conta com o apoio do centr\u00e3o. Com isso, os eleitores enfrentaram a dif\u00edcil tarefa de escolher entre duas op\u00e7\u00f5es que, em ess\u00eancia, falham em oferecer propostas claras e coerentes para lidar com os principais problemas de Belo Horizonte. Entre as quest\u00f5es mais cr\u00edticas est\u00e3o a seguran\u00e7a p\u00fablica, mobilidade urbana, e o transporte p\u00fablico, mas o que se v\u00ea at\u00e9 o momento s\u00e3o promessas vagas, que carecem de profundidade e realismo. As campanhas arrastaram com a falta de clareza sobre como ambos os candidatos enfrentar os desafios mais urgentes da cidade.<\/p>\n\n\n\n<p><strong>Bruno Engler (PL): Populismo e Generalidades<\/strong><\/p>\n\n\n\n<figure class=\"wp-block-image size-full\"><img loading=\"lazy\" decoding=\"async\" width=\"499\" height=\"548\" src=\"https:\/\/mblmg.org\/escribas\/wp-content\/uploads\/2026\/04\/image-1-2.png\" alt=\"\" class=\"wp-image-428\" srcset=\"https:\/\/mblmg.org\/escribas\/wp-content\/uploads\/2026\/04\/image-1-2.png 499w, https:\/\/mblmg.org\/escribas\/wp-content\/uploads\/2026\/04\/image-1-2-273x300.png 273w\" sizes=\"auto, (max-width: 499px) 100vw, 499px\" \/><\/figure>\n\n\n\n<p>Bruno Engler, deputado estadual por Minas Gerais e uma figura proeminente dentro do movimento bolsonarista, tentou capitalizar seu apelo popular com propostas de impacto imediato, mas com pouca profundidade ou viabilidade. Sua principal promessa de campanha girava em torno da seguran\u00e7a p\u00fablica, onde ele prop\u00f5e aumentar o efetivo da Guarda Municipal em 4.000 novos policiais. O custo estimado dessa amplia\u00e7\u00e3o \u00e9 de R$ 80 milh\u00f5es, uma cifra significativa para um or\u00e7amento j\u00e1 pressionado por outras demandas. No entanto, Engler falhou em explicar como obter esses recursos, ou se o or\u00e7amento da cidade consegue sustentar um aumento t\u00e3o expressivo sem comprometer outros setores cr\u00edticos, como sa\u00fade e educa\u00e7\u00e3o.<\/p>\n\n\n\n<p>A proposta de Bruno Engler para a seguran\u00e7a p\u00fablica era baseada em um c\u00e1lculo raso: mais policiais nas ruas resolveriam, por si s\u00f3, os problemas de viol\u00eancia e criminalidade. Esse \u00e9 um argumento que agrada ao eleitorado que clama por solu\u00e7\u00f5es r\u00e1pidas, mas que ignora as ra\u00edzes complexas da quest\u00e3o da seguran\u00e7a, como desigualdade social, falta de oportunidades e o sucateamento das pol\u00edticas de preven\u00e7\u00e3o. Al\u00e9m disso, o candidato mencionava&nbsp; a abertura da \u201ccaixa-preta\u201d da BHTrans, folclore j\u00e1 conhecido pelo Belorizontino, prometido por Alexandre Kalil e at\u00e9 hoje n\u00e3o realizado.<\/p>\n\n\n\n<p>Outro aspecto preocupante no plano de Bruno Engler era sua proposta de altera\u00e7\u00f5es no Plano Diretor de Belo Horizonte. A capital mineira, assim como outras grandes cidades brasileiras, possui um plano diretor que visa nortear o crescimento urbano e a ocupa\u00e7\u00e3o do solo. No entanto, esse plano n\u00e3o \u00e9 revisado h\u00e1 anos, o que torna necess\u00e1rio atualiz\u00e1-lo para enfrentar os novos desafios da cidade. A proposta de Engler, no entanto, possu\u00eda um vi\u00e9s preocupante: estava mais focada em em promover uma liberaliza\u00e7\u00e3o que favore\u00e7a a especula\u00e7\u00e3o imobili\u00e1ria e a verticaliza\u00e7\u00e3o desordenada, sem levar em considera\u00e7\u00e3o os impactos sociais e ambientais dessa escolha.<\/p>\n\n\n\n<p>A verticaliza\u00e7\u00e3o excessiva pode ter consequ\u00eancias graves para a mobilidade urbana, j\u00e1 que a constru\u00e7\u00e3o de mais edif\u00edcios em \u00e1reas densamente povoadas, sem a devida amplia\u00e7\u00e3o da infraestrutura vi\u00e1ria e de transporte p\u00fablico, certamente agravar\u00e1 os j\u00e1 intensos congestionamentos. Bruno Engler parece ignorar esse ponto crucial, ou, no m\u00ednimo, n\u00e3o o aborda com a seriedade que merece. Em vez disso, ele focava em medidas paliativas, como liberalizar a instala\u00e7\u00e3o de pain\u00e9is de LED no centro da cidade (tema abordado em outro artigo), uma quest\u00e3o que, convenhamos, est\u00e1 longe de ser prioridade diante dos problemas reais que afetam o dia a dia dos cidad\u00e3os.<\/p>\n\n\n\n<p>A falta de clareza no plano de governo de Bruno Engler era not\u00e1vel. Ele apresentava promessas gen\u00e9ricas e omitia detalhes importantes, como de onde viriam os recursos para financiar suas propostas. Al\u00e9m disso, ele n\u00e3o demonstrou qualquer compromisso s\u00e9rio com o di\u00e1logo com a sociedade civil e com especialistas para discutir altera\u00e7\u00f5es no Plano Diretor, que podem definir o futuro da cidade por d\u00e9cadas. Modifica\u00e7\u00f5es mal planejadas nesse plano podem gerar um crescimento urbano desordenado, levando a mais congestionamentos, degrada\u00e7\u00e3o ambiental e piora na qualidade de vida da popula\u00e7\u00e3o.<\/p>\n\n\n\n<p><strong>Fuad Noman (PSD): A Gest\u00e3o da Estagna\u00e7\u00e3o<\/strong><\/p>\n\n\n\n<p>Por outro lado, Fuad Noman, o atual prefeito de Belo Horizonte, n\u00e3o ofereceu uma alternativa muito mais inspiradora. Al\u00e7ado ao cargo ap\u00f3s a desastrosa tentativa de Alexandre Kalil de se eleger governador de Minas Gerais, Fuad vem sendo criticado por sua falta de iniciativa e lideran\u00e7a \u00e0 frente da administra\u00e7\u00e3o da cidade. Um dos problemas mais evidentes de sua gest\u00e3o \u00e9 a quest\u00e3o da mobilidade urbana, onde a in\u00e9rcia e a falta de planejamento transformaram Belo Horizonte em um caos di\u00e1rio para quem depende do transporte p\u00fablico.<\/p>\n\n\n\n<figure class=\"wp-block-image size-full\"><img loading=\"lazy\" decoding=\"async\" width=\"641\" height=\"427\" src=\"https:\/\/mblmg.org\/escribas\/wp-content\/uploads\/2026\/04\/image-2-3.png\" alt=\"\" class=\"wp-image-429\" srcset=\"https:\/\/mblmg.org\/escribas\/wp-content\/uploads\/2026\/04\/image-2-3.png 641w, https:\/\/mblmg.org\/escribas\/wp-content\/uploads\/2026\/04\/image-2-3-300x200.png 300w, https:\/\/mblmg.org\/escribas\/wp-content\/uploads\/2026\/04\/image-2-3-600x400.png 600w\" sizes=\"auto, (max-width: 641px) 100vw, 641px\" \/><\/figure>\n\n\n\n<p>Fuad Noman assumiu o cargo sem grande entusiasmo, e sua administra\u00e7\u00e3o reflete esse desinteresse. Durante sua gest\u00e3o, a cidade enfrentou enchentes recorrentes, como a que inundou a Avenida Atl\u00e2ntida, sem que o prefeito tenha demonstrado qualquer capacidade real de lidar com o problema. A infraestrutura da cidade permanece estagnada, e os poucos projetos anunciados durante sua campanha n\u00e3o se concretizaram. Al\u00e9m disso, os inc\u00eandios em \u00e1reas ao redor da cidade, como o bairro Castelo, tamb\u00e9m s\u00e3o sinais da falta de uma pol\u00edtica ambiental eficaz. O que se v\u00ea \u00e9 uma administra\u00e7\u00e3o que n\u00e3o consegue oferecer solu\u00e7\u00f5es para os problemas mais urgentes de Belo Horizonte, deixando a popula\u00e7\u00e3o \u00e0 merc\u00ea de crises recorrentes.<\/p>\n\n\n\n<p>A crise dos moradores de rua \u00e9 outro tema que Fuad Noman parece ignorar. A popula\u00e7\u00e3o em situa\u00e7\u00e3o de rua em Belo Horizonte vem crescendo de forma alarmante, reflexo da falta de pol\u00edticas sociais eficazes e de uma economia que n\u00e3o oferece oportunidades para os mais vulner\u00e1veis. Fuad n\u00e3o apresenta propostas concretas para enfrentar esse problema, limitando-se a continuar pol\u00edticas que j\u00e1 se mostraram ineficientes. O que falta \u00e0 sua gest\u00e3o \u00e9 uma vis\u00e3o clara de como transformar a cidade em um lugar mais inclusivo e capaz de oferecer oportunidades a todos os seus habitantes.<\/p>\n\n\n\n<p><strong>Falhas na Mobilidade Urbana: Uma Trag\u00e9dia Anunciadar<\/strong><\/p>\n\n\n\n<p>A mobilidade urbana \u00e9, sem d\u00favida, foi um dos pontos mais cr\u00edticos nas campanhas de ambos os candidatos. Belo Horizonte enfrenta um caos di\u00e1rio nas ruas, com congestionamentos intermin\u00e1veis e um transporte p\u00fablico que, al\u00e9m de caro, \u00e9 ineficiente. A falta de um sistema de metr\u00f4 adequado \u00e9 uma quest\u00e3o que os moradores da cidade enfrentam h\u00e1 d\u00e9cadas, mas que, inexplicavelmente, continua sendo ignorada pelos governantes.<\/p>\n\n\n\n<p>Bruno Engler, em seu plano de governo, mencionava a necessidade de expandir o metr\u00f4, mas ofereceu poucos detalhes sobre como pretendia financiar ou executar esse projeto. Tratava-se de uma promessa vaga, que parece mais uma jogada populista do que um compromisso real com a solu\u00e7\u00e3o dos problemas de mobilidade da cidade. Fuad Noman, por outro lado, praticamente ignorou a quest\u00e3o do metr\u00f4 em seu plano de governo. Ele se limitou a prometer melhorias superficiais no transporte p\u00fablico, sem abordar a necessidade urgente de uma infraestrutura mais robusta e capaz de atender \u00e0 demanda crescente da popula\u00e7\u00e3o.<\/p>\n\n\n\n<figure class=\"wp-block-image size-full\"><img loading=\"lazy\" decoding=\"async\" width=\"975\" height=\"511\" src=\"https:\/\/mblmg.org\/escribas\/wp-content\/uploads\/2026\/04\/image-4-2.png\" alt=\"\" class=\"wp-image-430\" srcset=\"https:\/\/mblmg.org\/escribas\/wp-content\/uploads\/2026\/04\/image-4-2.png 975w, https:\/\/mblmg.org\/escribas\/wp-content\/uploads\/2026\/04\/image-4-2-300x157.png 300w, https:\/\/mblmg.org\/escribas\/wp-content\/uploads\/2026\/04\/image-4-2-768x403.png 768w\" sizes=\"auto, (max-width: 975px) 100vw, 975px\" \/><\/figure>\n\n\n\n<p>A verdade \u00e9 que nenhum dos dois candidatos apresentou propostas concretas e vi\u00e1veis para resolver os gargalos de transporte em Belo Horizonte. O metr\u00f4, que deveria ser o foco de qualquer pol\u00edtica de mobilidade urbana s\u00e9ria, permanece a ser tratado como um detalhe secund\u00e1rio, enquanto a popula\u00e7\u00e3o continua sofrendo com \u00f4nibus lotados, tarifas exorbitantes e uma rede de transporte que n\u00e3o consegue atender \u00e0s necessidades m\u00ednimas dos cidad\u00e3os.<\/p>\n\n\n\n<p><strong>O Futuro de Belo Horizonte: Mais do Mesmo?<\/strong><\/p>\n\n\n\n<p>A elei\u00e7\u00e3o de 2024 em Belo Horizonte representou uma escolha dif\u00edcil para os eleitores. De um lado, Bruno Engler, um candidato que promete mudan\u00e7as radicais, mas que n\u00e3o ofereceu qualquer clareza sobre como essas mudan\u00e7as ser\u00e3o implementadas ou financiadas. Com ret\u00f3rica populista, mas plano de governo est\u00e1 repleto de inconsist\u00eancias e falta de realismo.<\/p>\n\n\n\n<p>Do outro lado, Fuad Noman, o prefeito que j\u00e1 demonstrou sua incapacidade de lidar com os problemas da cidade. Com gest\u00e3o \u00e9 marcada pela estagna\u00e7\u00e3o, pela falta de vis\u00e3o e pela incapacidade de enfrentar os desafios mais urgentes de Belo Horizonte. Fuad n\u00e3o ofereceu qualquer perspectiva de mudan\u00e7a real, e sua reelei\u00e7\u00e3o significa mais quatro anos de in\u00e9rcia e falta de progresso.<\/p>\n\n\n\n<figure class=\"wp-block-image size-full\"><img loading=\"lazy\" decoding=\"async\" width=\"563\" height=\"519\" src=\"https:\/\/mblmg.org\/escribas\/wp-content\/uploads\/2026\/04\/image-5-1.png\" alt=\"\" class=\"wp-image-431\" srcset=\"https:\/\/mblmg.org\/escribas\/wp-content\/uploads\/2026\/04\/image-5-1.png 563w, https:\/\/mblmg.org\/escribas\/wp-content\/uploads\/2026\/04\/image-5-1-300x277.png 300w\" sizes=\"auto, (max-width: 563px) 100vw, 563px\" \/><\/figure>\n\n\n\n<p>A escolha que os eleitores de Belo Horizonte enfrentaram, n\u00e3o foi uma escolha entre o melhor e o pior, mas entre dois candidatos que, de maneiras diferentes, falharam em oferecer uma solu\u00e7\u00e3o verdadeira para os problemas da cidade. A seguran\u00e7a p\u00fablica, a mobilidade urbana, o transporte p\u00fablico e as pol\u00edticas sociais continuar\u00e3o sendo desafios enormes. A vit\u00f3ria de Fuad n\u00e3o traz nenhuma inova\u00e7\u00e3o ou novas perspectivas, e, talvez, podemos ver este segundo turno como uma derrota, onde nenhum dos candidatos eram efetivamente aptos para o cargo de Prefeito de uma das maiores capitais do pa\u00eds.<\/p>\n\n\n\n<p>No final das contas, a elei\u00e7\u00e3o de 2024 parece mais um reflexo da crise pol\u00edtica e de lideran\u00e7a que assola o Brasil como um todo. A falta de propostas concretas, a superficialidade dos debates e a aus\u00eancia de uma vis\u00e3o de longo prazo s\u00e3o sintomas de uma pol\u00edtica que privilegia o imediatismo e o populismo em detrimento das solu\u00e7\u00f5es reais.<\/p>\n","protected":false},"excerpt":{"rendered":"<p>Belo Horizonte foi \u00e0s urnas em outubro de 2024, e a decis\u00e3o final, ficou entre Bruno Engler (PL), representante do bolsonarismo na cidade, e Fuad Noman (PSD), atual prefeito que conta com o apoio do centr\u00e3o. Com isso, os eleitores enfrentaram a dif\u00edcil tarefa de escolher entre duas op\u00e7\u00f5es que, em ess\u00eancia, falham em oferecer [&hellip;]<\/p>\n","protected":false},"author":3,"featured_media":432,"comment_status":"open","ping_status":"open","sticky":false,"template":"","format":"standard","meta":{"footnotes":""},"categories":[1],"tags":[],"class_list":["post-427","post","type-post","status-publish","format-standard","has-post-thumbnail","hentry","category-blog"],"_links":{"self":[{"href":"https:\/\/mblmg.org\/escribas\/wp-json\/wp\/v2\/posts\/427","targetHints":{"allow":["GET"]}}],"collection":[{"href":"https:\/\/mblmg.org\/escribas\/wp-json\/wp\/v2\/posts"}],"about":[{"href":"https:\/\/mblmg.org\/escribas\/wp-json\/wp\/v2\/types\/post"}],"author":[{"embeddable":true,"href":"https:\/\/mblmg.org\/escribas\/wp-json\/wp\/v2\/users\/3"}],"replies":[{"embeddable":true,"href":"https:\/\/mblmg.org\/escribas\/wp-json\/wp\/v2\/comments?post=427"}],"version-history":[{"count":1,"href":"https:\/\/mblmg.org\/escribas\/wp-json\/wp\/v2\/posts\/427\/revisions"}],"predecessor-version":[{"id":433,"href":"https:\/\/mblmg.org\/escribas\/wp-json\/wp\/v2\/posts\/427\/revisions\/433"}],"wp:featuredmedia":[{"embeddable":true,"href":"https:\/\/mblmg.org\/escribas\/wp-json\/wp\/v2\/media\/432"}],"wp:attachment":[{"href":"https:\/\/mblmg.org\/escribas\/wp-json\/wp\/v2\/media?parent=427"}],"wp:term":[{"taxonomy":"category","embeddable":true,"href":"https:\/\/mblmg.org\/escribas\/wp-json\/wp\/v2\/categories?post=427"},{"taxonomy":"post_tag","embeddable":true,"href":"https:\/\/mblmg.org\/escribas\/wp-json\/wp\/v2\/tags?post=427"}],"curies":[{"name":"wp","href":"https:\/\/api.w.org\/{rel}","templated":true}]}}