{"id":43,"date":"2026-01-31T17:09:00","date_gmt":"2026-01-31T17:09:00","guid":{"rendered":"https:\/\/mblmg.org\/escribas\/?p=43"},"modified":"2026-01-31T17:10:04","modified_gmt":"2026-01-31T17:10:04","slug":"religiao-e-politica-se-misturam","status":"publish","type":"post","link":"https:\/\/mblmg.org\/escribas\/religiao-e-politica-se-misturam\/","title":{"rendered":"Religi\u00e3o e pol\u00edtica se\u00a0misturam?"},"content":{"rendered":"\n<p>Abre-se, mais uma vez, a temporada de pol\u00edticos nas igrejas. Discursos inflamados sobre Deus, apari\u00e7\u00f5es repentinas em cultos e missas, vocabul\u00e1rio religioso cuidadosamente ensaiado. Nada disso \u00e9 novo. O Brasil \u00e9 um pa\u00eds de maioria crist\u00e3, dado frequentemente repetido em pesquisas, mas raramente refletido com a seriedade que exige. Onde a f\u00e9 se torna maioria sociol\u00f3gica, cresce proporcionalmente o risco de sua instrumentaliza\u00e7\u00e3o pol\u00edtica.<\/p>\n\n\n\n<figure class=\"wp-block-image size-full\"><img loading=\"lazy\" decoding=\"async\" width=\"616\" height=\"461\" src=\"https:\/\/mblmg.org\/escribas\/wp-content\/uploads\/2026\/01\/Religiao-e-politica-se-misturam.webp\" alt=\"Religi\u00e3o e pol\u00edtica se misturam?\" class=\"wp-image-44\" srcset=\"https:\/\/mblmg.org\/escribas\/wp-content\/uploads\/2026\/01\/Religiao-e-politica-se-misturam.webp 616w, https:\/\/mblmg.org\/escribas\/wp-content\/uploads\/2026\/01\/Religiao-e-politica-se-misturam-300x225.webp 300w\" sizes=\"auto, (max-width: 616px) 100vw, 616px\" \/><figcaption class=\"wp-element-caption\">Religi\u00e3o e pol\u00edtica se misturam?<\/figcaption><\/figure>\n\n\n\n<p>Como crist\u00e3, sinto-me moralmente obrigada a emitir um alerta. N\u00e3o apenas aos crist\u00e3os, mas sobretudo a eles, por constitu\u00edrem uma das maiores for\u00e7as eleitorais do pa\u00eds. Justamente por isso, tornam-se alvo recorrente de discursos oportunistas que se renovam a cada quatro anos.<\/p>\n\n\n\n<p>Em per\u00edodos eleitorais, o fen\u00f4meno se repete com precis\u00e3o quase lit\u00fargica: pol\u00edticos de todas as correntes ideol\u00f3gicas passam a frequentar espa\u00e7os religiosos. Citam vers\u00edculos, pedem ora\u00e7\u00f5es, invocam Deus, promovem palestras e cultos,&nbsp; e, discretamente ou n\u00e3o, pedem votos. A f\u00e9, ent\u00e3o, deixa de ser convic\u00e7\u00e3o e passa a ser estrat\u00e9gia. O sagrado \u00e9 reduzido a linguagem de campanha.<\/p>\n\n\n\n<p>O alerta \u00e9 simples e severo: quando a f\u00e9 se torna ferramenta eleitoral, ela j\u00e1 foi tra\u00edda. O cristianismo jamais nasceu como ideologia de poder, e a pol\u00edtica, quando saud\u00e1vel, jamais deve se comportar como religi\u00e3o. A confus\u00e3o entre f\u00e9 e poder produz um dos males mais corrosivos da vida p\u00fablica: a instrumentaliza\u00e7\u00e3o do sagrado em benef\u00edcio de projetos pessoais. Quando pol\u00edticos passam a se apresentar como representantes diretos de Deus, insinuando que devem ser venerados, obedecidos sem reservas e jamais questionados, como se toda d\u00favida lan\u00e7ada contra eles fosse uma afronta ao pr\u00f3prio Deus, a f\u00e9 deixa de ser caminho de liberta\u00e7\u00e3o e se torna ferramenta de domina\u00e7\u00e3o. A tradi\u00e7\u00e3o crist\u00e3, que moldou profundamente a civiliza\u00e7\u00e3o ocidental e a forma\u00e7\u00e3o do Brasil, n\u00e3o legitima esse atalho moral. Ela n\u00e3o concede a homens fal\u00edveis o estatuto de intoc\u00e1veis, nem autoriza a sacraliza\u00e7\u00e3o do poder como escudo contra a cr\u00edtica, a responsabilidade e o ju\u00edzo da consci\u00eancia.<\/p>\n\n\n\n<p>Cristo \u00e9 claro:<\/p>\n\n\n\n<p>\u201cMeu Reino n\u00e3o \u00e9 deste mundo\u201d (Jo 18,36).<\/p>\n\n\n\n<p>Essa afirma\u00e7\u00e3o n\u00e3o convida \u00e0 omiss\u00e3o pol\u00edtica, mas estabelece um limite essencial: o poder temporal n\u00e3o pode se apropriar do sagrado como instrumento de domina\u00e7\u00e3o. O conservadorismo aut\u00eantico nasce justamente do reconhecimento de que existem verdades anteriores ao Estado. A dignidade humana, a consci\u00eancia moral, a fam\u00edlia e a liberdade n\u00e3o s\u00e3o concess\u00f5es do governo, mas fundamentos da ordem social. Essa vis\u00e3o, profundamente crist\u00e3, atravessou o direito romano cristianizado e chegou \u00e0s democracias modernas.<\/p>\n\n\n\n<p>Edmund Burke j\u00e1 advertia que uma sociedade que rompe com seus princ\u00edpios morais acaba sendo governada apenas pela for\u00e7a. A f\u00e9, nesse sentido, n\u00e3o \u00e9 ornamento cultural, mas freio moral. No entanto, quando pol\u00edticos utilizam s\u00edmbolos religiosos apenas para angariar apoio, rompem exatamente com a tradi\u00e7\u00e3o que afirmam defender.<\/p>\n\n\n\n<p>Cristo \u00e9 ainda mais incisivo:<\/p>\n\n\n\n<p>\u201cN\u00e3o deis aos c\u00e3es o que \u00e9 santo, nem lanceis p\u00e9rolas aos porcos\u201d (Mt 7,6).<\/p>\n\n\n\n<p>O sagrado n\u00e3o pode ser transformado em slogan.<\/p>\n\n\n\n<p>O liberalismo cl\u00e1ssico, muito distinto de seus desvios relativistas contempor\u00e2neos, sempre esteve ligado \u00e0 responsabilidade moral. John Locke, profundamente influenciado pelo cristianismo, afirmava que n\u00e3o h\u00e1 liberdade sem lei moral. A liberdade pol\u00edtica s\u00f3 subsiste onde h\u00e1 limites \u00e9ticos interiorizados.<\/p>\n\n\n\n<p>S\u00e3o Pedro escreve:<\/p>\n\n\n\n<p>\u201cSede todos concordes, compassivos, fraternos, misericordiosos e humildes\u201d (1Pe 3,8).<\/p>\n\n\n\n<p>Esse texto n\u00e3o nasce em um contexto de poder institucional, mas de persegui\u00e7\u00e3o. A f\u00e9 crist\u00e3 n\u00e3o se sustenta por cargos, mas por car\u00e1ter. \u00c9 aqui que muitos discursos pol\u00edticos falham: defendem o cristianismo como identidade cultural, mas abandonam a integridade que ele exige.<\/p>\n\n\n\n<p>Um pol\u00edtico pode se declarar crist\u00e3o, conservador e patriota. Mas se mente, corrompe, manipula ou governa movido por ressentimento, trai os tr\u00eas.<\/p>\n\n\n\n<p>O amor \u00e0 p\u00e1tria \u00e9 uma virtude natural. S\u00e3o Tom\u00e1s de Aquino ensina que devemos honra \u00e0 nossa terra e aos nossos antepassados (Summa Theologiae, II-II, q.101). No Brasil, isso implica reconhecer nossa heran\u00e7a crist\u00e3, nossa forma\u00e7\u00e3o ocidental e nossa voca\u00e7\u00e3o para a liberdade.<\/p>\n\n\n\n<p>Mas patriotismo n\u00e3o \u00e9 idolatria estatal. A Escritura adverte:<\/p>\n\n\n\n<p>\u201cMaldito o homem que confia no homem\u201d (Jr 17,5).<\/p>\n\n\n\n<p>Quando l\u00edderes pol\u00edticos s\u00e3o tratados como salvadores da na\u00e7\u00e3o, a f\u00e9 deixa de iluminar a pol\u00edtica e passa a ser absorvida por ela. O cristianismo n\u00e3o autoriza culto \u00e0 personalidade, nem \u00e0 esquerda, nem \u00e0 direita.<\/p>\n\n\n\n<p>Cristo n\u00e3o prometeu dom\u00ednio aos Seus disc\u00edpulos, mas fidelidade:<\/p>\n\n\n\n<p>\u201cEis que vos envio como ovelhas para o meio de lobos\u201d (Mt 10,16).<\/p>\n\n\n\n<p>A resposta crist\u00e3 ao poder n\u00e3o \u00e9 tornar-se lobo, mas permanecer ovelha, com coragem. O Evangelho transforma o indiv\u00edduo por inteiro: car\u00e1ter, mente, linguagem e postura p\u00fablica. Ele n\u00e3o vence pela for\u00e7a, mas pela verdade.<\/p>\n\n\n\n<p>Na pol\u00edtica, isso se traduz em escolhas concretas:<\/p>\n\n\n\n<p>defender a liberdade sem abandonar a justi\u00e7a;<\/p>\n\n\n\n<p>conservar valores sem recorrer \u00e0 mentira;<\/p>\n\n\n\n<p>governar com firmeza, mas sob limites morais claros.<\/p>\n\n\n\n<p>O conservadorismo crist\u00e3o n\u00e3o pode ser grito, mas sustenta\u00e7\u00e3o. N\u00e3o tratado como espet\u00e1culo, mas const\u00e2ncia nas a\u00e7\u00f5es.<\/p>\n\n\n\n<p>O crist\u00e3o em cargo p\u00fablico n\u00e3o governa para impor doutrina, mas para servir ao bem comum. O profeta Miqu\u00e9ias resume com precis\u00e3o:<\/p>\n\n\n\n<p>\u201cPraticar a justi\u00e7a, amar a miseric\u00f3rdia e caminhar humildemente com teu Deus\u201d (Mq 6,8).<\/p>\n\n\n\n<p>Na pr\u00e1tica pol\u00edtica, isso significa:<\/p>\n\n\n\n<p>respeito \u00e0s institui\u00e7\u00f5es;<\/p>\n\n\n\n<p>defesa da vida, da fam\u00edlia e da liberdade;<\/p>\n\n\n\n<p>responsabilidade fiscal e moral;<\/p>\n\n\n\n<p>rejei\u00e7\u00e3o da corrup\u00e7\u00e3o, mesmo quando conveniente.<\/p>\n\n\n\n<p>O Brasil n\u00e3o precisa de pol\u00edticos que vendam f\u00e9, mas de homens e mulheres que vivam aquilo que dizem crer.<\/p>\n\n\n\n<p>A f\u00e9 crist\u00e3 n\u00e3o nasceu para conquistar o Estado, mas para formar consci\u00eancias. A p\u00e1tria n\u00e3o se sustenta com discursos religiosos vazios, mas com virtudes vividas. E a pol\u00edtica s\u00f3 se torna verdadeiramente nobre quando reconhece que h\u00e1 algo acima dela.<\/p>\n","protected":false},"excerpt":{"rendered":"<p>Abre-se, mais uma vez, a temporada de pol\u00edticos nas igrejas. Discursos inflamados sobre Deus, apari\u00e7\u00f5es repentinas em cultos e missas, vocabul\u00e1rio religioso cuidadosamente ensaiado. Nada disso \u00e9 novo. O Brasil \u00e9 um pa\u00eds de maioria crist\u00e3, dado frequentemente repetido em pesquisas, mas raramente refletido com a seriedade que exige. Onde a f\u00e9 se torna maioria [&hellip;]<\/p>\n","protected":false},"author":3,"featured_media":44,"comment_status":"open","ping_status":"open","sticky":false,"template":"","format":"standard","meta":{"footnotes":""},"categories":[1],"tags":[3,4,5],"class_list":["post-43","post","type-post","status-publish","format-standard","has-post-thumbnail","hentry","category-blog","tag-espiritualidade","tag-politica","tag-religiao"],"_links":{"self":[{"href":"https:\/\/mblmg.org\/escribas\/wp-json\/wp\/v2\/posts\/43","targetHints":{"allow":["GET"]}}],"collection":[{"href":"https:\/\/mblmg.org\/escribas\/wp-json\/wp\/v2\/posts"}],"about":[{"href":"https:\/\/mblmg.org\/escribas\/wp-json\/wp\/v2\/types\/post"}],"author":[{"embeddable":true,"href":"https:\/\/mblmg.org\/escribas\/wp-json\/wp\/v2\/users\/3"}],"replies":[{"embeddable":true,"href":"https:\/\/mblmg.org\/escribas\/wp-json\/wp\/v2\/comments?post=43"}],"version-history":[{"count":1,"href":"https:\/\/mblmg.org\/escribas\/wp-json\/wp\/v2\/posts\/43\/revisions"}],"predecessor-version":[{"id":45,"href":"https:\/\/mblmg.org\/escribas\/wp-json\/wp\/v2\/posts\/43\/revisions\/45"}],"wp:featuredmedia":[{"embeddable":true,"href":"https:\/\/mblmg.org\/escribas\/wp-json\/wp\/v2\/media\/44"}],"wp:attachment":[{"href":"https:\/\/mblmg.org\/escribas\/wp-json\/wp\/v2\/media?parent=43"}],"wp:term":[{"taxonomy":"category","embeddable":true,"href":"https:\/\/mblmg.org\/escribas\/wp-json\/wp\/v2\/categories?post=43"},{"taxonomy":"post_tag","embeddable":true,"href":"https:\/\/mblmg.org\/escribas\/wp-json\/wp\/v2\/tags?post=43"}],"curies":[{"name":"wp","href":"https:\/\/api.w.org\/{rel}","templated":true}]}}