{"id":463,"date":"2024-09-25T01:34:00","date_gmt":"2024-09-25T01:34:00","guid":{"rendered":"https:\/\/mblmg.org\/escribas\/?p=463"},"modified":"2026-04-27T01:36:19","modified_gmt":"2026-04-27T01:36:19","slug":"tiradentes-joia-colonial-das-minas-gerais","status":"publish","type":"post","link":"https:\/\/mblmg.org\/escribas\/tiradentes-joia-colonial-das-minas-gerais\/","title":{"rendered":"Tiradentes, joia colonial das Minas\u00a0Gerais"},"content":{"rendered":"\n<p>Ao contemplarmos as belezas de Minas Gerais, nos deparamos com o nome Tiradentes. E voc\u00ea pode se perguntar se \u00e9 o nome do Patrono da independ\u00eancia, do l\u00edder da Inconfid\u00eancia, aquele feriado nacional que todos aproveitam e poucos conhecem o motivo, ou o nome de uma cidadezinha encantadora no interior mineiro.<\/p>\n\n\n\n<figure class=\"wp-block-image size-full\"><img loading=\"lazy\" decoding=\"async\" width=\"357\" height=\"476\" src=\"https:\/\/mblmg.org\/escribas\/wp-content\/uploads\/2026\/04\/image-3-3.png\" alt=\"\" class=\"wp-image-465\" srcset=\"https:\/\/mblmg.org\/escribas\/wp-content\/uploads\/2026\/04\/image-3-3.png 357w, https:\/\/mblmg.org\/escribas\/wp-content\/uploads\/2026\/04\/image-3-3-225x300.png 225w\" sizes=\"auto, (max-width: 357px) 100vw, 357px\" \/><\/figure>\n\n\n\n<p>Vamos focar na cidadezinha mineira que est\u00e1 aproximadamente a 200 km da capital Belo Horizonte.<\/p>\n\n\n\n<p>Quase ningu\u00e9m sabe que um passeio por Tiradentes pode ser comparado a uma visita ao museu do Louvre, em Paris, ou ao subterr\u00e2neo do Coliseu, em Roma, que ficou entre as 25 melhores excurs\u00f5es culturais e hist\u00f3ricas do mundo.<\/p>\n\n\n\n<p>A cidade, do interior de nosso estado, apresenta uma arquitetura espl\u00eandida, com um dos acervos arquitet\u00f4nicos mais importantes de Minas Gerais, constru\u00eddos por edifica\u00e7\u00f5es setecentistas. Valorizando a harmonia e simplicidade de suas ruas, com casas em sua maioria t\u00e9rreas, de um estilo simples, por\u00e9m cuidadosamente elaborado. Uma de suas peculiaridades s\u00e3o as casas com n\u00famero \u00edmpar de janelas.<\/p>\n\n\n\n<p>Toda a exuber\u00e2ncia de suas ruas \u00e9 apresentada pela combina\u00e7\u00e3o da natureza, simplicidade das casas e impon\u00eancia de suas igrejas, formando assim um encaixe perfeito. Uma beleza serena, pac\u00edfica, gerando o sublime, preservando assim a hist\u00f3ria do Brasil do s\u00e9culo XVIII.<\/p>\n\n\n\n<figure class=\"wp-block-image size-full\"><img loading=\"lazy\" decoding=\"async\" width=\"760\" height=\"1013\" src=\"https:\/\/mblmg.org\/escribas\/wp-content\/uploads\/2026\/04\/image-22.png\" alt=\"\" class=\"wp-image-466\" srcset=\"https:\/\/mblmg.org\/escribas\/wp-content\/uploads\/2026\/04\/image-22.png 760w, https:\/\/mblmg.org\/escribas\/wp-content\/uploads\/2026\/04\/image-22-225x300.png 225w\" sizes=\"auto, (max-width: 760px) 100vw, 760px\" \/><\/figure>\n\n\n\n<p>Esta \u00e9 a Matriz de Santo Ant\u00f4nio, que se distingue como um dos mais importantes exemplares de arquitetura religiosa colonial mineira. Apresentando fachada com risco de autoria do Aleijadinho, dentro dos padr\u00f5es das grandes matrizes de Minas Gerais, manifesta em seu interior uma riqu\u00edssima ornamenta\u00e7\u00e3o conferida n\u00e3o s\u00f3 pela talha da nave e da capela-mor, como tamb\u00e9m pelas diversas sacristias ricamente decoradas, al\u00e9m da excepcional composi\u00e7\u00e3o do coro e bel\u00edssima decora\u00e7\u00e3o do \u00f3rg\u00e3o, considerado um exemplo \u00fanico em Minas Gerais.<\/p>\n\n\n\n<p><strong>Um olhar mais filos\u00f3fico da pequena Tiradentes e o seu estilo barroco<\/strong><\/p>\n\n\n\n<figure class=\"wp-block-image size-full\"><img loading=\"lazy\" decoding=\"async\" width=\"539\" height=\"477\" src=\"https:\/\/mblmg.org\/escribas\/wp-content\/uploads\/2026\/04\/image-4-4.png\" alt=\"\" class=\"wp-image-467\" srcset=\"https:\/\/mblmg.org\/escribas\/wp-content\/uploads\/2026\/04\/image-4-4.png 539w, https:\/\/mblmg.org\/escribas\/wp-content\/uploads\/2026\/04\/image-4-4-300x265.png 300w\" sizes=\"auto, (max-width: 539px) 100vw, 539px\" \/><\/figure>\n\n\n\n<p>\u201cUma pessoa barroca \u00e9 uma pessoa com pensamento n\u00e3o apenas racional. Vai al\u00e9m, vai no simb\u00f3lico\u201d, explica o pesquisador Percival Tirapeli.<\/p>\n\n\n\n<p>O barroco \u00e9 cultista, conceptista, complicado em si. \u00c9 sempre o jogo de revelar e n\u00e3o revelar, o claro e o escuro. E tudo isso \u00e9 vis\u00edvel na linda Tiradentes, onde o aconchego e o detalhismo imprimem uma ordena\u00e7\u00e3o, trazendo em si um olhar de pertencimento, de signific\u00e2ncia em si mesmo.<\/p>\n\n\n\n<figure class=\"wp-block-image size-full\"><img loading=\"lazy\" decoding=\"async\" width=\"634\" height=\"465\" src=\"https:\/\/mblmg.org\/escribas\/wp-content\/uploads\/2026\/04\/image-1-5.png\" alt=\"\" class=\"wp-image-468\" srcset=\"https:\/\/mblmg.org\/escribas\/wp-content\/uploads\/2026\/04\/image-1-5.png 634w, https:\/\/mblmg.org\/escribas\/wp-content\/uploads\/2026\/04\/image-1-5-300x220.png 300w\" sizes=\"auto, (max-width: 634px) 100vw, 634px\" \/><\/figure>\n\n\n\n<p>Olhando mais a fundo, vemos ali uma uni\u00e3o dos pontos da vida, o passado e o presente, o homem e a natureza. A beleza da cidade torna-se uma experi\u00eancia do dia a dia. Ela toca nas fibras da identidade humana. Ela nos lembra de valorizar mais o sagrado, com suas igrejas sendo o ponto mais sublime e central das caminhadas.<\/p>\n\n\n\n<figure class=\"wp-block-image size-full\"><img loading=\"lazy\" decoding=\"async\" width=\"925\" height=\"568\" src=\"https:\/\/mblmg.org\/escribas\/wp-content\/uploads\/2026\/04\/image-2-5.png\" alt=\"\" class=\"wp-image-469\" srcset=\"https:\/\/mblmg.org\/escribas\/wp-content\/uploads\/2026\/04\/image-2-5.png 925w, https:\/\/mblmg.org\/escribas\/wp-content\/uploads\/2026\/04\/image-2-5-300x184.png 300w, https:\/\/mblmg.org\/escribas\/wp-content\/uploads\/2026\/04\/image-2-5-768x472.png 768w\" sizes=\"auto, (max-width: 925px) 100vw, 925px\" \/><\/figure>\n\n\n\n<p>Esse peda\u00e7o lindo de ch\u00e3o tamb\u00e9m nos faz sentir parte, trazendo em si um afeto, com seus suaves cheiros emanados das chamin\u00e9s das casas, na suave brisa ao amanhecer e ao entardecer soprados pelas matas que a cercam, na calmaria fumegada pelas chamin\u00e9s da \u201cmaria fuma\u00e7a\u201d, dos cascos dos cavalos e o chacoalhar das carro\u00e7as nas ruas de pedras.<\/p>\n\n\n\n<p>Relembrando um tema barroco \u201c<em>Memento Mori, Carpe diem<\/em>\u201d em Tiradentes, percebemos que cada momento da vida deve ser desfrutado, pois ela \u00e9 ef\u00eamera e o tempo, mesmo parecendo que passa mais suave pelas ruas da cidade, quando olhamos o rel\u00f3gio percebemos que ele passou r\u00e1pido demais, diante de tanta fascina\u00e7\u00e3o.<\/p>\n\n\n\n<p><strong>Dist\u00e2ncia de Belo Horizonte:<\/strong>&nbsp;190 km \u2013 cerca de 3h de viagem<\/p>\n\n\n\n<p><strong><em>Fotos:<\/em><\/strong><em>&nbsp;Let\u00edcia Barbosa<\/em><\/p>\n","protected":false},"excerpt":{"rendered":"<p>Ao contemplarmos as belezas de Minas Gerais, nos deparamos com o nome Tiradentes. E voc\u00ea pode se perguntar se \u00e9 o nome do Patrono da independ\u00eancia, do l\u00edder da Inconfid\u00eancia, aquele feriado nacional que todos aproveitam e poucos conhecem o motivo, ou o nome de uma cidadezinha encantadora no interior mineiro. Vamos focar na cidadezinha [&hellip;]<\/p>\n","protected":false},"author":3,"featured_media":464,"comment_status":"open","ping_status":"open","sticky":false,"template":"","format":"standard","meta":{"footnotes":""},"categories":[1],"tags":[],"class_list":["post-463","post","type-post","status-publish","format-standard","has-post-thumbnail","hentry","category-blog"],"_links":{"self":[{"href":"https:\/\/mblmg.org\/escribas\/wp-json\/wp\/v2\/posts\/463","targetHints":{"allow":["GET"]}}],"collection":[{"href":"https:\/\/mblmg.org\/escribas\/wp-json\/wp\/v2\/posts"}],"about":[{"href":"https:\/\/mblmg.org\/escribas\/wp-json\/wp\/v2\/types\/post"}],"author":[{"embeddable":true,"href":"https:\/\/mblmg.org\/escribas\/wp-json\/wp\/v2\/users\/3"}],"replies":[{"embeddable":true,"href":"https:\/\/mblmg.org\/escribas\/wp-json\/wp\/v2\/comments?post=463"}],"version-history":[{"count":1,"href":"https:\/\/mblmg.org\/escribas\/wp-json\/wp\/v2\/posts\/463\/revisions"}],"predecessor-version":[{"id":470,"href":"https:\/\/mblmg.org\/escribas\/wp-json\/wp\/v2\/posts\/463\/revisions\/470"}],"wp:featuredmedia":[{"embeddable":true,"href":"https:\/\/mblmg.org\/escribas\/wp-json\/wp\/v2\/media\/464"}],"wp:attachment":[{"href":"https:\/\/mblmg.org\/escribas\/wp-json\/wp\/v2\/media?parent=463"}],"wp:term":[{"taxonomy":"category","embeddable":true,"href":"https:\/\/mblmg.org\/escribas\/wp-json\/wp\/v2\/categories?post=463"},{"taxonomy":"post_tag","embeddable":true,"href":"https:\/\/mblmg.org\/escribas\/wp-json\/wp\/v2\/tags?post=463"}],"curies":[{"name":"wp","href":"https:\/\/api.w.org\/{rel}","templated":true}]}}