{"id":472,"date":"2024-09-07T01:36:00","date_gmt":"2024-09-07T01:36:00","guid":{"rendered":"https:\/\/mblmg.org\/escribas\/?p=472"},"modified":"2026-04-27T01:37:17","modified_gmt":"2026-04-27T01:37:17","slug":"inconfidencia-mineira-a-revolta-pela-liberdade-e-a-luta-contra-a-tirania","status":"publish","type":"post","link":"https:\/\/mblmg.org\/escribas\/inconfidencia-mineira-a-revolta-pela-liberdade-e-a-luta-contra-a-tirania\/","title":{"rendered":"Inconfid\u00eancia Mineira: A Revolta pela Liberdade e a Luta Contra a\u00a0Tirania"},"content":{"rendered":"\n<p>Em tempos t\u00e3o sombrios, em que o foco do debate est\u00e1 sendo a liberdade de express\u00e3o, nada mais oportuno do que falar sobre a maior revolta em favor da liberdade no pa\u00eds: a Inconfid\u00eancia Mineira.<\/p>\n\n\n\n<figure class=\"wp-block-image\"><img decoding=\"async\" src=\"https:\/\/mgmbl.wordpress.com\/wp-content\/uploads\/2024\/09\/imagem-do-whatsapp-de-2024-09-06-as-21.46.52_24143e67.jpg?w=1024\" alt=\"\" class=\"wp-image-461\"\/><\/figure>\n\n\n\n<p>Primeiramente, vamos dar boas-vindas \u00e0 reinaugura\u00e7\u00e3o do blog do MBL-MG. Um espa\u00e7o de an\u00e1lises, dicas e, claro, de hist\u00f3ria. De mineiro para mineiro, ajudando a preservar nossas tradi\u00e7\u00f5es.<\/p>\n\n\n\n<p>Para entender a Inconfid\u00eancia, precisamos considerar seus antecedentes. No s\u00e9culo XVIII, Minas Gerais era a capitania mais rica da col\u00f4nia, justificado pela grande explora\u00e7\u00e3o do ouro. O conflito come\u00e7a quando a Coroa Portuguesa percebe que a minera\u00e7\u00e3o poderia trazer grande arrecada\u00e7\u00e3o em tributos. Portugal, ent\u00e3o sob o impacto de dificuldades econ\u00f4micas ap\u00f3s o terremoto de Lisboa de 1755, aumentou os tributos sobre a explora\u00e7\u00e3o de min\u00e9rios.<\/p>\n\n\n\n<figure class=\"wp-block-image size-full\"><img loading=\"lazy\" decoding=\"async\" width=\"591\" height=\"1023\" src=\"https:\/\/mblmg.org\/escribas\/wp-content\/uploads\/2026\/04\/imagem-do-whatsapp-de-2024-09-06-as-21.46.52_50357c00.webp\" alt=\"\" class=\"wp-image-474\" srcset=\"https:\/\/mblmg.org\/escribas\/wp-content\/uploads\/2026\/04\/imagem-do-whatsapp-de-2024-09-06-as-21.46.52_50357c00.webp 591w, https:\/\/mblmg.org\/escribas\/wp-content\/uploads\/2026\/04\/imagem-do-whatsapp-de-2024-09-06-as-21.46.52_50357c00-173x300.webp 173w\" sizes=\"auto, (max-width: 591px) 100vw, 591px\" \/><\/figure>\n\n\n\n<p>A Inconfid\u00eancia contava, em sua maioria, com participantes da elite econ\u00f4mica de Minas, com exce\u00e7\u00e3o do pr\u00f3prio Tiradentes, que era militar. A elite que participou do movimento era composta por pessoas de v\u00e1rias profiss\u00f5es, desde m\u00e9dicos at\u00e9 integrantes da igreja.<\/p>\n\n\n\n<p>Devido aos altos tributos, a inspira\u00e7\u00e3o em ideias iluministas e \u00e0 comprova\u00e7\u00e3o de que Minas Gerais poderia ser autossuficiente, a Inconfid\u00eancia surge na d\u00e9cada de 1780, tendo como um dos principais objetivos transformar Minas em uma rep\u00fablica independente de Portugal. Nesse contexto, haveria elei\u00e7\u00f5es anuais, al\u00e9m de diversifica\u00e7\u00e3o econ\u00f4mica. N\u00e3o havia consenso sobre o fim da escravid\u00e3o.<\/p>\n\n\n\n<p>Quando foi decretada a derrama (um imposto obrigat\u00f3rio quando a meta de arrecada\u00e7\u00e3o n\u00e3o era atingida), os inconfidentes come\u00e7aram a agir, iniciando suas atividades em Vila Rica (atual Ouro Preto). A alega\u00e7\u00e3o dos participantes era de que a derrama sobrecarregava um estado j\u00e1 cheio de impostos.<\/p>\n\n\n\n<figure class=\"wp-block-image size-full\"><img loading=\"lazy\" decoding=\"async\" width=\"630\" height=\"441\" src=\"https:\/\/mblmg.org\/escribas\/wp-content\/uploads\/2026\/04\/inconfidenciaalvarenga-cke.jpg\" alt=\"\" class=\"wp-image-475\" srcset=\"https:\/\/mblmg.org\/escribas\/wp-content\/uploads\/2026\/04\/inconfidenciaalvarenga-cke.jpg 630w, https:\/\/mblmg.org\/escribas\/wp-content\/uploads\/2026\/04\/inconfidenciaalvarenga-cke-300x210.jpg 300w\" sizes=\"auto, (max-width: 630px) 100vw, 630px\" \/><\/figure>\n\n\n\n<p>Por\u00e9m, a opera\u00e7\u00e3o n\u00e3o ocorreu devido ao \u201cfogo amigo\u201d. Joaquim Silv\u00e9rio dos Reis, que era fazendeiro e parte do movimento, denunciou os planos da Conjura\u00e7\u00e3o para as autoridades a fim de se livrar das d\u00edvidas que tinha com a Coroa. Em 18 de maio de 1789, alguns dos l\u00edderes da rebeli\u00e3o foram informados de que corriam perigo. Posteriormente, o Visconde de Barbacena, governador da capitania, suspendeu a derrama e come\u00e7ou a prender os integrantes da Inconfid\u00eancia. Ap\u00f3s 3 anos, as senten\u00e7as foram lidas, com penas variadas: desde o ex\u00edlio na \u00c1frica at\u00e9 a pena de morte. Tiradentes recebeu a pena m\u00e1xima e, com requintes de crueldade, foi esquartejado, decapitado e teve partes de seu corpo expostas em pra\u00e7a p\u00fablica.<\/p>\n\n\n\n<p>Apesar do fracasso em atingir seus objetivos, a Inconfid\u00eancia Mineira se tornou sin\u00f4nimo de resist\u00eancia contra a tirania e o poder absoluto. O que se assemelha ao tempo de hoje, em que h\u00e1 censura e concentra\u00e7\u00e3o de poder em poucos agentes em Bras\u00edlia. Esperamos que o Brasil e os brasileiros possam acordar dessa anestesia que nos impede de reagir e questionar nossos&nbsp;governantes.<\/p>\n","protected":false},"excerpt":{"rendered":"<p>Em tempos t\u00e3o sombrios, em que o foco do debate est\u00e1 sendo a liberdade de express\u00e3o, nada mais oportuno do que falar sobre a maior revolta em favor da liberdade no pa\u00eds: a Inconfid\u00eancia Mineira. Primeiramente, vamos dar boas-vindas \u00e0 reinaugura\u00e7\u00e3o do blog do MBL-MG. Um espa\u00e7o de an\u00e1lises, dicas e, claro, de hist\u00f3ria. De [&hellip;]<\/p>\n","protected":false},"author":3,"featured_media":473,"comment_status":"open","ping_status":"open","sticky":false,"template":"","format":"standard","meta":{"footnotes":""},"categories":[1],"tags":[],"class_list":["post-472","post","type-post","status-publish","format-standard","has-post-thumbnail","hentry","category-blog"],"_links":{"self":[{"href":"https:\/\/mblmg.org\/escribas\/wp-json\/wp\/v2\/posts\/472","targetHints":{"allow":["GET"]}}],"collection":[{"href":"https:\/\/mblmg.org\/escribas\/wp-json\/wp\/v2\/posts"}],"about":[{"href":"https:\/\/mblmg.org\/escribas\/wp-json\/wp\/v2\/types\/post"}],"author":[{"embeddable":true,"href":"https:\/\/mblmg.org\/escribas\/wp-json\/wp\/v2\/users\/3"}],"replies":[{"embeddable":true,"href":"https:\/\/mblmg.org\/escribas\/wp-json\/wp\/v2\/comments?post=472"}],"version-history":[{"count":1,"href":"https:\/\/mblmg.org\/escribas\/wp-json\/wp\/v2\/posts\/472\/revisions"}],"predecessor-version":[{"id":476,"href":"https:\/\/mblmg.org\/escribas\/wp-json\/wp\/v2\/posts\/472\/revisions\/476"}],"wp:featuredmedia":[{"embeddable":true,"href":"https:\/\/mblmg.org\/escribas\/wp-json\/wp\/v2\/media\/473"}],"wp:attachment":[{"href":"https:\/\/mblmg.org\/escribas\/wp-json\/wp\/v2\/media?parent=472"}],"wp:term":[{"taxonomy":"category","embeddable":true,"href":"https:\/\/mblmg.org\/escribas\/wp-json\/wp\/v2\/categories?post=472"},{"taxonomy":"post_tag","embeddable":true,"href":"https:\/\/mblmg.org\/escribas\/wp-json\/wp\/v2\/tags?post=472"}],"curies":[{"name":"wp","href":"https:\/\/api.w.org\/{rel}","templated":true}]}}