{"id":477,"date":"2024-05-07T01:37:00","date_gmt":"2024-05-07T01:37:00","guid":{"rendered":"https:\/\/mblmg.org\/escribas\/?p=477"},"modified":"2026-04-27T01:38:29","modified_gmt":"2026-04-27T01:38:29","slug":"eleicoes-para-prefeito-de-belo-horizonte-divisoes-por-todo-lado","status":"publish","type":"post","link":"https:\/\/mblmg.org\/escribas\/eleicoes-para-prefeito-de-belo-horizonte-divisoes-por-todo-lado\/","title":{"rendered":"Elei\u00e7\u00f5es para prefeito de Belo Horizonte: divis\u00f5es por todo\u00a0lado"},"content":{"rendered":"\n<figure class=\"wp-block-image size-full is-resized\"><img loading=\"lazy\" decoding=\"async\" width=\"275\" height=\"183\" src=\"https:\/\/mblmg.org\/escribas\/wp-content\/uploads\/2026\/04\/images-3.jpg\" alt=\"\" class=\"wp-image-480\" style=\"aspect-ratio:1.502860558449321;width:840px;height:auto\"\/><\/figure>\n\n\n\n<p>Faltando aproximadamente cinco meses para as elei\u00e7\u00f5es municipais, o cen\u00e1rio da corrida para prefeito em Belo Horizonte \u00e9, at\u00e9 o momento, de uma elei\u00e7\u00e3o diversificada, com candidatos espalhados pelo espectro pol\u00edtico e com divis\u00f5es em todos os espectros pol\u00edticos.<\/p>\n\n\n\n<p>Lidera, segundo a pesquisa Atlas\/CNN, o deputado estadual bolsonarista Bruno Engler, do PL, com aproximadamente 31% das inten\u00e7\u00f5es de votos. Em segundo lugar, com 16% das inten\u00e7\u00f5es de voto, pouco mais da metade de Engler, est\u00e1 o deputado federal do PT Rog\u00e9rio Correia. O deputado federal Duda Salabert, do PDT, desponta em terceiro, com 10% das inten\u00e7\u00f5es de voto.<\/p>\n\n\n\n<p>Candidatos de centro dominam boa parte do pr\u00f3ximo pelot\u00e3o. Com 9% das inten\u00e7\u00f5es de voto, o vereador e presidente da C\u00e2mara Municipal de Belo Horizonte, Gabriel Azevedo (MDB), conta com 9% das inten\u00e7\u00f5es de voto, estando em quarto. O senador Carlos Viana, que concorreu a governador em 2022 com a b\u00ean\u00e7\u00e3o do ex-presidente Jair Bolsonaro, mas que anda criticando o antigo mandat\u00e1rio, tem 8% das inten\u00e7\u00f5es de voto e est\u00e1 em quinto.<\/p>\n\n\n\n<p>O atual ocupante do cargo, Fuad Noman, do PSD, que assumiu o cargo ap\u00f3s a ren\u00fancia de Alexandre Kalil, encontra-se num distante sexto lugar e apenas 5% do eleitorado afirma ter interesse em votar nele neste ano. Entretanto, Noman \u00e9 o favorito do Presidente do Senado Rodrigo Pacheco, do mesmo partido. Seguindo praticamente empatado com o atual prefeito est\u00e1 o deputado estadual Mauro Tramonte (Republicanos), com 4,7% das inten\u00e7\u00f5es de voto. Considerando a margem de erro da pesquisa de tr\u00eas pontos percentuais, todos desse grupo se encontram em empate t\u00e9cnico.<\/p>\n\n\n\n<p>A extrema-esquerda v\u00ea a sua candidata, a deputada estadual Bella Gon\u00e7alves, do PSOL, atingir 3,8% das inten\u00e7\u00f5es de voto, praticamente a mesma pontua\u00e7\u00e3o de Jo\u00e3o Leite (PSDB), que pode se candidatar pela quarta vez para o cargo e tem 3,7%. J\u00e1 a candidata Lu\u00edsa Barreto, do Novo, mesmo partido do governador Romeu Zema, tem apenas 1,6% das inten\u00e7\u00f5es de voto. Por fim, Paulo Brant, antigo vice-governador de Zema que se encontra filiado ao esquerdista PSB, tem m\u00edseros 0,2% das inten\u00e7\u00f5es de voto.<\/p>\n\n\n\n<figure class=\"wp-block-image size-full\"><img loading=\"lazy\" decoding=\"async\" width=\"371\" height=\"472\" src=\"https:\/\/mblmg.org\/escribas\/wp-content\/uploads\/2026\/04\/4.png\" alt=\"\" class=\"wp-image-481\" srcset=\"https:\/\/mblmg.org\/escribas\/wp-content\/uploads\/2026\/04\/4.png 371w, https:\/\/mblmg.org\/escribas\/wp-content\/uploads\/2026\/04\/4-236x300.png 236w\" sizes=\"auto, (max-width: 371px) 100vw, 371px\" \/><\/figure>\n\n\n\n<p>\u00c9 poss\u00edvel que nos pr\u00f3ximos meses haja um \u201cenxugamento\u201d do n\u00famero de candidaturas, com alian\u00e7as sendo constru\u00eddas entre os pr\u00e9-candidatos e uma s\u00e9rie de desist\u00eancias. Dados os dois postulantes que, at\u00e9 o momento, lideram a corrida, tamb\u00e9m n\u00e3o ser\u00e1 uma surpresa se petistas e bolsonaristas mantiverem-se na frente at\u00e9 outubro, refletindo a polariza\u00e7\u00e3o que o pa\u00eds vive entre esses dois grupos j\u00e1 h\u00e1 alguns anos.<\/p>\n\n\n\n<p>Fonte:<br><a href=\"https:\/\/www.cnnbrasil.com.br\/eleicoes\/bruno-engler-tem-31-e-rogerio-correia-164-diz-atlas-cnn-em-bh\/\">https:\/\/www.cnnbrasil.com.br\/eleicoes\/bruno-engler-tem-31-e-rogerio-correia-164-diz-atlas-cnn-em-bh\/<\/a><\/p>\n","protected":false},"excerpt":{"rendered":"<p>Faltando aproximadamente cinco meses para as elei\u00e7\u00f5es municipais, o cen\u00e1rio da corrida para prefeito em Belo Horizonte \u00e9, at\u00e9 o momento, de uma elei\u00e7\u00e3o diversificada, com candidatos espalhados pelo espectro pol\u00edtico e com divis\u00f5es em todos os espectros pol\u00edticos. Lidera, segundo a pesquisa Atlas\/CNN, o deputado estadual bolsonarista Bruno Engler, do PL, com aproximadamente 31% [&hellip;]<\/p>\n","protected":false},"author":3,"featured_media":478,"comment_status":"open","ping_status":"open","sticky":false,"template":"","format":"standard","meta":{"footnotes":""},"categories":[1],"tags":[],"class_list":["post-477","post","type-post","status-publish","format-standard","has-post-thumbnail","hentry","category-blog"],"_links":{"self":[{"href":"https:\/\/mblmg.org\/escribas\/wp-json\/wp\/v2\/posts\/477","targetHints":{"allow":["GET"]}}],"collection":[{"href":"https:\/\/mblmg.org\/escribas\/wp-json\/wp\/v2\/posts"}],"about":[{"href":"https:\/\/mblmg.org\/escribas\/wp-json\/wp\/v2\/types\/post"}],"author":[{"embeddable":true,"href":"https:\/\/mblmg.org\/escribas\/wp-json\/wp\/v2\/users\/3"}],"replies":[{"embeddable":true,"href":"https:\/\/mblmg.org\/escribas\/wp-json\/wp\/v2\/comments?post=477"}],"version-history":[{"count":1,"href":"https:\/\/mblmg.org\/escribas\/wp-json\/wp\/v2\/posts\/477\/revisions"}],"predecessor-version":[{"id":482,"href":"https:\/\/mblmg.org\/escribas\/wp-json\/wp\/v2\/posts\/477\/revisions\/482"}],"wp:featuredmedia":[{"embeddable":true,"href":"https:\/\/mblmg.org\/escribas\/wp-json\/wp\/v2\/media\/478"}],"wp:attachment":[{"href":"https:\/\/mblmg.org\/escribas\/wp-json\/wp\/v2\/media?parent=477"}],"wp:term":[{"taxonomy":"category","embeddable":true,"href":"https:\/\/mblmg.org\/escribas\/wp-json\/wp\/v2\/categories?post=477"},{"taxonomy":"post_tag","embeddable":true,"href":"https:\/\/mblmg.org\/escribas\/wp-json\/wp\/v2\/tags?post=477"}],"curies":[{"name":"wp","href":"https:\/\/api.w.org\/{rel}","templated":true}]}}