{"id":483,"date":"2024-05-07T01:38:00","date_gmt":"2024-05-07T01:38:00","guid":{"rendered":"https:\/\/mblmg.org\/escribas\/?p=483"},"modified":"2026-04-27T01:39:41","modified_gmt":"2026-04-27T01:39:41","slug":"pt-planeja-lancar-paulo-guedes-para-a-prefeitura-de-montes-claros","status":"publish","type":"post","link":"https:\/\/mblmg.org\/escribas\/pt-planeja-lancar-paulo-guedes-para-a-prefeitura-de-montes-claros\/","title":{"rendered":"PT planeja lan\u00e7ar Paulo Guedes para a prefeitura de Montes\u00a0Claros"},"content":{"rendered":"\n<p>Quem est\u00e1 inserido na vida montesclarense percebe a mudan\u00e7a na dire\u00e7\u00e3o pol\u00edtica que a cidade passa nos \u00faltimos anos. Outrora base forte do eleitorado lulista, Montes Claros foi levada pelas ondas do movimento social anti-petista que tomou o pa\u00eds a partir de 2013 e que culminou com o impeachment de Dilma Rousseff em 2016 e, posteriormente, na elei\u00e7\u00e3o de Jair Bolsonaro em 2018. Buscando recuperar sua antiga for\u00e7a na regi\u00e3o, o PT define a pr\u00e9-candidatura do deputado federal Paulo Guedes para a elei\u00e7\u00e3o \u00e0 prefeitura da cidade de Montes Claros em 2024. No entanto, tais expectativas podem ser frustradas pela nova conjuntura pol\u00edtica do munic\u00edpio.<\/p>\n\n\n\n<figure class=\"wp-block-image size-full\"><img loading=\"lazy\" decoding=\"async\" width=\"640\" height=\"480\" src=\"https:\/\/mblmg.org\/escribas\/wp-content\/uploads\/2026\/04\/unnamed-1.jpg\" alt=\"\" class=\"wp-image-485\" srcset=\"https:\/\/mblmg.org\/escribas\/wp-content\/uploads\/2026\/04\/unnamed-1.jpg 640w, https:\/\/mblmg.org\/escribas\/wp-content\/uploads\/2026\/04\/unnamed-1-300x225.jpg 300w\" sizes=\"auto, (max-width: 640px) 100vw, 640px\" \/><\/figure>\n\n\n\n<p><strong>An\u00e1lise da queda<\/strong><\/p>\n\n\n\n<p>O ano de 2002 foi, sem d\u00favida, um marco para a hist\u00f3ria brasileira. Foi o ano em que o Brasil conquistou o pentacampeonato mundial de futebol e, tamb\u00e9m, em que o PT conquistou, pela primeira vez em sua hist\u00f3ria, as elei\u00e7\u00f5es presidenciais, repetindo o feito mais tr\u00eas vezes consecutivas. A for\u00e7a pol\u00edtica do partido se refletiu na cidade de Montes Claros, na qual, por quatro vezes seguidas, o PT recebeu mais de 50% dos votos v\u00e1lidos no 1\u00b0 turno das elei\u00e7\u00f5es e mais de 60% no 2\u00b0 turno. Especialmente em 2002, a candidatura do executivo da sigla recebeu incr\u00edveis 79,30% dos votos v\u00e1lidos. Todavia, o PT viu seu capital pol\u00edtico se deteriorar por completo nas elei\u00e7\u00f5es de 2018, visto que seu candidato, Fernando Haddad, angariou menos de 30% dos votos no 1\u00b0 turno, em n\u00edveis similares ao que Lula recebia em suas primeiras candidaturas.<\/p>\n\n\n\n<figure class=\"wp-block-image size-full\"><img loading=\"lazy\" decoding=\"async\" width=\"600\" height=\"411\" src=\"https:\/\/mblmg.org\/escribas\/wp-content\/uploads\/2026\/04\/unnamed.png\" alt=\"\" class=\"wp-image-486\" srcset=\"https:\/\/mblmg.org\/escribas\/wp-content\/uploads\/2026\/04\/unnamed.png 600w, https:\/\/mblmg.org\/escribas\/wp-content\/uploads\/2026\/04\/unnamed-300x206.png 300w\" sizes=\"auto, (max-width: 600px) 100vw, 600px\" \/><\/figure>\n\n\n\n<p><a href=\"https:\/\/eleicoes.almg.gov.br\">https:\/\/eleicoes.almg.gov.br<\/a><\/p>\n\n\n\n<p>\u00c0 primeira vista, podemos pensar que este foi um movimento fracassado visto a vota\u00e7\u00e3o que Lula recebeu na cidade em 2022. Por\u00e9m esta sensa\u00e7\u00e3o s\u00f3 \u00e9 v\u00e1lida em uma an\u00e1lise superficial dos n\u00fameros do 1\u00b0 turno. Ao final do dia 30 de outubro, descobrimos que o presidente em exerc\u00edcio Jair Bolsonaro conseguiu virar a vota\u00e7\u00e3o alcan\u00e7ando 51,25% frente a 48,75% do petista. Esta foi a primeira derrota do PT em terras norte-mineiras desde sua primeira elei\u00e7\u00e3o em 2002.<\/p>\n\n\n\n<p><strong>E o Guedes?<\/strong><\/p>\n\n\n\n<p>Paulo Guedes \u00e9, sem d\u00favidas, o maior nome do Partido dos Trabalhadores no Norte de Minas. Deputado federal mais votado das \u00faltimas elei\u00e7\u00f5es na regi\u00e3o, Guedes buscar\u00e1 recolocar o PT na disputa pol\u00edtica municipal. Apesar da for\u00e7a que Lula teve durante um per\u00edodo na cidade, seu partido nunca conquistou o executivo municipal, tendo seu melhor desempenho no ano de 2012, em que o pr\u00f3prio Paulo Guedes disputou o segundo turno contra Ruy Muniz (PSB).<\/p>\n\n\n\n<p>Mesmo com seu expressivo desempenho na regi\u00e3o, Paulo Guedes enfrentar\u00e1 grandes dificuldades para alcan\u00e7ar a vit\u00f3ria no pleito de outubro. O primeiro obst\u00e1culo se d\u00e1 em torno da pr\u00e9-candidatura de Guilherme Guimar\u00e3es (Uni\u00e3o Brasil), vice-prefeito de Montes Claros e prov\u00e1vel sucessor de Humberto Souto (Cidadania) \u2013 um dos prefeitos mais bem votados do Brasil no ano de 2020. Outro nome com capacidade de alterar a din\u00e2mica das elei\u00e7\u00f5es \u00e9 D\u00e9lio Pinheiro (PDT). Sabendo trabalhar o reconhecimento que criou no munic\u00edpio em seu trabalho pregresso, D\u00e9lio Pinheiro recebeu 18,91% dos votos dos eleitores montesclarenses, tendo a melhor vota\u00e7\u00e3o para deputado federal na cidade, superando fen\u00f4menos como Nikolas Ferreira (PL). Outros nomes como Ruy Muniz e Maur\u00edcio S\u00e9rgio (PL) dever\u00e3o correr por fora no pleito, contando com outros fatores, como a falsa polariza\u00e7\u00e3o PT x PL.<\/p>\n\n\n\n<p>Mas o maior advers\u00e1rio de Guedes ser\u00e1 o antipetismo crescente na capital do Norte de Minas. Inflamado pelo crescimento das classes m\u00e9dias e o acirramento das disputas discursivas envolvendo pautas identit\u00e1rias e os valores crist\u00e3os da maior parte da popula\u00e7\u00e3o brasileira, Montes Claros, cidade com ra\u00edzes sertanejas, ind\u00fastria crescente e f\u00e9 ainda viva, poder\u00e1 se tornar um ponto de ruptura com o petismo que domina o nordeste brasileiro.<\/p>\n\n\n\n<p>Fonte:<br><a href=\"https:\/\/www.itatiaia.com.br\/eleicoes\/eleicoes-2024\/2024\/04\/26\/com-pl-pt-vice-ex-prefeito-e-deputado-eleicao-em-montes-claros-tem-5-pre-candidatos\">https:\/\/www.itatiaia.com.br\/eleicoes\/eleicoes-2024\/2024\/04\/26\/com-pl-pt-vice-ex-prefeito-e-deputado-eleicao-em-montes-claros-tem-5-pre-candidatos<\/a><\/p>\n","protected":false},"excerpt":{"rendered":"<p>Quem est\u00e1 inserido na vida montesclarense percebe a mudan\u00e7a na dire\u00e7\u00e3o pol\u00edtica que a cidade passa nos \u00faltimos anos. Outrora base forte do eleitorado lulista, Montes Claros foi levada pelas ondas do movimento social anti-petista que tomou o pa\u00eds a partir de 2013 e que culminou com o impeachment de Dilma Rousseff em 2016 e, [&hellip;]<\/p>\n","protected":false},"author":3,"featured_media":484,"comment_status":"open","ping_status":"open","sticky":false,"template":"","format":"standard","meta":{"footnotes":""},"categories":[1],"tags":[],"class_list":["post-483","post","type-post","status-publish","format-standard","has-post-thumbnail","hentry","category-blog"],"_links":{"self":[{"href":"https:\/\/mblmg.org\/escribas\/wp-json\/wp\/v2\/posts\/483","targetHints":{"allow":["GET"]}}],"collection":[{"href":"https:\/\/mblmg.org\/escribas\/wp-json\/wp\/v2\/posts"}],"about":[{"href":"https:\/\/mblmg.org\/escribas\/wp-json\/wp\/v2\/types\/post"}],"author":[{"embeddable":true,"href":"https:\/\/mblmg.org\/escribas\/wp-json\/wp\/v2\/users\/3"}],"replies":[{"embeddable":true,"href":"https:\/\/mblmg.org\/escribas\/wp-json\/wp\/v2\/comments?post=483"}],"version-history":[{"count":1,"href":"https:\/\/mblmg.org\/escribas\/wp-json\/wp\/v2\/posts\/483\/revisions"}],"predecessor-version":[{"id":487,"href":"https:\/\/mblmg.org\/escribas\/wp-json\/wp\/v2\/posts\/483\/revisions\/487"}],"wp:featuredmedia":[{"embeddable":true,"href":"https:\/\/mblmg.org\/escribas\/wp-json\/wp\/v2\/media\/484"}],"wp:attachment":[{"href":"https:\/\/mblmg.org\/escribas\/wp-json\/wp\/v2\/media?parent=483"}],"wp:term":[{"taxonomy":"category","embeddable":true,"href":"https:\/\/mblmg.org\/escribas\/wp-json\/wp\/v2\/categories?post=483"},{"taxonomy":"post_tag","embeddable":true,"href":"https:\/\/mblmg.org\/escribas\/wp-json\/wp\/v2\/tags?post=483"}],"curies":[{"name":"wp","href":"https:\/\/api.w.org\/{rel}","templated":true}]}}