{"id":497,"date":"2024-04-23T01:45:00","date_gmt":"2024-04-23T01:45:00","guid":{"rendered":"https:\/\/mblmg.org\/escribas\/?p=497"},"modified":"2026-04-27T01:48:43","modified_gmt":"2026-04-27T01:48:43","slug":"o-pesadelo-petista-x-delirio-bolsonarista-na-cidade-da-facada","status":"publish","type":"post","link":"https:\/\/mblmg.org\/escribas\/o-pesadelo-petista-x-delirio-bolsonarista-na-cidade-da-facada\/","title":{"rendered":"O pesadelo Petista X del\u00edrio Bolsonarista na cidade da\u00a0facada"},"content":{"rendered":"\n<p>Esquecida por Bolsonaro nas elei\u00e7\u00f5es municipais de 2020, Juiz de Fora, chamada pelo ex-Presidente em muitas ocasi\u00f5es de \u201cminha segunda cidade\u201d, enfrenta dificuldades em organizar um cen\u00e1rio pol\u00edtico que possibilite a retirada da prefeita petista, Margarida Salom\u00e3o, do palco administrativo da cidade.<\/p>\n\n\n\n<p>Na maior p\u00e1gina de not\u00edcias espont\u00e2neas da cidade, Juiz de Fora da Depress\u00e3o, foi publicado que uma caravana de militantes do ex-presidente se organizava para sair rumo \u00e0 Copacabana, no Rio de Janeiro, para participarem de mais um da sequ\u00eancia de atos sem prop\u00f3sito pr\u00e1tico em \u201capoio a Jair Bolsonaro\u201d, para al\u00e9m de oferecer palanque aos candidatos do pleito de 2024 para os candidatos do PL no \u00faltimo domingo.<\/p>\n\n\n\n<figure class=\"wp-block-image size-large\"><img loading=\"lazy\" decoding=\"async\" width=\"831\" height=\"1024\" src=\"https:\/\/mblmg.org\/escribas\/wp-content\/uploads\/2026\/04\/unnamed-2-831x1024.jpg\" alt=\"\" class=\"wp-image-499\" srcset=\"https:\/\/mblmg.org\/escribas\/wp-content\/uploads\/2026\/04\/unnamed-2-831x1024.jpg 831w, https:\/\/mblmg.org\/escribas\/wp-content\/uploads\/2026\/04\/unnamed-2-243x300.jpg 243w, https:\/\/mblmg.org\/escribas\/wp-content\/uploads\/2026\/04\/unnamed-2-768x946.jpg 768w, https:\/\/mblmg.org\/escribas\/wp-content\/uploads\/2026\/04\/unnamed-2-1247x1536.jpg 1247w, https:\/\/mblmg.org\/escribas\/wp-content\/uploads\/2026\/04\/unnamed-2.jpg 1284w\" sizes=\"auto, (max-width: 831px) 100vw, 831px\" \/><\/figure>\n\n\n\n<p>Juiz de Fora passa por um momento de crise econ\u00f4mica sem precedentes, com uma administra\u00e7\u00e3o que omite dados p\u00fablicos e apaga registros de condena\u00e7\u00f5es de membros dos gabinetes da gest\u00e3o petista. Para al\u00e9m disso, a C\u00e2mara Municipal se encontra ap\u00e1tica \u00e0s verdadeiras dores dos cidad\u00e3os, que j\u00e1 come\u00e7am a sentir no bolso os impactos de um or\u00e7amento estourado e reajustado em 13% para o Executivo, al\u00e9m de mais 4 novas cadeiras para o Legislativo.<\/p>\n\n\n\n<p>Os grupos de a\u00e7\u00f5es pol\u00edticas da cidade continuam ainda divididos entre os pequenos e numerosos n\u00facleos de a\u00e7\u00f5es coletivas da esquerda e as massas que se desintegram aos poucos do bolsonarismo que, em 2024, resolve fazer o que n\u00e3o fez em 2020, e aponta Charlles Evangelista, ex-deputado federal desafeto de Bolsonaro como a op\u00e7\u00e3o do PL para a prefeitura.<\/p>\n\n\n\n<p>Charlles e Bolsonaro se distanciaram ao longo dos \u00faltimos anos por conflitos quando ambos estavam no PL. Logo no in\u00edcio da administra\u00e7\u00e3o do ex-presidente, Charlles se juntou ao grupo que viajou para China, tentou tomar \u00e0 frente das a\u00e7\u00f5es do PSL na C\u00e2mara Federal, desagradando os filhos de Bolsonaro. Al\u00e9m disso, o ex-deputado federal, de acordo com o discurso \u00e0 \u00e9poca, \u201ctraiu Bolsonaro\u201d ao se juntar a Bivar, no racha do partido, que acabou culminando na sa\u00edda de Bolsonaro do PL e na eleva\u00e7\u00e3o de Charlles \u00e0 Presid\u00eancia do partido em Juiz de Fora, tendo o controle pol\u00edtico partid\u00e1rio de toda a Zona da Mata mineira.<\/p>\n\n\n\n<figure class=\"wp-block-image size-full\"><img loading=\"lazy\" decoding=\"async\" width=\"599\" height=\"600\" src=\"https:\/\/mblmg.org\/escribas\/wp-content\/uploads\/2026\/04\/20220331210340_7acab39a04b08fbeabc51c5df32a9e2721c8f0dfefd4140ae12c6b02a1683a3e-edited.jpg\" alt=\"\" class=\"wp-image-500\" srcset=\"https:\/\/mblmg.org\/escribas\/wp-content\/uploads\/2026\/04\/20220331210340_7acab39a04b08fbeabc51c5df32a9e2721c8f0dfefd4140ae12c6b02a1683a3e-edited.jpg 599w, https:\/\/mblmg.org\/escribas\/wp-content\/uploads\/2026\/04\/20220331210340_7acab39a04b08fbeabc51c5df32a9e2721c8f0dfefd4140ae12c6b02a1683a3e-edited-300x300.jpg 300w, https:\/\/mblmg.org\/escribas\/wp-content\/uploads\/2026\/04\/20220331210340_7acab39a04b08fbeabc51c5df32a9e2721c8f0dfefd4140ae12c6b02a1683a3e-edited-150x150.jpg 150w\" sizes=\"auto, (max-width: 599px) 100vw, 599px\" \/><\/figure>\n\n\n\n<p>Para o presente momento, Charlles Evangelista reaparece em moldes bolsonaristas como personagem de desenhos infantis, cumprindo o protocolo dos apoiadores tidos como \u201cleais\u201d, vestido de verde e amarelo, chamando Bolsonaro de Capit\u00e3o e contando que o juiz-forano seja mesmo um recorte geral do povo brasileiro e tenha mem\u00f3ria curta ou alguma. Al\u00e9m disso, que o \u201c\u00f3dio\u201d ao PT seja maior do que a \u201cdecep\u00e7\u00e3o com Bolsonaro\u201d. Algo que, em 2022, se mostrou completamente contr\u00e1rio, uma vez que o petista e ex-presidi\u00e1rio, Luiz In\u00e1cio Lula da Silva, derrotou Bolsonaro na disputa pela presid\u00eancia.<\/p>\n\n\n\n<p>Diante da incapacidade de novos grupos pol\u00edticos se articularem, com ataques de todos os lados, tanto de petistas quanto de bolsonaristas, a disputa eleitoral de Juiz de Fora parece garantir, num primeiro momento, uma reprise de 2020 e a continua\u00e7\u00e3o do pesadelo que o Brasil vivencia por dois anos e o juiz-forano por seis.<\/p>\n\n\n\n<p>Pois tanto quanto enojados com a metodologia petista de governar, parte do eleitorado da cidade j\u00e1 est\u00e1 fatigada das distopias e comportamentos quase que circenses daqueles que ainda insistem em apoiar o ex-presidente Jair Bolsonaro, como \u00e9 poss\u00edvel perceber pelos coment\u00e1rios na postagem do Juiz de Fora da Depress\u00e3o.<\/p>\n\n\n\n<p>Se Charlles Evangelista est\u00e1 contando com o voto da \u201ccaravana\u201d que saiu de Juiz de Fora rumo \u00e0 Copacabana, melhor revisar a estrat\u00e9gia. Bolsonaro, que ganhou em 2018 na cidade, perdeu em 2022, n\u00e3o conseguiu com seu apelo fazer encher tr\u00eas \u00f4nibus de sua \u201csegunda cidade\u201d rumo \u00e0 praia, que esperava os manifestantes ap\u00f3s o ato pol\u00edtico.<\/p>\n\n\n\n<p>Fonte:<br><a href=\"https:\/\/www.instagram.com\/p\/C6BovxiLTwY\/?igsh=MWl2N2U3a25tNzJzNQ==\">https:\/\/www.instagram.com\/p\/C6BovxiLTwY\/?igsh=MWl2N2U3a25tNzJzNQ==<\/a><br><a href=\"https:\/\/www.instagram.com\/reel\/C5v4_fnRNnr\/?igsh=MW83ZzlmaGNlYWExNw==\">https:\/\/www.instagram.com\/reel\/C5v4_fnRNnr\/?igsh=MW83ZzlmaGNlYWExNw==<\/a><\/p>\n","protected":false},"excerpt":{"rendered":"<p>Esquecida por Bolsonaro nas elei\u00e7\u00f5es municipais de 2020, Juiz de Fora, chamada pelo ex-Presidente em muitas ocasi\u00f5es de \u201cminha segunda cidade\u201d, enfrenta dificuldades em organizar um cen\u00e1rio pol\u00edtico que possibilite a retirada da prefeita petista, Margarida Salom\u00e3o, do palco administrativo da cidade. Na maior p\u00e1gina de not\u00edcias espont\u00e2neas da cidade, Juiz de Fora da Depress\u00e3o, [&hellip;]<\/p>\n","protected":false},"author":3,"featured_media":498,"comment_status":"open","ping_status":"open","sticky":false,"template":"","format":"standard","meta":{"footnotes":""},"categories":[1],"tags":[],"class_list":["post-497","post","type-post","status-publish","format-standard","has-post-thumbnail","hentry","category-blog"],"_links":{"self":[{"href":"https:\/\/mblmg.org\/escribas\/wp-json\/wp\/v2\/posts\/497","targetHints":{"allow":["GET"]}}],"collection":[{"href":"https:\/\/mblmg.org\/escribas\/wp-json\/wp\/v2\/posts"}],"about":[{"href":"https:\/\/mblmg.org\/escribas\/wp-json\/wp\/v2\/types\/post"}],"author":[{"embeddable":true,"href":"https:\/\/mblmg.org\/escribas\/wp-json\/wp\/v2\/users\/3"}],"replies":[{"embeddable":true,"href":"https:\/\/mblmg.org\/escribas\/wp-json\/wp\/v2\/comments?post=497"}],"version-history":[{"count":1,"href":"https:\/\/mblmg.org\/escribas\/wp-json\/wp\/v2\/posts\/497\/revisions"}],"predecessor-version":[{"id":501,"href":"https:\/\/mblmg.org\/escribas\/wp-json\/wp\/v2\/posts\/497\/revisions\/501"}],"wp:featuredmedia":[{"embeddable":true,"href":"https:\/\/mblmg.org\/escribas\/wp-json\/wp\/v2\/media\/498"}],"wp:attachment":[{"href":"https:\/\/mblmg.org\/escribas\/wp-json\/wp\/v2\/media?parent=497"}],"wp:term":[{"taxonomy":"category","embeddable":true,"href":"https:\/\/mblmg.org\/escribas\/wp-json\/wp\/v2\/categories?post=497"},{"taxonomy":"post_tag","embeddable":true,"href":"https:\/\/mblmg.org\/escribas\/wp-json\/wp\/v2\/tags?post=497"}],"curies":[{"name":"wp","href":"https:\/\/api.w.org\/{rel}","templated":true}]}}