{"id":506,"date":"2024-04-17T01:47:00","date_gmt":"2024-04-17T01:47:00","guid":{"rendered":"https:\/\/mblmg.org\/escribas\/?p=506"},"modified":"2026-04-27T01:48:09","modified_gmt":"2026-04-27T01:48:09","slug":"danca-das-cadeiras-na-camara-municipal-de-juiz-de-fora","status":"publish","type":"post","link":"https:\/\/mblmg.org\/escribas\/danca-das-cadeiras-na-camara-municipal-de-juiz-de-fora\/","title":{"rendered":"Dan\u00e7a das cadeiras na c\u00e2mara municipal de Juiz de\u00a0Fora"},"content":{"rendered":"\n<figure class=\"wp-block-image\"><img decoding=\"async\" src=\"https:\/\/mgmbl.wordpress.com\/wp-content\/uploads\/2024\/04\/12.png?w=750\" alt=\"\" class=\"wp-image-398\"\/><\/figure>\n\n\n\n<p>A reconfigura\u00e7\u00e3o partid\u00e1ria para o pleito de 2024 em Juiz de Fora \u00e9 um pequeno laborat\u00f3rio de como a falta de compromisso com a pol\u00edtica partid\u00e1ria \u00e9 encarada no Brasil. Faltando seis meses para as elei\u00e7\u00f5es municipais, dos 19 vereadores, 10 trocaram de legenda, buscando viabilizar a reelei\u00e7\u00e3o dos mandat\u00e1rios de uma das legislaturas mais inexpressivas em representatividade, leniente para com as falhas do Executivo, e ap\u00e1tica \u00e0 dor dos cidad\u00e3os juiz-foranos das \u00faltimas d\u00e9cadas.<br><br>A cidade que, neste ano, eleger\u00e1 23 vereadores, assiste at\u00f4nita o comportamento permissivo, quando n\u00e3o compactuante, dos parlamentares para com a gest\u00e3o de Margarida Salom\u00e3o (PT) que pouco parece ter compromisso com a transpar\u00eancia das informa\u00e7\u00f5es sobre a gest\u00e3o p\u00fablica da cidade e muito se dedicou a aumentar a m\u00e1quina p\u00fablica, alocando seus aliados pol\u00edticos na estrutura municipal, prejudicando o or\u00e7amento a ponto de custar ao pagador de impostos de JF o aumento de 13% das despesas da m\u00e1quina em rela\u00e7\u00e3o ao que era praticado.<br><br>Se o Brasil n\u00e3o \u00e9 para amadores, Juiz de Fora parece a terra de formar os \u201cprofissionais do sistema\u201d. A manobra de solicitar aumento expressivo do or\u00e7amento e, ao mesmo tempo, abrir espa\u00e7o para mais quatro vereadores, mais pareceu estrat\u00e9gia da petista que deseja abrigar antigos aliados que n\u00e3o conseguiram se eleger em 2020, sem causar diverg\u00eancia com aqueles que hoje j\u00e1 ocupam o cargo de vereador na cidade, contribuindo para o que seus correligion\u00e1rios gostam de chamar de \u201charmonia\u201d e \u201cgovernabilidade\u201d.<br><br>Entretanto, na terra de Margarida, nem tudo s\u00e3o flores. O maior desafio para os vereadores candidatos \u00e0 reelei\u00e7\u00e3o e para os novos postulantes \u00e9 se posicionarem adequadamente sobre o apoio que oferecer\u00e3o aos candidatos ao executivo ao longo da corrida que, na Princesinha de Minas, j\u00e1 est\u00e1 a todo vapor. O cen\u00e1rio n\u00e3o \u00e9 nada confort\u00e1vel para aqueles que, nos bastidores, reclamam da forma como Margarida conduz sua gest\u00e3o e o trato nada respeitoso para com os representantes eleitos pelo povo para o legislativo. Enquanto esses torcem para que algum candidato se desponte como um potencial competidor e que entregue a liberdade de volta para Juiz de Fora e para esses parlamentares, os mesmos n\u00e3o ousam verbalizar e ajudar a promover um nome que possa chegar a tal posi\u00e7\u00e3o.<br><br>Com cinco cadeiras a mais, Juiz de Fora tende a ser, mais uma vez, tubo de ensaio para o contexto pol\u00edtico, apontando para um fortalecimento do legislativo, ou a verdadeira entrega da atribui\u00e7\u00e3o fiscalizat\u00f3ria para a lata do lixo. Afinal, a chegada de novos-velhos vereadores poder\u00e1 representar um fortalecimento da C\u00e2mara para buscar exercer atividade fiscalizat\u00f3ria e de cobran\u00e7a com mais qualidade e integridade, promovendo a uni\u00e3o dos pares em pr\u00f3 da cidade, ou o que se ter\u00e1 ser\u00e1 um massivo aparelhamento do sistema que, muito dificilmente, ser\u00e1 rompido com elei\u00e7\u00f5es futuras e insatisfa\u00e7\u00f5es corriqueiras do povo juiz-forano em ambientes n\u00e3o-pol\u00edticos.<br><br>Por hora, entre trocas de partidos, de sorrisos e de amarguras reprimidas, as cartas j\u00e1 est\u00e3o todas postas sobre a mesa. E todos que querem jogar precisam garantir sua cadeira. Aos que est\u00e3o de fora, fica a responsabilidade de encontrar uma forma escalar caldas e pesco\u00e7os de suas legendas para retornarem para suas posi\u00e7\u00f5es. E, aos que j\u00e1 est\u00e3o na cadeira, cabe se movimentarem de um lado para outro, sem correr o risco de perderem o lugar. E nessa dan\u00e7a toda, fica na responsabilidade do eleitor observar o comportamento de cada bailarino sobre o parceiro que apoiar\u00e3o na disputa para a prefeitura da cidade para, ao final da m\u00fasica, em outubro desse ano, n\u00e3o ser ele a ouvir, mais uma vez, o dito \u201cbobeou, dan\u00e7ou\u201d. E se o aparelhamento se concretizar, s\u00f3 dan\u00e7ar n\u00e3o vai dar conta. O povo vai ter que pedir aulas para a Anitta e aprender a rebolar.<\/p>\n\n\n\n<p>Fontes:<br><a href=\"https:\/\/g1.globo.com\/mg\/zona-da-mata\/noticia\/2022\/12\/12\/juiz-de-fora-tera-aumento-no-numero-de-vereadores-a-partir-de-2025.ghtml\">https:\/\/g1.globo.com\/mg\/zona-da-mata\/noticia\/2022\/12\/12\/juiz-de-fora-tera-aumento-no-numero-de-vereadores-a-partir-de-2025.ghtml<\/a><br><a href=\"https:\/\/tribunademinas.com.br\/noticias\/politica\/09-04-2024\/vereadores-partido-eleicoes.html#goog_rewarded\">https:\/\/tribunademinas.com.br\/noticias\/politica\/09-04-2024\/vereadores-partido-eleicoes.html#goog_rewarded<\/a><br><a href=\"https:\/\/www.camarajf.mg.gov.br\/www\/noticias\/exibir\/13374\/Camara-aprova-Lei-Orcamentaria-Anual-2024-com-previsao-de-arrecadacao-de-R35-bilhoes.html\">https:\/\/www.camarajf.mg.gov.br\/www\/noticias\/exibir\/13374\/Camara-aprova-Lei-Orcamentaria-Anual-2024-com-previsao-de-arrecadacao-de-R35-bilhoes.html<\/a><br><a href=\"https:\/\/tribunademinas.com.br\/colunas\/painel\/30-10-2023\/martvs-das-chagas-deixa-secretaria-de-planejamento-do-territorio-para-assumir-cargo-em-brasilia.html\">https:\/\/tribunademinas.com.br\/colunas\/painel\/30-10-2023\/martvs-das-chagas-deixa-secretaria-de-planejamento-do-territorio-para-assumir-cargo-em-brasilia.html<\/a><\/p>\n","protected":false},"excerpt":{"rendered":"<p>A reconfigura\u00e7\u00e3o partid\u00e1ria para o pleito de 2024 em Juiz de Fora \u00e9 um pequeno laborat\u00f3rio de como a falta de compromisso com a pol\u00edtica partid\u00e1ria \u00e9 encarada no Brasil. Faltando seis meses para as elei\u00e7\u00f5es municipais, dos 19 vereadores, 10 trocaram de legenda, buscando viabilizar a reelei\u00e7\u00e3o dos mandat\u00e1rios de uma das legislaturas mais [&hellip;]<\/p>\n","protected":false},"author":3,"featured_media":507,"comment_status":"open","ping_status":"open","sticky":false,"template":"","format":"standard","meta":{"footnotes":""},"categories":[1],"tags":[],"class_list":["post-506","post","type-post","status-publish","format-standard","has-post-thumbnail","hentry","category-blog"],"_links":{"self":[{"href":"https:\/\/mblmg.org\/escribas\/wp-json\/wp\/v2\/posts\/506","targetHints":{"allow":["GET"]}}],"collection":[{"href":"https:\/\/mblmg.org\/escribas\/wp-json\/wp\/v2\/posts"}],"about":[{"href":"https:\/\/mblmg.org\/escribas\/wp-json\/wp\/v2\/types\/post"}],"author":[{"embeddable":true,"href":"https:\/\/mblmg.org\/escribas\/wp-json\/wp\/v2\/users\/3"}],"replies":[{"embeddable":true,"href":"https:\/\/mblmg.org\/escribas\/wp-json\/wp\/v2\/comments?post=506"}],"version-history":[{"count":1,"href":"https:\/\/mblmg.org\/escribas\/wp-json\/wp\/v2\/posts\/506\/revisions"}],"predecessor-version":[{"id":508,"href":"https:\/\/mblmg.org\/escribas\/wp-json\/wp\/v2\/posts\/506\/revisions\/508"}],"wp:featuredmedia":[{"embeddable":true,"href":"https:\/\/mblmg.org\/escribas\/wp-json\/wp\/v2\/media\/507"}],"wp:attachment":[{"href":"https:\/\/mblmg.org\/escribas\/wp-json\/wp\/v2\/media?parent=506"}],"wp:term":[{"taxonomy":"category","embeddable":true,"href":"https:\/\/mblmg.org\/escribas\/wp-json\/wp\/v2\/categories?post=506"},{"taxonomy":"post_tag","embeddable":true,"href":"https:\/\/mblmg.org\/escribas\/wp-json\/wp\/v2\/tags?post=506"}],"curies":[{"name":"wp","href":"https:\/\/api.w.org\/{rel}","templated":true}]}}