{"id":510,"date":"2024-04-17T01:49:00","date_gmt":"2024-04-17T01:49:00","guid":{"rendered":"https:\/\/mblmg.org\/escribas\/?p=510"},"modified":"2026-04-27T01:49:51","modified_gmt":"2026-04-27T01:49:51","slug":"ex-deputado-savio-souza-cruz-muda-domicilio-eleitoral","status":"publish","type":"post","link":"https:\/\/mblmg.org\/escribas\/ex-deputado-savio-souza-cruz-muda-domicilio-eleitoral\/","title":{"rendered":"Ex-Deputado Savio Souza Cruz muda domic\u00edlio\u00a0eleitoral"},"content":{"rendered":"\n<p>O ex-deputado estadual S\u00e1vio Souza Cruz (MDB), que acumulou seis mandatos na Assembleia Legislativa de Minas (ALMG), nascido em Belo Horizonte, realizou a mudan\u00e7a de seu domic\u00edlio eleitoral na \u00faltima segunda-feira (01\/04) para a cidade de Curvelo. Atualmente, ele \u00e9 presidente do diret\u00f3rio municipal do MDB, sinalizando uma poss\u00edvel candidatura para o executivo nas elei\u00e7\u00f5es deste ano.<br><br>Em 2022, S\u00e1vio apoiou a candidatura para deputado de Danilo Guimar\u00e3es (REDE), que obteve 33,03% dos votos em Curvelo. Ele pr\u00f3prio concorreu \u00e0s elei\u00e7\u00f5es municipais de 2020 para a prefeitura da cidade, ficando em segundo lugar com 32,04% dos votos v\u00e1lidos. Em uma entrevista ao jornal O Tempo, S\u00e1vio foi questionado sobre sua pr\u00e9-candidatura para a prefeitura. Sua resposta foi: \u201cEstamos avaliando\u201d, indicando que o projeto est\u00e1 em discuss\u00e3o com seu grupo pol\u00edtico.<br><br>As elei\u00e7\u00f5es deste ano prometem agita\u00e7\u00e3o em Curvelo, caso a candidatura de S\u00e1vio se concretize, pois seu nome pode mudar completamente o cen\u00e1rio pol\u00edtico na cidade. A avalia\u00e7\u00e3o \u00e9 de que sua presen\u00e7a no pleito, com Danilo Guimar\u00e3es como vice, aumenta a possibilidade de uma disputa altamente competitiva. No entanto, sem um nome de maior express\u00e3o na chapa, S\u00e1vio enfrentaria dificuldades.<\/p>\n\n\n\n<p>Fonte:<br><a href=\"https:\/\/www.otempo.com.br\/mobile\/politica\/ex-deputado-ensaia-candidatura-a-prefeitura-de-curvelo-1.3360085?utm_source=whatsapp\">https:\/\/www.otempo.com.br\/mobile\/politica\/ex-deputado-ensaia-candidatura-a-prefeitura-de-curvelo-1.3360085?utm_source=whatsap<\/a><\/p>\n","protected":false},"excerpt":{"rendered":"<p>O ex-deputado estadual S\u00e1vio Souza Cruz (MDB), que acumulou seis mandatos na Assembleia Legislativa de Minas (ALMG), nascido em Belo Horizonte, realizou a mudan\u00e7a de seu domic\u00edlio eleitoral na \u00faltima segunda-feira (01\/04) para a cidade de Curvelo. Atualmente, ele \u00e9 presidente do diret\u00f3rio municipal do MDB, sinalizando uma poss\u00edvel candidatura para o executivo nas elei\u00e7\u00f5es [&hellip;]<\/p>\n","protected":false},"author":3,"featured_media":511,"comment_status":"open","ping_status":"open","sticky":false,"template":"","format":"standard","meta":{"footnotes":""},"categories":[1],"tags":[],"class_list":["post-510","post","type-post","status-publish","format-standard","has-post-thumbnail","hentry","category-blog"],"_links":{"self":[{"href":"https:\/\/mblmg.org\/escribas\/wp-json\/wp\/v2\/posts\/510","targetHints":{"allow":["GET"]}}],"collection":[{"href":"https:\/\/mblmg.org\/escribas\/wp-json\/wp\/v2\/posts"}],"about":[{"href":"https:\/\/mblmg.org\/escribas\/wp-json\/wp\/v2\/types\/post"}],"author":[{"embeddable":true,"href":"https:\/\/mblmg.org\/escribas\/wp-json\/wp\/v2\/users\/3"}],"replies":[{"embeddable":true,"href":"https:\/\/mblmg.org\/escribas\/wp-json\/wp\/v2\/comments?post=510"}],"version-history":[{"count":1,"href":"https:\/\/mblmg.org\/escribas\/wp-json\/wp\/v2\/posts\/510\/revisions"}],"predecessor-version":[{"id":512,"href":"https:\/\/mblmg.org\/escribas\/wp-json\/wp\/v2\/posts\/510\/revisions\/512"}],"wp:featuredmedia":[{"embeddable":true,"href":"https:\/\/mblmg.org\/escribas\/wp-json\/wp\/v2\/media\/511"}],"wp:attachment":[{"href":"https:\/\/mblmg.org\/escribas\/wp-json\/wp\/v2\/media?parent=510"}],"wp:term":[{"taxonomy":"category","embeddable":true,"href":"https:\/\/mblmg.org\/escribas\/wp-json\/wp\/v2\/categories?post=510"},{"taxonomy":"post_tag","embeddable":true,"href":"https:\/\/mblmg.org\/escribas\/wp-json\/wp\/v2\/tags?post=510"}],"curies":[{"name":"wp","href":"https:\/\/api.w.org\/{rel}","templated":true}]}}