{"id":521,"date":"2024-04-09T01:52:00","date_gmt":"2024-04-09T01:52:00","guid":{"rendered":"https:\/\/mblmg.org\/escribas\/?p=521"},"modified":"2026-04-27T01:53:44","modified_gmt":"2026-04-27T01:53:44","slug":"chacina-ou-defesa-do-estado-de-direito","status":"publish","type":"post","link":"https:\/\/mblmg.org\/escribas\/chacina-ou-defesa-do-estado-de-direito\/","title":{"rendered":"Chacina ou defesa do estado de\u00a0direito?"},"content":{"rendered":"\n<p>Nos \u00faltimos dias, ressurgiu nos notici\u00e1rios o caso de uma opera\u00e7\u00e3o conjunta entre a Pol\u00edcia Federal Rodovi\u00e1ria (PFR) e o Batalh\u00e3o de Opera\u00e7\u00f5es Especiais da Pol\u00edcia Militar de Minas Gerais (BOPE-MG). Esta a\u00e7\u00e3o teria ocorrido em 31 de outubro de 2021, resultando na neutraliza\u00e7\u00e3o de 26 pessoas acusadas de compor uma quadrilha do nicho que vem se tornado comum nos \u00faltimos anos, conhecido como o \u201cnovo canga\u00e7o\u201d.<\/p>\n\n\n\n<p>Para compreendermos melhor o que \u00e9 o novo canga\u00e7o, \u00e9 essencial destacar que se trata de uma modalidade de crime organizado que envolve assaltos a bancos, carros-fortes e propriedades rurais. Este tipo de crime \u00e9 caracterizado por ataques violentos e armados, que colocam em risco a seguran\u00e7a p\u00fablica, cidades e cidad\u00e3os, frequentemente fazendo-os de ref\u00e9ns para alcan\u00e7ar seus objetivos.<br><br>Segundo dados do portal UOL, este tipo de crime j\u00e1 afetou mais de 20 cidades no pa\u00eds em menos de uma d\u00e9cada, abrangendo aproximadamente 7,6 milh\u00f5es de habitantes. Isso evidencia uma tend\u00eancia preocupante de aumento e os desafios enfrentados pelas autoridades no combate a esse tipo de criminalidade, ressaltando a necessidade de estrat\u00e9gias eficazes para lidar com grupos altamente armados e perigosos.<\/p>\n\n\n\n<p>Um exemplo marcante desse tipo de crime foi o caso de Ara\u00e7atuba (SP) em 2021, no qual os criminosos utilizaram mais de 90 explosivos de alta tecnologia, fizeram moradores ref\u00e9ns e at\u00e9 mesmo empregaram drones para monitorar a a\u00e7\u00e3o. Esta a\u00e7\u00e3o demonstrou um alto poder b\u00e9lico, representando a maior quantidade de detonadores instalados em uma \u00fanica opera\u00e7\u00e3o na hist\u00f3ria do pa\u00eds, al\u00e9m do conhecimento de t\u00e1ticas militares e o uso de armamento de alto calibre.<\/p>\n\n\n\n<p>Infelizmente, muitas dessas a\u00e7\u00f5es acabam resultando em trag\u00e9dias. No caso de Ara\u00e7atuba, dois inocentes perderam a vida e pelo menos cinco ficaram feridos, alguns sendo utilizados como escudos humanos para coibir as for\u00e7as de seguran\u00e7a p\u00fablica.<\/p>\n\n\n\n<p>O caso de Varginha, em Minas Gerais, ganha destaque por sua singularidade no panorama das opera\u00e7\u00f5es policiais recentes. Resultado de uma a\u00e7\u00e3o conjunta baseada em intelig\u00eancia e investiga\u00e7\u00e3o, capaz de interceptar com \u00eaxito ao neutralizar amea\u00e7as, levando a \u00f3bito 26 suspeitos, alguns desses com liga\u00e7\u00f5es diretas e conhecidas com o Primeiro Comando da Capital (PCC). Durante a opera\u00e7\u00e3o foram encontrados um arsenal que continha metralhadora .50 de uso restrito militar (capaz de penetrar blindados e abater aeronaves), fuzis de grosso calibre, pistolas, grande quantidade de explosivos, carregadores e muni\u00e7\u00f5es.<\/p>\n\n\n\n<p>O desenrolar dos acontecimentos levantou debates acerca das atividades violentas em curso, as quais serviriam de prop\u00f3sito danoso ao estado de direito. Entretanto, o cerne da pol\u00eamica se fez a partir de novos laudos de investiga\u00e7\u00f5es elaborados pela Pol\u00edcia Federal (PF) que atribu\u00edram aos agentes envolvidos crimes de homic\u00eddios dolosos cometidos, tortura e fraude processual. Todos os agentes foram convocados a prestar depoimento diante dessas acusa\u00e7\u00f5es, exceto os do Batalh\u00e3o de Opera\u00e7\u00f5es Policiais Especiais (BOPE), que, em nota divulgada pelo portal R7, manifestaram preocupa\u00e7\u00e3o com a incerteza jur\u00eddica no desempenho de suas fun\u00e7\u00f5es.<\/p>\n\n\n\n<p>Segundo a nota, \u201c\u00c9 crescente a possibilidade de os policiais serem colocados em rota de colis\u00e3o com aqueles que descumprem a lei. No mesmo compasso, a legitimidade de a\u00e7\u00f5es de repress\u00e3o ao crime s\u00e3o constantemente questionadas. [\u2026] Nesse contexto, a pr\u00f3pria Institui\u00e7\u00e3o que \u2018coloca\u2019 os policiais nas mais diversas ocorr\u00eancias, \u00e9 a mesma que abre e reabre procedimentos disciplinares arquivados.\u201d Declarando ainda que compete apenas \u00e0 justi\u00e7a militar, como previsto em lei do c\u00f3digo processual penal militar, investigar a a\u00e7\u00e3o de seus agentes no exerc\u00edcio de suas fun\u00e7\u00f5es.<\/p>\n\n\n\n<p>N\u00e3o cabe a este relato julgar quem est\u00e1 certo ou errado. \u00c9 ineg\u00e1vel que tanto as vers\u00f5es dos agentes envolvidos quanto os laudos da PF apresentam disparidades e inconsist\u00eancias que demandam avalia\u00e7\u00e3o por peritos independentes, a fim de evitar v\u00edcios nas investiga\u00e7\u00f5es. O cerne da quest\u00e3o reside em assegurar que de fato as for\u00e7as de seguran\u00e7a p\u00fablica, detentoras do monop\u00f3lio leg\u00edtimo da for\u00e7a, prestem esclarecimentos sobre suas a\u00e7\u00f5es para evitar abusos e operar dentro dos princ\u00edpios da legalidade.<\/p>\n\n\n\n<p>De tal forma, por esta mesma premissa o fato de um grupo com inten\u00e7\u00f5es clara de cometimento de a\u00e7\u00f5es que por defini\u00e7\u00e3o conflagram como terroristas, devem ser neutralizados, cabendo amparo pelo excludente de ilicitude visto que no pr\u00f3prio laudo da PF aponta resist\u00eancia por parte dos criminosos.<\/p>\n\n\n\n<p>Enquanto isso, aguardemos o destrinchar deste caso.<\/p>\n\n\n\n<p>Refer\u00eancias<\/p>\n\n\n\n<ol class=\"wp-block-list\">\n<li><a href=\"https:\/\/noticias.uol.com.br\/ultimas-noticias\/agencia-estado\/2024\/03\/01\/queriam-matar-conclui-pf-sobre-acao-de-32-agentes-da-prf-e-pms-que-fez-26-mortos-em-varginha.htm\">\u2018Queriam matar\u2019, diz PF sobre agentes que fizeram 26 mortos em MG (uol.com.br)<\/a><\/li>\n\n\n\n<li><a href=\"https:\/\/noticias.uol.com.br\/colunas\/josmar-jozino\/2024\/03\/02\/versao-policial-sobre-26-mortes-em-varginha-e-ficticia-diz-delegado-da-pf.htm\">Vers\u00e3o policial sobre 26 mortes em Varginha \u00e9 fict\u00edcia, diz delegado (uol.com.br)<\/a><\/li>\n\n\n\n<li><a href=\"https:\/\/noticias.uol.com.br\/cotidiano\/ultimas-noticias\/2022\/05\/02\/evolucao-novo-cangaco-mais-violentos-dominio-cidades.htm\">Evolu\u00e7\u00e3o do \u2018novo canga\u00e7o\u2019: grupos dominam cidades inteiras (uol.com.br)<\/a><\/li>\n\n\n\n<li><a href=\"https:\/\/noticias.r7.com\/cidades\/prf-faz-operacao-padrao-em-protesto-contra-indiciamento-de-colegas-por-mortes-em-mg-08032024\">https:\/\/noticias.r7.com\/cidades\/prf-faz-operacao-padrao-em-protesto-contra-indiciamento-de-colegas-por-mortes-em-mg-08032024<\/a><\/li>\n<\/ol>\n","protected":false},"excerpt":{"rendered":"<p>Nos \u00faltimos dias, ressurgiu nos notici\u00e1rios o caso de uma opera\u00e7\u00e3o conjunta entre a Pol\u00edcia Federal Rodovi\u00e1ria (PFR) e o Batalh\u00e3o de Opera\u00e7\u00f5es Especiais da Pol\u00edcia Militar de Minas Gerais (BOPE-MG). Esta a\u00e7\u00e3o teria ocorrido em 31 de outubro de 2021, resultando na neutraliza\u00e7\u00e3o de 26 pessoas acusadas de compor uma quadrilha do nicho que [&hellip;]<\/p>\n","protected":false},"author":3,"featured_media":522,"comment_status":"open","ping_status":"open","sticky":false,"template":"","format":"standard","meta":{"footnotes":""},"categories":[1],"tags":[],"class_list":["post-521","post","type-post","status-publish","format-standard","has-post-thumbnail","hentry","category-blog"],"_links":{"self":[{"href":"https:\/\/mblmg.org\/escribas\/wp-json\/wp\/v2\/posts\/521","targetHints":{"allow":["GET"]}}],"collection":[{"href":"https:\/\/mblmg.org\/escribas\/wp-json\/wp\/v2\/posts"}],"about":[{"href":"https:\/\/mblmg.org\/escribas\/wp-json\/wp\/v2\/types\/post"}],"author":[{"embeddable":true,"href":"https:\/\/mblmg.org\/escribas\/wp-json\/wp\/v2\/users\/3"}],"replies":[{"embeddable":true,"href":"https:\/\/mblmg.org\/escribas\/wp-json\/wp\/v2\/comments?post=521"}],"version-history":[{"count":1,"href":"https:\/\/mblmg.org\/escribas\/wp-json\/wp\/v2\/posts\/521\/revisions"}],"predecessor-version":[{"id":523,"href":"https:\/\/mblmg.org\/escribas\/wp-json\/wp\/v2\/posts\/521\/revisions\/523"}],"wp:featuredmedia":[{"embeddable":true,"href":"https:\/\/mblmg.org\/escribas\/wp-json\/wp\/v2\/media\/522"}],"wp:attachment":[{"href":"https:\/\/mblmg.org\/escribas\/wp-json\/wp\/v2\/media?parent=521"}],"wp:term":[{"taxonomy":"category","embeddable":true,"href":"https:\/\/mblmg.org\/escribas\/wp-json\/wp\/v2\/categories?post=521"},{"taxonomy":"post_tag","embeddable":true,"href":"https:\/\/mblmg.org\/escribas\/wp-json\/wp\/v2\/tags?post=521"}],"curies":[{"name":"wp","href":"https:\/\/api.w.org\/{rel}","templated":true}]}}