{"id":524,"date":"2024-04-09T01:53:00","date_gmt":"2024-04-09T01:53:00","guid":{"rendered":"https:\/\/mblmg.org\/escribas\/?p=524"},"modified":"2026-04-27T01:54:35","modified_gmt":"2026-04-27T01:54:35","slug":"eleicoes-em-juiz-de-fora-podem-anunciar-o-cenario-para-2026","status":"publish","type":"post","link":"https:\/\/mblmg.org\/escribas\/eleicoes-em-juiz-de-fora-podem-anunciar-o-cenario-para-2026\/","title":{"rendered":"Elei\u00e7\u00f5es em Juiz de Fora Podem Anunciar o Cen\u00e1rio para\u00a02026"},"content":{"rendered":"\n<p><em><sup>Charlles, Ione, Isauro, J\u00falio, Lorene, Margarida e Vict\u00f3ria j\u00e1 aparecem no p\u00e1reo para 2024 (Fotos: Jornal Pharol)<\/sup><\/em><\/p>\n\n\n\n<p>Localizada na Zona da Mata Mineira, Juiz de Fora \u00e9 rota de meio caminho entre grandes cidades como S\u00e3o Paulo, Rio de Janeiro e Belo Horizonte. Sendo Minas Gerais o estado que melhor representa o recorte nacional, tendo fronteiras com diversos outros estados, o escopo mineiro garante uma pluralidade de perspectivas e misturas culturais que fazem de Minas o recorte perfeito para analistas observarem o term\u00f4metro das elei\u00e7\u00f5es nacionais. Essa verdade pode ser confirmada com o fato de que todos os candidatos \u00e0 Presid\u00eancia que vestiram a faixa na Nova Rep\u00fablica tamb\u00e9m venceram as elei\u00e7\u00f5es em Minas, o que nem sempre \u00e9 a realidade de outros estados e com tanta consist\u00eancia ao longo do tempo.<\/p>\n\n\n\n<p>O que apresento aqui, portanto, \u00e9 a tese de que Juiz de Fora, por ser uma cidade de importante relev\u00e2ncia, atravessada pelo mesmo contexto que o estado mineiro de um modo geral, acaba se tornando um pequeno laborat\u00f3rio para aqueles com olhares atentos ao cen\u00e1rio pol\u00edtico e que n\u00e3o gostam de ser pegos de surpresa. Afinal, ao menos nas \u00faltimas duas d\u00e9cadas, as elei\u00e7\u00f5es juiz-foranas t\u00eam apontado relevantes fatos que acabam se repetindo no cen\u00e1rio nacional.<\/p>\n\n\n\n<p>Para come\u00e7ar, como \u00e9 do conhecimento de todos que n\u00e3o se fingem de desentendidos, no in\u00edcio do novo mil\u00eanio, o PT chegou ao poder e institucionalizou as m\u00e1s pr\u00e1ticas da pol\u00edtica de interior, como rachadinhas e propinas em troca de facilita\u00e7\u00e3o dos processos p\u00fablicos para agentes privados, para nos atermos ao m\u00ednimo. O sentimento de impunidade da classe pol\u00edtica era real em boa parte da popula\u00e7\u00e3o e entre os pr\u00f3prios pol\u00edticos em todas as esferas da federa\u00e7\u00e3o.<\/p>\n\n\n\n<p>Mas um primeiro vento de mudan\u00e7a apareceu em 2008, quando a opera\u00e7\u00e3o Pas\u00e1rgada prendeu o ent\u00e3o prefeito de JF, Carlos Alberto Bejani, por envolvimento em libera\u00e7\u00e3o irregular de verbas do Fundo de Participa\u00e7\u00e3o dos Munic\u00edpios. Algo que o Brasil demoraria um pouco, mas veria acontecer 10 anos depois, quando o atual Presidente da Rep\u00fablica, Luiz In\u00e1cio Lula da Silva, foi preso por corrup\u00e7\u00e3o e lavagem de dinheiro em 2018 como resultado da opera\u00e7\u00e3o Lava Jato.<\/p>\n\n\n\n<p>O cansa\u00e7o extremo do povo de Juiz de Fora com essa pol\u00edtica de interesses e a decep\u00e7\u00e3o com aquele que era conhecido como \u2018prefeito do povo\u2019, no caso, Bejani, abriu espa\u00e7o para a manuten\u00e7\u00e3o da pol\u00edtica dos conhecidos, que garantiu o retorno \u00e0 prefeitura para Cust\u00f3dio de Mattos no mesmo ano em que Bejani havia sido preso. Algo que o Brasil vivenciaria em 2018 com a elei\u00e7\u00e3o de Bolsonaro que, em meio \u00e0 tanta bagun\u00e7a deixada pelo PT, consegue facilmente se vender como o outsider, por mais que j\u00e1 acumulasse d\u00e9cadas como participante do sistema.<\/p>\n\n\n\n<p>Indo para uma an\u00e1lise micro, para aqueles que n\u00e3o t\u00eam mem\u00f3ria de brasileiro, em 2008, contexto da pris\u00e3o de Bejani em Juiz de Fora, o governo PT j\u00e1 estava sofrendo desgastes de toda sorte, sendo bombardeado pela m\u00eddia pelos esc\u00e2ndalos de corrup\u00e7\u00e3o e pr\u00e1ticas bastante question\u00e1veis no uso da m\u00e1quina p\u00fablica. Entretanto, nas elei\u00e7\u00f5es seguintes, 2010, Dilma Rousseff seria eleita presidente pela primeira vez, dando ao PT a continuidade de governo que, naquele momento, conseguiu vender bem a imagem de \u2018primeira mulher presidente do Brasil\u2019. Uma mudan\u00e7a que, de acordo com o PT, at\u00e9 ent\u00e3o, o Brasil n\u00e3o tinha vivenciado em qualquer momento de sua hist\u00f3ria, ter uma mulher \u00e0 frente das decis\u00f5es pol\u00edticas do pa\u00eds. Enquanto isso, a Lei \u00c1urea seguia e segue assinada pela Princesa Isabel.<\/p>\n\n\n\n<p>Entretanto, o discurso do \u2018novo\u2019, por Dilma ser uma mulher, logo caiu por terra com a manuten\u00e7\u00e3o do modus operandi petista, somado \u00e0s trapalhadas da nova cara do partido. Al\u00e9m disso, o caos no cen\u00e1rio nacional foi fator determinante para o aumento do clamor em todo o territ\u00f3rio nacional pela \u2018nova pol\u00edtica\u2019 real, pela mudan\u00e7a, pelas oportunidades de que algu\u00e9m diferente se colocasse no contexto. Mesmo que esse diferente fosse algu\u00e9m bem conhecido, mas n\u00e3o fosse \u2018aqueles que est\u00e3o l\u00e1\u2019 \u2013 dizia o populacho. Nessa conjuntura, em 2012, o ent\u00e3o deputado estadual Bruno Siqueira concorre \u00e0 cadeira da prefeitura de JF, atendendo, no n\u00edvel regional, o anseio do povo brasileiro como na\u00e7\u00e3o.<\/p>\n\n\n\n<p>Enquanto isso, no contexto geral, dois anos ap\u00f3s a vit\u00f3ria do Tesouro (analogia ao personagem Kiko da Turma do Chaves, como Bruno Siqueira ficou conhecido), Dilma Rousseff se reelegeu com dificuldade em segundo turno, tendo a elei\u00e7\u00e3o mais acirrada da hist\u00f3ria at\u00e9 aquele ponto. A\u00e9cio Neves, o candidato derrotado de 2014, por mais figura carimbada que fosse na pol\u00edtica brasileira, contra Dilma, naquele momento e conjuntura, conseguiu se apresentar como \u2018o novo\u2019, \u2018a mudan\u00e7a na pol\u00edtica\u2019, emplacando o tema \u2018\u00e9 pra mudar o Brasil\u2019 em sua campanha eleitoral que, por muito pouco, n\u00e3o promove a retirada do PT do poder. O tema da campanha de A\u00e9cio pode n\u00e3o ter funcionado efetivamente para ele, por\u00e9m reverberou at\u00e9 as elei\u00e7\u00f5es de 2018, retratada no jingle de Bolsonaro \u2018muda Brasil, muda Brasil, muda de verdade\u2019.<\/p>\n\n\n\n<p>Para endossar ainda mais a minha tese, entre 2014 e 2018, Juiz de Fora viveu a elei\u00e7\u00e3o mais estranha da hist\u00f3ria da cidade, deixando analistas locais at\u00f4nitos ao verem que Bruno Siqueira, com toda a rejei\u00e7\u00e3o que acumulava, garantir a perman\u00eancia na cadeira da prefeitura em 2016, mesmo com os rumores de bastidores de que o acordo entre o MDB e o PSDB de que ele abandonaria o mandato para dar espa\u00e7o ao PSDB na cidade. Assim, se tornaria o primeiro prefeito a deixar o cargo no meio do mandato para disputar uma nova elei\u00e7\u00e3o legislativa, entregando a administra\u00e7\u00e3o de Juiz de Fora para o m\u00e9dico Ant\u00f4nio Almas, vice-prefeito tucano. Figura completamente inexpressiva at\u00e9 aquele momento e que segue na mesma posi\u00e7\u00e3o enquanto voc\u00ea segue sua leitura por aqui. Todavia, Bruno foi reeleito em nome de uma \u2018uni\u00e3o contra o PT\u2019, uma esp\u00e9cie de \u2018qualquer candidato vale, menos a Margarida que \u00e9 petista\u2019.<\/p>\n\n\n\n<p>Assim, Bruno se reelege e, ao abandonar o cargo no meio do mandato para disputar as elei\u00e7\u00f5es de 2018, leva ao \u00e1pice o clima de cansa\u00e7o dos cidad\u00e3os com a pol\u00edtica local que apenas aceitaram a realidade e passaram quase dois anos sem saberem quem era o seu prefeito. S\u00f3 sabiam que n\u00e3o era o Bruno.<\/p>\n\n\n\n<p>E, em 2020, a cidade assiste, at\u00f4nita, no auge da popularidade das for\u00e7as bolsonaristas, que j\u00e1 chamava a tudo e a todos de traidores ou comunistas (quando n\u00e3o traidores-comunistas), a vit\u00f3ria da petista Margarida Salom\u00e3o, ap\u00f3s tr\u00eas tentativas frustradas, enfim, veio. O resultado das elei\u00e7\u00f5es 2022\u2026 Bom, j\u00e1 sabemos qual foi o resultado. Exceto aqueles que questionam as urnas, mas n\u00e3o permitem qualquer tipo de questionamento aos seus pol\u00edticos de estima\u00e7\u00e3o.<\/p>\n\n\n\n<p>O ano atual \u00e9 2024. Nesse momento, em Juiz de Fora, as for\u00e7as tradicionais, nomes que muitos j\u00e1 davam como esquecidos ou ultrapassados na pol\u00edtica, voltam a aparecer com for\u00e7a total, diante do contexto de uma nova onda de cansa\u00e7o mental que a popula\u00e7\u00e3o se encontra, ao viverem o drama brasileiro de ficar no meio da disputa entre defensores de bandidos e simpatizantes da paranoia como estilo de vida nas alas petistas e bolsonaristas respectivamente.<\/p>\n\n\n\n<figure class=\"wp-block-image\"><img decoding=\"async\" src=\"https:\/\/mgmbl.wordpress.com\/wp-content\/uploads\/2024\/04\/mdb-recebe-filiacao-de-tarcisio-delgado-e-julio-delgado-378b7.jpg?w=1024\" alt=\"\" class=\"wp-image-349\"\/><figcaption class=\"wp-element-caption\"><sub><sup>MDB recebe filia\u00e7\u00e3o de Tarc\u00edsio Delgado e J\u00falio Delgado (Fonte: RCWTV \u2013 Ag\u00eancia Ves\u00favio)<\/sup><\/sub><\/figcaption><\/figure>\n\n\n\n<p>Prova disso \u00e9 que, para al\u00e9m da j\u00e1 confirmada candidata \u00e0 reelei\u00e7\u00e3o, Margarida Salom\u00e3o (PT), o ex-deputado estadual Isauro Calais (PSC) e do ex-deputado federal Charles Evangelista (PSL) que tamb\u00e9m j\u00e1 confirmaram participar do pleito deste ano, no \u00faltimo dia 02 de abril, o ex-deputado federal J\u00falio Delgado foi filiado ao MDB, anunciando, durante evento, que tamb\u00e9m estar\u00e1 participando da disputa pela prefeitura de Juiz de Fora, se colocando como pr\u00e9-candidato e mexendo com bases daqueles que muitos diziam que n\u00e3o tinham mais espa\u00e7o na pol\u00edtica. Alguns, inclusive, juravam que esses n\u00e3o tinham espa\u00e7o \u2018de jeito algum\u2019.<\/p>\n\n\n\n<p>Mas, como diz a maioria dos moradores da cidade, \u2018na pol\u00edtica, n\u00e3o existem cachorros mortos\u2019. E com esse pequeno panorama, juntamente com essa reflex\u00e3o popular, deixo aqui o meu convite para que voc\u00ea n\u00e3o desgrude seus olhos da Terrinha. Juiz de Fora pode se mostrar, mais uma vez, ser um escopo perfeito do que \u00e9 o Brasil como um todo. Outubro o dir\u00e1!<\/p>\n\n\n\n<p>Fontes:&nbsp;<br><a href=\"https:\/\/www.rcwtv.com.br\/noticia\/mdb-recebe-filiacao-de-tarcisio-delgado-e-julio-delgado\">https:\/\/www.rcwtv.com.br\/noticia\/mdb-recebe-filiacao-de-tarcisio-delgado-e-julio-delgado<\/a><br><a href=\"https:\/\/www.pjf.mg.gov.br\/institucional\/cidade\/prefeitos.php\">https:\/\/www.pjf.mg.gov.br\/institucional\/cidade\/prefeitos.php<\/a><br><a href=\"https:\/\/jornalopharol.com.br\/2023\/07\/disputa-pela-prefeitura-de-juiz-de-fora-comeca-com-sete-nomes-no-pareo\/\">https:\/\/jornalopharol.com.br\/2023\/07\/disputa-pela-prefeitura-de-juiz-de-fora-comeca-com-sete-nomes-no-pareo\/<\/a><\/p>\n","protected":false},"excerpt":{"rendered":"<p>Charlles, Ione, Isauro, J\u00falio, Lorene, Margarida e Vict\u00f3ria j\u00e1 aparecem no p\u00e1reo para 2024 (Fotos: Jornal Pharol) Localizada na Zona da Mata Mineira, Juiz de Fora \u00e9 rota de meio caminho entre grandes cidades como S\u00e3o Paulo, Rio de Janeiro e Belo Horizonte. Sendo Minas Gerais o estado que melhor representa o recorte nacional, tendo [&hellip;]<\/p>\n","protected":false},"author":3,"featured_media":525,"comment_status":"open","ping_status":"open","sticky":false,"template":"","format":"standard","meta":{"footnotes":""},"categories":[1],"tags":[],"class_list":["post-524","post","type-post","status-publish","format-standard","has-post-thumbnail","hentry","category-blog"],"_links":{"self":[{"href":"https:\/\/mblmg.org\/escribas\/wp-json\/wp\/v2\/posts\/524","targetHints":{"allow":["GET"]}}],"collection":[{"href":"https:\/\/mblmg.org\/escribas\/wp-json\/wp\/v2\/posts"}],"about":[{"href":"https:\/\/mblmg.org\/escribas\/wp-json\/wp\/v2\/types\/post"}],"author":[{"embeddable":true,"href":"https:\/\/mblmg.org\/escribas\/wp-json\/wp\/v2\/users\/3"}],"replies":[{"embeddable":true,"href":"https:\/\/mblmg.org\/escribas\/wp-json\/wp\/v2\/comments?post=524"}],"version-history":[{"count":1,"href":"https:\/\/mblmg.org\/escribas\/wp-json\/wp\/v2\/posts\/524\/revisions"}],"predecessor-version":[{"id":526,"href":"https:\/\/mblmg.org\/escribas\/wp-json\/wp\/v2\/posts\/524\/revisions\/526"}],"wp:featuredmedia":[{"embeddable":true,"href":"https:\/\/mblmg.org\/escribas\/wp-json\/wp\/v2\/media\/525"}],"wp:attachment":[{"href":"https:\/\/mblmg.org\/escribas\/wp-json\/wp\/v2\/media?parent=524"}],"wp:term":[{"taxonomy":"category","embeddable":true,"href":"https:\/\/mblmg.org\/escribas\/wp-json\/wp\/v2\/categories?post=524"},{"taxonomy":"post_tag","embeddable":true,"href":"https:\/\/mblmg.org\/escribas\/wp-json\/wp\/v2\/tags?post=524"}],"curies":[{"name":"wp","href":"https:\/\/api.w.org\/{rel}","templated":true}]}}