{"id":53,"date":"2025-12-18T12:00:00","date_gmt":"2025-12-18T12:00:00","guid":{"rendered":"https:\/\/mblmg.org\/escribas\/?p=53"},"modified":"2026-01-31T17:38:01","modified_gmt":"2026-01-31T17:38:01","slug":"a-licao-que-ninguem-quer-admitir","status":"publish","type":"post","link":"https:\/\/mblmg.org\/escribas\/a-licao-que-ninguem-quer-admitir\/","title":{"rendered":"A li\u00e7\u00e3o que ningu\u00e9m quer\u00a0admitir"},"content":{"rendered":"\n<p>Nos \u00faltimos meses, vimos generais presos, Bolsonaro cercado por investiga\u00e7\u00f5es e um clima pesado tomando conta da pol\u00edtica. E ent\u00e3o surge sempre a mesma pergunta: \u201c<em>Por que o povo n\u00e3o reage como antes?<\/em>\u201d<\/p>\n\n\n\n<figure class=\"wp-block-image size-full\"><img loading=\"lazy\" decoding=\"async\" width=\"400\" height=\"600\" src=\"https:\/\/mblmg.org\/escribas\/wp-content\/uploads\/2026\/01\/0b25827f-8bfa-49d1-b5cf-1565f2a9d9ce.webp\" alt=\"\" class=\"wp-image-54\" srcset=\"https:\/\/mblmg.org\/escribas\/wp-content\/uploads\/2026\/01\/0b25827f-8bfa-49d1-b5cf-1565f2a9d9ce.webp 400w, https:\/\/mblmg.org\/escribas\/wp-content\/uploads\/2026\/01\/0b25827f-8bfa-49d1-b5cf-1565f2a9d9ce-200x300.webp 200w\" sizes=\"auto, (max-width: 400px) 100vw, 400px\" \/><\/figure>\n\n\n\n<p>A resposta \u00e9 simples, mas muita gente evita dizer:&nbsp;<strong>o povo est\u00e1 ressentido<\/strong>.<\/p>\n\n\n\n<p>L\u00e1 atr\u00e1s, quando milh\u00f5es foram \u00e0s ruas, o brasileiro comum acreditou que fazia parte de algo maior. Acreditou que sua voz poderia mudar o pa\u00eds. S\u00f3 que, quando a situa\u00e7\u00e3o apertou, ningu\u00e9m pediu para ele voltar para casa, ningu\u00e9m tentou proteg\u00ea-lo das narrativas, ningu\u00e9m disse claramente: \u201cagora n\u00e3o \u00e9 hora\u201d.<\/p>\n\n\n\n<p>O povo sentiu que foi usado como escudo \u2014 e escudos s\u00e3o sempre os primeiros a quebrar.<\/p>\n\n\n\n<p>Hoje, quando se fala em \u201cdefender\u201d pol\u00edticos e generais, o sentimento \u00e9 outro:<\/p>\n\n\n\n<p>\u201c<strong>Por que eu iria arriscar tudo de novo por quem n\u00e3o arriscou nada por mim?<\/strong>\u201d<\/p>\n\n\n\n<p>E isso n\u00e3o \u00e9 sobre abandono total da direita, nem sobre virar as costas para figuras que marcaram a pol\u00edtica recente. \u00c9 sobre maturidade. Sobre um povo que aprendeu, do jeito mais duro, que entusiasmo sem dire\u00e7\u00e3o vira frustra\u00e7\u00e3o.<\/p>\n\n\n\n<p><strong>E qual \u00e9 a sa\u00edda disso tudo?<\/strong><\/p>\n\n\n\n<p>A resposta n\u00e3o est\u00e1 em novos l\u00edderes-her\u00f3is, nem em discursos inflamados.<\/p>\n\n\n\n<p>A sa\u00edda est\u00e1 em algo muito mais simples \u2014 e muito mais raro:&nbsp;<strong>lideran\u00e7a sincera e firme<\/strong>.<\/p>\n\n\n\n<p>Lideran\u00e7a que olha o povo nos olhos e fala a verdade, n\u00e3o apenas o que o povo quer ouvir.<\/p>\n\n\n\n<p>Lideran\u00e7a que orienta, assume responsabilidades e n\u00e3o joga a milit\u00e2ncia na fogueira para depois fingir surpresa com as chamas.<\/p>\n\n\n\n<p>Quando um l\u00edder \u00e9 sincero e firme, nasce a confian\u00e7a.<\/p>\n\n\n\n<p>Quando a confian\u00e7a cresce, o povo volta a acreditar.<\/p>\n\n\n\n<p>E quando o povo acredita, as institui\u00e7\u00f5es deixam de parecer inimigas e voltam a ser ferramentas \u2014 nossas ferramentas.<\/p>\n\n\n\n<p>O Brasil n\u00e3o precisa de salvadores.<\/p>\n\n\n\n<p>Precisa de l\u00edderes que tratem o povo como gente, n\u00e3o como massa de manobra.<\/p>\n\n\n\n<p>No dia em que isso acontecer, a confian\u00e7a volta.<\/p>\n\n\n\n<p>E, quando a confian\u00e7a volta, a hist\u00f3ria muda.<\/p>\n\n\n\n<p><\/p>\n","protected":false},"excerpt":{"rendered":"<p>Nos \u00faltimos meses, vimos generais presos, Bolsonaro cercado por investiga\u00e7\u00f5es e um clima pesado tomando conta da pol\u00edtica. E ent\u00e3o surge sempre a mesma pergunta: \u201cPor que o povo n\u00e3o reage como antes?\u201d A resposta \u00e9 simples, mas muita gente evita dizer:&nbsp;o povo est\u00e1 ressentido. L\u00e1 atr\u00e1s, quando milh\u00f5es foram \u00e0s ruas, o brasileiro comum [&hellip;]<\/p>\n","protected":false},"author":3,"featured_media":54,"comment_status":"open","ping_status":"open","sticky":false,"template":"","format":"standard","meta":{"footnotes":""},"categories":[1],"tags":[],"class_list":["post-53","post","type-post","status-publish","format-standard","has-post-thumbnail","hentry","category-blog"],"_links":{"self":[{"href":"https:\/\/mblmg.org\/escribas\/wp-json\/wp\/v2\/posts\/53","targetHints":{"allow":["GET"]}}],"collection":[{"href":"https:\/\/mblmg.org\/escribas\/wp-json\/wp\/v2\/posts"}],"about":[{"href":"https:\/\/mblmg.org\/escribas\/wp-json\/wp\/v2\/types\/post"}],"author":[{"embeddable":true,"href":"https:\/\/mblmg.org\/escribas\/wp-json\/wp\/v2\/users\/3"}],"replies":[{"embeddable":true,"href":"https:\/\/mblmg.org\/escribas\/wp-json\/wp\/v2\/comments?post=53"}],"version-history":[{"count":1,"href":"https:\/\/mblmg.org\/escribas\/wp-json\/wp\/v2\/posts\/53\/revisions"}],"predecessor-version":[{"id":55,"href":"https:\/\/mblmg.org\/escribas\/wp-json\/wp\/v2\/posts\/53\/revisions\/55"}],"wp:featuredmedia":[{"embeddable":true,"href":"https:\/\/mblmg.org\/escribas\/wp-json\/wp\/v2\/media\/54"}],"wp:attachment":[{"href":"https:\/\/mblmg.org\/escribas\/wp-json\/wp\/v2\/media?parent=53"}],"wp:term":[{"taxonomy":"category","embeddable":true,"href":"https:\/\/mblmg.org\/escribas\/wp-json\/wp\/v2\/categories?post=53"},{"taxonomy":"post_tag","embeddable":true,"href":"https:\/\/mblmg.org\/escribas\/wp-json\/wp\/v2\/tags?post=53"}],"curies":[{"name":"wp","href":"https:\/\/api.w.org\/{rel}","templated":true}]}}