{"id":532,"date":"2024-03-29T01:55:00","date_gmt":"2024-03-29T01:55:00","guid":{"rendered":"https:\/\/mblmg.org\/escribas\/?p=532"},"modified":"2026-04-27T01:56:26","modified_gmt":"2026-04-27T01:56:26","slug":"cenario-eleitoral-2024-uberlandia","status":"publish","type":"post","link":"https:\/\/mblmg.org\/escribas\/cenario-eleitoral-2024-uberlandia\/","title":{"rendered":"Cen\u00e1rio Eleitoral 2024\u00a0Uberl\u00e2ndia"},"content":{"rendered":"\n<p>Na segunda cidade mais populosa de Minas Gerais, Uberl\u00e2ndia, at\u00e9 o momento, h\u00e1 quatro apenas candidatos que disputam a Prefeitura em 2024. O prefeito Odelmo Le\u00e3o (PP) j\u00e1 cumpriu dois mandatos, o primeiro foi em 2016 quando foi eleito com 72,05% dos votos e com a reelei\u00e7\u00e3o em 2020 com 70,47% do apoio popular. Os candidatos que pretendem concorrer ao cargo esse ano s\u00e3o o deputado estadual Cristiano Caporezzo (PL), a deputada federal Dandara Tonantzin (PT), o deputado estadual Leon\u00eddio Bou\u00e7as (PSDB) e o vice-prefeito do munic\u00edpio, Paulo S\u00e9rgio (PSD).&nbsp;<\/p>\n\n\n\n<figure class=\"wp-block-image size-full\"><img loading=\"lazy\" decoding=\"async\" width=\"790\" height=\"474\" src=\"https:\/\/mblmg.org\/escribas\/wp-content\/uploads\/2026\/04\/fachada-da-camara-municipal-de-uberlandia_1_66736.webp\" alt=\"\" class=\"wp-image-533\" srcset=\"https:\/\/mblmg.org\/escribas\/wp-content\/uploads\/2026\/04\/fachada-da-camara-municipal-de-uberlandia_1_66736.webp 790w, https:\/\/mblmg.org\/escribas\/wp-content\/uploads\/2026\/04\/fachada-da-camara-municipal-de-uberlandia_1_66736-300x180.webp 300w, https:\/\/mblmg.org\/escribas\/wp-content\/uploads\/2026\/04\/fachada-da-camara-municipal-de-uberlandia_1_66736-768x461.webp 768w\" sizes=\"auto, (max-width: 790px) 100vw, 790px\" \/><\/figure>\n\n\n\n<p>A candidata Dandara Tonantizin foi eleita para vereadora em 2020, no cargo de deputada federal em 2022 obteve 86 mil votos. Sobre a gest\u00e3o de Gilmar Machado, de 2013 a 2016, a aprova\u00e7\u00e3o de seu mandato foi desafiadora em in\u00fameros aspectos.<\/p>\n\n\n\n<p>Em outro polo da disputa, Caporezzo teve ascens\u00e3o r\u00e1pida da C\u00e2mara de Uberl\u00e2ndia, para a qual foi eleito em 2020 como o candidato mais votado. Na Assembleia Legislativa de Minas Gerais, teve mais de 52 mil votos em 2022. Os n\u00fameros das urnas fortaleceram seu nome para o pleito encabe\u00e7ando uma potencial chapa do PL. \u201cAinda tenho que ter algumas reuni\u00f5es para me oficializar como pr\u00e9-candidato. Mas tenho o apoio do partido e do presidente Jair Bolsonaro\u201d, afirmou Caporezzo, ressaltando que a potencial entrada na corrida eleitoral ainda passa por alian\u00e7as com outros partidos.&nbsp;<\/p>\n\n\n\n<p>J\u00e1, o vice-prefeito do governo de Paulo Ferolla nos anos 1990, Leon\u00eddio Bou\u00e7as, aposta no fato de ser veterano da pol\u00edtica local e estadual como um dos trunfos para a disputa pela cadeira de prefeito. \u201c(O atual prefeito) Odelmo Le\u00e3o e eu somos os pol\u00edticos de maior longevidade em Uberl\u00e2ndia e isso traz seguran\u00e7a ao eleitor\u201d, disse. Inclusive, com a impossibilidade de Le\u00e3o de se candidatar ao cargo mais uma vez, o campo est\u00e1 aberto para outros nomes. \u201cComo dizia o antigo prefeito Virg\u00edlio Galassi, pol\u00edtico tem vez e estou na fila h\u00e1 muito tempo. Acho que chegou minha vez\u201d, afirmou Bou\u00e7as.<\/p>\n\n\n\n<p>Por sua vez, Paulo S\u00e9rgio, vice-prefeito de Uberl\u00e2ndia, liga sua imagem a Le\u00e3o, apontando que existe um aprendizado de gest\u00e3o p\u00fablica com o atual prefeito nos \u00faltimos oito anos, quando estiveram \u00e0 frente do Executivo. Mas Odelmo ainda n\u00e3o apontou um apoio irrestrito ao vice. \u201cN\u00e3o posso falar por ele, mas represento o grupo que ele lidera e esperamos que no momento certo ele tome a posi\u00e7\u00e3o dele. Estamos aguardando e esperamos o apoio dele. N\u00f3s estamos no governo juntos\u201d, declarou Paulo S\u00e9rgio em entrevista ao Estado de Minas.<\/p>\n\n\n\n<figure class=\"wp-block-image size-full\"><img loading=\"lazy\" decoding=\"async\" width=\"1024\" height=\"576\" src=\"https:\/\/mblmg.org\/escribas\/wp-content\/uploads\/2026\/04\/concurso-prefeitura-uberlandia-mg-maps_widelg.webp\" alt=\"\" class=\"wp-image-534\" srcset=\"https:\/\/mblmg.org\/escribas\/wp-content\/uploads\/2026\/04\/concurso-prefeitura-uberlandia-mg-maps_widelg.webp 1024w, https:\/\/mblmg.org\/escribas\/wp-content\/uploads\/2026\/04\/concurso-prefeitura-uberlandia-mg-maps_widelg-300x169.webp 300w, https:\/\/mblmg.org\/escribas\/wp-content\/uploads\/2026\/04\/concurso-prefeitura-uberlandia-mg-maps_widelg-768x432.webp 768w\" sizes=\"auto, (max-width: 1024px) 100vw, 1024px\" \/><\/figure>\n\n\n\n<p>A polariza\u00e7\u00e3o nas atuais disputas eleitorais, que localmente seria representada pelo embate entre Caporezzo e Dandara, Bou\u00e7as e S\u00e9rgio afirmaram que os eleitores de Uberl\u00e2ndia n\u00e3o estariam interessados em disputas ideol\u00f3gicas, mas sobre o cotidiano da cidade e resolu\u00e7\u00e3o de problemas palp\u00e1veis, como sa\u00fade e emprego.<\/p>\n\n\n\n<p>Jair Bolsonaro venceu na cidade com 63,03% dos votos no segundo turno na elei\u00e7\u00e3o presidencial de 2018. Mesmo tendo perdido na tentativa de reelei\u00e7\u00e3o de 2022, o ex-presidente voltou a ser maioria nas urnas uberlandenses com 53,12% dos eleitores o escolhendo para a frustrada recondu\u00e7\u00e3o.<\/p>\n\n\n\n<p>As \u00daltimas elei\u00e7\u00f5es em Uberl\u00e2ndia:<\/p>\n\n\n\n<p><strong>2012 \u2013 1\u00ba Turno (Prefeitura)<\/strong><br>Gilmar Machado (PT): 68,72% \u2013 236.418 votos<br>Luiz Humberto Carneiro (PSDB): 28,08% \u2013 96.607 votos<br>Gilberto Cunha (PSTU): 3,20% \u2013 11.014 votos<\/p>\n\n\n\n<p><strong>2016 \u2013 1\u00ba Turno (Prefeitura)<\/strong><br>Odelmo Le\u00e3o (PP): 72,05% \u2013 250.390 votos<br>Alexandre Andrade (PSB): 16,63% \u2013 57.807 votos<br>Gilmar Machado (PT): 10,28% \u2013 35.727 votos<\/p>\n\n\n\n<p><strong>2020 \u2013 2\u00ba Turno (Prefeitura)<\/strong><br>Odelmo Le\u00e3o (PP): 70,47% \u2013 228.390 votos (Eleito)<br>Adriano Zago (PDT): 12,21% \u2013 39.584 votos<br>Thiago Fernandes (PSL): 9,17% \u2013 29.727 votos<br>Arquimedes (PT): 5,20% \u2013 16.861 votos<\/p>\n\n\n\n<p><strong>2018 (Presidente da Rep\u00fablica)<\/strong><br>Jair Bolsonaro (PSL): 63,03% \u2013 218.367 votos<br>Fernando Haddad (PT): 36,97% \u2013 128.070 votos<\/p>\n\n\n\n<p><br><strong>2022 (Presidente da Rep\u00fablica)<\/strong><br>Jair Bolsonaro (PL): 53,12% \u2013 215.660 votos<br>Lula (PT): 46,88% \u2013 190.299 votos&nbsp;<\/p>\n\n\n\n<p>Fonte:<\/p>\n\n\n\n<p><a href=\"https:\/\/www.em.com.br\/politica\/2024\/03\/6812280-eleicoes-2024-uberlandia-tem-ao-menos-4-candidatos-a-prefeitura.html#google_vignette\">https:\/\/www.em.com.br\/politica\/2024\/03\/6812280-eleicoes-2024-uberlandia-tem-ao-menos-4-candidatos-a-prefeitura.html#google_vignette<\/a><\/p>\n","protected":false},"excerpt":{"rendered":"<p>Na segunda cidade mais populosa de Minas Gerais, Uberl\u00e2ndia, at\u00e9 o momento, h\u00e1 quatro apenas candidatos que disputam a Prefeitura em 2024. O prefeito Odelmo Le\u00e3o (PP) j\u00e1 cumpriu dois mandatos, o primeiro foi em 2016 quando foi eleito com 72,05% dos votos e com a reelei\u00e7\u00e3o em 2020 com 70,47% do apoio popular. Os [&hellip;]<\/p>\n","protected":false},"author":3,"featured_media":535,"comment_status":"open","ping_status":"open","sticky":false,"template":"","format":"standard","meta":{"footnotes":""},"categories":[1],"tags":[],"class_list":["post-532","post","type-post","status-publish","format-standard","has-post-thumbnail","hentry","category-blog"],"_links":{"self":[{"href":"https:\/\/mblmg.org\/escribas\/wp-json\/wp\/v2\/posts\/532","targetHints":{"allow":["GET"]}}],"collection":[{"href":"https:\/\/mblmg.org\/escribas\/wp-json\/wp\/v2\/posts"}],"about":[{"href":"https:\/\/mblmg.org\/escribas\/wp-json\/wp\/v2\/types\/post"}],"author":[{"embeddable":true,"href":"https:\/\/mblmg.org\/escribas\/wp-json\/wp\/v2\/users\/3"}],"replies":[{"embeddable":true,"href":"https:\/\/mblmg.org\/escribas\/wp-json\/wp\/v2\/comments?post=532"}],"version-history":[{"count":1,"href":"https:\/\/mblmg.org\/escribas\/wp-json\/wp\/v2\/posts\/532\/revisions"}],"predecessor-version":[{"id":536,"href":"https:\/\/mblmg.org\/escribas\/wp-json\/wp\/v2\/posts\/532\/revisions\/536"}],"wp:featuredmedia":[{"embeddable":true,"href":"https:\/\/mblmg.org\/escribas\/wp-json\/wp\/v2\/media\/535"}],"wp:attachment":[{"href":"https:\/\/mblmg.org\/escribas\/wp-json\/wp\/v2\/media?parent=532"}],"wp:term":[{"taxonomy":"category","embeddable":true,"href":"https:\/\/mblmg.org\/escribas\/wp-json\/wp\/v2\/categories?post=532"},{"taxonomy":"post_tag","embeddable":true,"href":"https:\/\/mblmg.org\/escribas\/wp-json\/wp\/v2\/tags?post=532"}],"curies":[{"name":"wp","href":"https:\/\/api.w.org\/{rel}","templated":true}]}}