{"id":537,"date":"2024-03-29T01:56:00","date_gmt":"2024-03-29T01:56:00","guid":{"rendered":"https:\/\/mblmg.org\/escribas\/?p=537"},"modified":"2026-04-27T01:57:47","modified_gmt":"2026-04-27T01:57:47","slug":"cenario-eleitoral-2024-juiz-de-fora","status":"publish","type":"post","link":"https:\/\/mblmg.org\/escribas\/cenario-eleitoral-2024-juiz-de-fora\/","title":{"rendered":"Cen\u00e1rio Eleitoral 2024 Juiz de\u00a0Fora"},"content":{"rendered":"\n<figure class=\"wp-block-image size-full\"><img loading=\"lazy\" decoding=\"async\" width=\"860\" height=\"440\" src=\"https:\/\/mblmg.org\/escribas\/wp-content\/uploads\/2026\/04\/1805_setur_mapa_turismo_155923.jpg\" alt=\"\" class=\"wp-image-539\" srcset=\"https:\/\/mblmg.org\/escribas\/wp-content\/uploads\/2026\/04\/1805_setur_mapa_turismo_155923.jpg 860w, https:\/\/mblmg.org\/escribas\/wp-content\/uploads\/2026\/04\/1805_setur_mapa_turismo_155923-300x153.jpg 300w, https:\/\/mblmg.org\/escribas\/wp-content\/uploads\/2026\/04\/1805_setur_mapa_turismo_155923-768x393.jpg 768w\" sizes=\"auto, (max-width: 860px) 100vw, 860px\" \/><\/figure>\n\n\n\n<p>Mar\u00e7o marca o in\u00edcio da correria final dos partidos para fechar suas chapas para o pleito eleitoral deste ano. Em Juiz de Fora, principal cidade da Zona da Mata Mineira, ao menos sete nomes aparecem na disputa que tem como objetivo impedir a reelei\u00e7\u00e3o da prefeita petista Margarida Salom\u00e3o, sendo estes Charles Evangelista (PL), com pr\u00e9-candidatura oficializada, e outros seis nomes que ainda seguem comentados em tom de especula\u00e7\u00e3o, como o da deputada federal Ione Barbosa (Avante), o deputado estadual Noraldino J\u00fanior (PSB), o ex-deputado estadual Isauro Calais (PSC), o ex-secret\u00e1rio de sa\u00fade do governo Zema, Carlos Eduardo Amaral (NOVO), o ex-deputado&nbsp; federal, J\u00falio Delgado (Sem Partido) e C\u00e9sar Gr\u00e1zia (PMB).<\/p>\n\n\n\n<p>Entre os nomes apresentados, poucos trazem uma real promessa de conseguir retirar a prefeitura das m\u00e3os de Margarida Salom\u00e3o (PT), que vem repetindo a receita petista ao longo de seu mandato, cometendo crimes da administra\u00e7\u00e3o p\u00fablica e contando com sil\u00eancio do legislativo que se beneficia dos cargos oferecidos a amigos e familiares, aumentando o gasto p\u00fablico, cooptando a m\u00eddia local e estourando o or\u00e7amento municipal.&nbsp;<\/p>\n\n\n\n<p>A aposta de muitos insatisfeitos com o&nbsp;<em>modus operandi<\/em>&nbsp;PT est\u00e1 no nome de Ione Barbosa (Avante) que quase chegou a ir para o segundo turno contra a petista nas elei\u00e7\u00f5es de 2020 e conseguiu se eleger deputada federal no pleito de 2022. Entretanto, a pergunta dos bastidores poder\u00e1 ser respondida nessa disputa, se os votos que Ione teve em 2020 eram votos diretos \u00e0 ela, ou votos contra as outras op\u00e7\u00f5es, na ocasi\u00e3o, eram Delegada Sheila (PSL) e Wilson Rezato (PSB). Na presente corrida, Ione contaria com o apoio da igreja evang\u00e9lica e com a desconfian\u00e7a do eleitor juizforano que est\u00e1 cansado dos grupos pol\u00edticos que ela busca aproxima\u00e7\u00e3o e chama de \u201ctradicionais\u201d, tais como PSDB e MDB.<\/p>\n\n\n\n<p>Em outra frente, o ex-deputado federal Charles Evangelista (PL) aposta tudo que tem na polariza\u00e7\u00e3o entre eleitores bolsonaristas e petistas, parecendo se esquecer&nbsp; que Jair Bolsonaro perdeu em Juiz de Fora para o petista em 2022, ficando apenas com 43,91% dos votos, enquanto o atual Presidente, Luiz In\u00e1cio Lula da Silva, recebeu 56,09% dos votos v\u00e1lidos juiz-foranos. Al\u00e9m disso, Charles ignora ou pensa ser capaz de controlar a completa batalha de egos, com doses de del\u00edrios, das pretensas lideran\u00e7as de direita da cidade que, at\u00e9 a presente data, nada constru\u00edram, mas j\u00e1 contribu\u00edram para a destrui\u00e7\u00e3o de muitos projetos, inclusive, os deles pr\u00f3prios.<\/p>\n\n\n\n<p>Nesse contexto, Noraldino J\u00fanior (PSB) parece sustentar mais solidez de entrega de trabalho e capacidade para agregar lideran\u00e7as pol\u00edticas distintas para essa disputa, mesmo que n\u00e3o venha como o mais popular ou favorito, como foi o caso quando se lan\u00e7ou pela primeira vez ao executivo municipal em 2016. Naquela ocasi\u00e3o, Noraldino, que vinha de duas vit\u00f3rias seguidas, a reelei\u00e7\u00e3o como vereador e a vit\u00f3ria como deputado estadual, tendo ampla popularidade na cidade por seu trabalho com a causa animal, al\u00e9m de extrema repercuss\u00e3o de suas a\u00e7\u00f5es atrav\u00e9s de seu pioneirismo no uso das redes sociais, acabou terminando a disputa em quarto lugar. No presente momento, a sigla da qual \u00e9 presidente estadual, talvez seja o maior inimigo de Noraldino J\u00fanior nessa disputa, ele que, por muitos anos, esteve \u00e0 frente do Partido Social Crist\u00e3o (PSC), troca o \u201csocial\u201d por \u201csocialista\u201d e o termo \u201ccrist\u00e3o\u201d, muito utilizado por algumas frentes antipetistas, pelo velho mero \u201cbrasileiro\u201d.<\/p>\n\n\n\n<figure class=\"wp-block-image size-full\"><img loading=\"lazy\" decoding=\"async\" width=\"750\" height=\"500\" src=\"https:\/\/mblmg.org\/escribas\/wp-content\/uploads\/2026\/04\/prefeitura-1.jpg\" alt=\"\" class=\"wp-image-541\" srcset=\"https:\/\/mblmg.org\/escribas\/wp-content\/uploads\/2026\/04\/prefeitura-1.jpg 750w, https:\/\/mblmg.org\/escribas\/wp-content\/uploads\/2026\/04\/prefeitura-1-300x200.jpg 300w, https:\/\/mblmg.org\/escribas\/wp-content\/uploads\/2026\/04\/prefeitura-1-600x400.jpg 600w\" sizes=\"auto, (max-width: 750px) 100vw, 750px\" \/><\/figure>\n\n\n\n<p>Fato \u00e9 que, nesse momento, a candidatura de Margarida Salom\u00e3o se apresenta como a mais organizada com amplo apoio de distintas frentes partid\u00e1rias, podendo contar com amplo aporte financeiro e que conta com um presidente com mandato para apoiar o projeto. Al\u00e9m disso, Margarida conta com o apoio pessoal de Lula para al\u00e9m das quest\u00f5es partid\u00e1rias, j\u00e1 que o atual Presidente n\u00e3o est\u00e1 com cara de ignorar as elei\u00e7\u00f5es municipais como fez o que o Jair Bolsonaro em 2020, deixando as lideran\u00e7as locais se virarem como puderam e, como n\u00e3o puderam se virar, perderam as disputas, perdendo a for\u00e7a, inclusive, para sustent\u00e1-lo na corrida de 2022.<\/p>\n\n\n\n<p>O MBL, at\u00e9 o presente momento, n\u00e3o tem se posicionado sobre o cen\u00e1rio eleitoral em Juiz de Fora, nem mesmo com rela\u00e7\u00e3o a um nome para a disputa ao legislativo, tendo sua base na cidade voltada para a coleta de assinaturas para a forma\u00e7\u00e3o do Miss\u00e3o, o que garantir\u00e1 uma sigla para futuros candidatos em todo o Brasil.&nbsp;<\/p>\n\n\n\n<p>Fontes:<\/p>\n\n\n\n<p><a href=\"https:\/\/g1.globo.com\/mg\/zona-da-mata\/noticia\/2023\/10\/02\/juiz-de-fora-tem-orcamento-estimado-em-quase-r-35-bilhoes-para-2024.ghtml\">https:\/\/g1.globo.com\/mg\/zona-da-mata\/noticia\/2023\/10\/02\/juiz-de-fora-tem-orcamento-estimado-em-quase-r-35-bilhoes-para-2024.ghtml<\/a><\/p>\n\n\n\n<p><a href=\"https:\/\/noticias.uol.com.br\/eleicoes\/2022\/10\/30\/juiz-de-fora-mg-veja-votos-de-lula-e-bolsonaro-na-cidade-no-2-turno.htm\">https:\/\/noticias.uol.com.br\/eleicoes\/2022\/10\/30\/juiz-de-fora-mg-veja-votos-de-lula-e-bolsonaro-na-cidade-no-2-turno.htm<\/a><\/p>\n","protected":false},"excerpt":{"rendered":"<p>Mar\u00e7o marca o in\u00edcio da correria final dos partidos para fechar suas chapas para o pleito eleitoral deste ano. Em Juiz de Fora, principal cidade da Zona da Mata Mineira, ao menos sete nomes aparecem na disputa que tem como objetivo impedir a reelei\u00e7\u00e3o da prefeita petista Margarida Salom\u00e3o, sendo estes Charles Evangelista (PL), com [&hellip;]<\/p>\n","protected":false},"author":3,"featured_media":540,"comment_status":"open","ping_status":"open","sticky":false,"template":"","format":"standard","meta":{"footnotes":""},"categories":[1],"tags":[],"class_list":["post-537","post","type-post","status-publish","format-standard","has-post-thumbnail","hentry","category-blog"],"_links":{"self":[{"href":"https:\/\/mblmg.org\/escribas\/wp-json\/wp\/v2\/posts\/537","targetHints":{"allow":["GET"]}}],"collection":[{"href":"https:\/\/mblmg.org\/escribas\/wp-json\/wp\/v2\/posts"}],"about":[{"href":"https:\/\/mblmg.org\/escribas\/wp-json\/wp\/v2\/types\/post"}],"author":[{"embeddable":true,"href":"https:\/\/mblmg.org\/escribas\/wp-json\/wp\/v2\/users\/3"}],"replies":[{"embeddable":true,"href":"https:\/\/mblmg.org\/escribas\/wp-json\/wp\/v2\/comments?post=537"}],"version-history":[{"count":1,"href":"https:\/\/mblmg.org\/escribas\/wp-json\/wp\/v2\/posts\/537\/revisions"}],"predecessor-version":[{"id":542,"href":"https:\/\/mblmg.org\/escribas\/wp-json\/wp\/v2\/posts\/537\/revisions\/542"}],"wp:featuredmedia":[{"embeddable":true,"href":"https:\/\/mblmg.org\/escribas\/wp-json\/wp\/v2\/media\/540"}],"wp:attachment":[{"href":"https:\/\/mblmg.org\/escribas\/wp-json\/wp\/v2\/media?parent=537"}],"wp:term":[{"taxonomy":"category","embeddable":true,"href":"https:\/\/mblmg.org\/escribas\/wp-json\/wp\/v2\/categories?post=537"},{"taxonomy":"post_tag","embeddable":true,"href":"https:\/\/mblmg.org\/escribas\/wp-json\/wp\/v2\/tags?post=537"}],"curies":[{"name":"wp","href":"https:\/\/api.w.org\/{rel}","templated":true}]}}