{"id":543,"date":"2024-03-15T01:57:00","date_gmt":"2024-03-15T01:57:00","guid":{"rendered":"https:\/\/mblmg.org\/escribas\/?p=543"},"modified":"2026-04-27T01:58:48","modified_gmt":"2026-04-27T01:58:48","slug":"pesquisas-captam-queda-da-aprovacao-de-lula-e-seu-governo","status":"publish","type":"post","link":"https:\/\/mblmg.org\/escribas\/pesquisas-captam-queda-da-aprovacao-de-lula-e-seu-governo\/","title":{"rendered":"Pesquisas captam queda da aprova\u00e7\u00e3o de Lula e seu\u00a0governo"},"content":{"rendered":"\n<p>O presidente Luiz In\u00e1cio Lula da Silva viu sua popularidade derreter nos \u00faltimos meses, conforme indicado por pelo menos tr\u00eas pesquisas divulgadas no in\u00edcio de mar\u00e7o. Uma pesquisa do instituto de pesquisa Quaest, liderado pelo professor da UFMG, Felipe Nunes, revelou que a popularidade do presidente caiu de 54% para 51%, acima da margem de erro de 2,2%. Segundo essa pesquisa, 60% da popula\u00e7\u00e3o tamb\u00e9m condena as declara\u00e7\u00f5es de Lula sobre a guerra de Israel contra o grupo terrorista Hamas.<\/p>\n\n\n\n<p>Um exemplo disso foi a compara\u00e7\u00e3o feita por Lula entre as a\u00e7\u00f5es das For\u00e7as de Defesa de Israel e o Holocausto, o que resultou em severas cr\u00edticas nacional e internacionalmente. A historiadora e diplomata americana, Deborah Lipstadt, considerada uma das pessoas mais influentes do mundo pela revista Time, juntou-se ao coro dos que acharam infeliz a declara\u00e7\u00e3o do presidente brasileiro.<\/p>\n\n\n\n<p>A queda na popularidade do petista na pesquisa foi generalizada, mas destaca-se a piora significativa na aprova\u00e7\u00e3o feminina pelo atual presidente, que diminuiu em 8 pontos percentuais.<\/p>\n\n\n\n<figure class=\"wp-block-image size-full\"><img loading=\"lazy\" decoding=\"async\" width=\"1017\" height=\"762\" src=\"https:\/\/mblmg.org\/escribas\/wp-content\/uploads\/2026\/04\/captura-de-tela-2024-03-15-080013.png\" alt=\"\" class=\"wp-image-545\" srcset=\"https:\/\/mblmg.org\/escribas\/wp-content\/uploads\/2026\/04\/captura-de-tela-2024-03-15-080013.png 1017w, https:\/\/mblmg.org\/escribas\/wp-content\/uploads\/2026\/04\/captura-de-tela-2024-03-15-080013-300x225.png 300w, https:\/\/mblmg.org\/escribas\/wp-content\/uploads\/2026\/04\/captura-de-tela-2024-03-15-080013-768x575.png 768w\" sizes=\"auto, (max-width: 1017px) 100vw, 1017px\" \/><\/figure>\n\n\n\n<p>A eros\u00e3o da popularidade de Lula \u00e9 ainda mais forte na pesquisa do instituto Atlas Intel, divulgada em 7 de mar\u00e7o. Nessa pesquisa, a popularidade do ex-torneiro mec\u00e2nico do ABC paulista ficou abaixo da reprova\u00e7\u00e3o pela primeira vez desde o in\u00edcio deste mandato. O instituto, que acertou o resultado do primeiro turno das elei\u00e7\u00f5es presidenciais na Argentina no ano passado, afirma que os n\u00fameros s\u00e3o especialmente catastr\u00f3ficos para Lula na \u00e1rea da seguran\u00e7a p\u00fablica, onde 66% dos brasileiros desaprovam a pol\u00edtica do governo no combate ao crime.<\/p>\n\n\n\n<p>Al\u00e9m disso, um dado interessante, captado mas curiosamente ignorado pela m\u00eddia, \u00e9 que em todos os dezesseis eixos tem\u00e1ticos da pesquisa, o resultado modal, ou seja, o mais citado, \u00e9 o \u201cp\u00e9ssimo\u201d. Para efeitos de compara\u00e7\u00e3o, a \u00e1rea em que menos eleitores entendem que o governo \u00e9 p\u00e9ssimo \u00e9 a agricultura, com 35%. Por outro lado, apenas 33% consideram que o governo \u00e9 \u201c\u00f3timo na \u00e1rea de direitos humanos e igualdade racial\u201d, um n\u00famero baixo em rela\u00e7\u00e3o ao discurso e expectativas vendidos pelo PT ao longo das elei\u00e7\u00f5es ao seu eleitor, embora seja a porcentagem mais alta entre todas as outras 15 \u00e1reas.<\/p>\n\n\n\n<p>Por fim, uma pesquisa feita pelo instituto Ipec (ex-Ibope) tamb\u00e9m encontrou queda na avalia\u00e7\u00e3o do governo. Segundo os resultados do instituto, a aprova\u00e7\u00e3o do governo caiu de 33% para 38%, enquanto a desaprova\u00e7\u00e3o subiu de 30 para 32%. Trata-se do pior resultado desde a posse de Lula. Dentre aqueles que votaram no atual mandat\u00e1rio, a queda foi de 7 pontos percentuais, de 69% para 61%. Em conson\u00e2ncia com os demais estudos, o resultado entre as mulheres tamb\u00e9m apresentou uma queda sens\u00edvel, bem como entre os&nbsp;mais&nbsp;pobres.<\/p>\n\n\n\n<p>Mesmo com resultados positivos na economia, esses s\u00e3o, aparentemente, insustent\u00e1veis com um enorme rombo no or\u00e7amento, levando o pa\u00eds a caminhar a passos largos para uma crise de infla\u00e7\u00e3o, segundo o economista Alexandre Schwartsman. De acordo com ele, em 2023, o pa\u00eds cresceu apenas por conta do agroneg\u00f3cio, ficando estagnado no \u00faltimo trimestre do ano. J\u00e1 o investimento est\u00e1 em frangalhos, tornando um crescimento vigoroso insustent\u00e1vel nos pr\u00f3ximos anos. Caso o governo n\u00e3o fa\u00e7a o dever de casa, uma piora na \u00e1rea econ\u00f4mica parece quest\u00e3o de tempo, e n\u00e3o ser\u00e1 surpreendente se a popularidade do presidente continuar em decl\u00ednio.<\/p>\n\n\n\n<p>Fontes:<\/p>\n\n\n\n<p><a href=\"https:\/\/noticias.uol.com.br\/politica\/ultimas-noticias\/2024\/03\/06\/quaest-aprovacao-do-governo-lula-fevereiro-de-2024.htm\">https:\/\/noticias.uol.com.br\/politica\/ultimas-noticias\/2024\/03\/06\/quaest-aprovacao-do-governo-lula-fevereiro-de-2024.htm<\/a><\/p>\n\n\n\n<p><a href=\"https:\/\/www1.folha.uol.com.br\/mundo\/2024\/03\/declaracao-de-lula-sobre-holocausto-e-antissemita-diz-diplomata-dos-eua.shtml\">https:\/\/www1.folha.uol.com.br\/mundo\/2024\/03\/declaracao-de-lula-sobre-holocausto-e-antissemita-diz-diplomata-dos-eua.shtml<\/a><\/p>\n\n\n\n<p><a href=\"https:\/\/time.com\/collection\/100-most-influential-people-2023\">https:\/\/time.com\/collection\/100-most-influential-people-2023<\/a><\/p>\n\n\n\n<p><a href=\"https:\/\/veja.abril.com.br\/coluna\/jose-casado\/um-aumento-significativo-na-reprovacao-das-mulheres-ao-governo-lula\">https:\/\/veja.abril.com.br\/coluna\/jose-casado\/um-aumento-significativo-na-reprovacao-das-mulheres-ao-governo-lula<\/a><\/p>\n\n\n\n<p><a href=\"https:\/\/www.atlasintel.org\/poll\/brazil-2024-03-07\">https:\/\/www.atlasintel.org\/poll\/brazil-2024-03-07<\/a><\/p>\n\n\n\n<p><a href=\"https:\/\/exame.com\/mundo\/eleicao-na-argentina-milei-supera-massa-em-pesquisa-do-instituto-que-acertou-1o-turno\">https:\/\/exame.com\/mundo\/eleicao-na-argentina-milei-supera-massa-em-pesquisa-do-instituto-que-acertou-1o-turno<\/a><\/p>\n\n\n\n<p><a href=\"https:\/\/www.estadao.com.br\/economia\/entrevista-alexandre-schwartsman-pib-dificuldade-inflacao\">https:\/\/www.estadao.com.br\/economia\/entrevista-alexandre-schwartsman-pib-dificuldade-inflacao<\/a><\/p>\n","protected":false},"excerpt":{"rendered":"<p>O presidente Luiz In\u00e1cio Lula da Silva viu sua popularidade derreter nos \u00faltimos meses, conforme indicado por pelo menos tr\u00eas pesquisas divulgadas no in\u00edcio de mar\u00e7o. Uma pesquisa do instituto de pesquisa Quaest, liderado pelo professor da UFMG, Felipe Nunes, revelou que a popularidade do presidente caiu de 54% para 51%, acima da margem de [&hellip;]<\/p>\n","protected":false},"author":3,"featured_media":544,"comment_status":"open","ping_status":"open","sticky":false,"template":"","format":"standard","meta":{"footnotes":""},"categories":[1],"tags":[],"class_list":["post-543","post","type-post","status-publish","format-standard","has-post-thumbnail","hentry","category-blog"],"_links":{"self":[{"href":"https:\/\/mblmg.org\/escribas\/wp-json\/wp\/v2\/posts\/543","targetHints":{"allow":["GET"]}}],"collection":[{"href":"https:\/\/mblmg.org\/escribas\/wp-json\/wp\/v2\/posts"}],"about":[{"href":"https:\/\/mblmg.org\/escribas\/wp-json\/wp\/v2\/types\/post"}],"author":[{"embeddable":true,"href":"https:\/\/mblmg.org\/escribas\/wp-json\/wp\/v2\/users\/3"}],"replies":[{"embeddable":true,"href":"https:\/\/mblmg.org\/escribas\/wp-json\/wp\/v2\/comments?post=543"}],"version-history":[{"count":1,"href":"https:\/\/mblmg.org\/escribas\/wp-json\/wp\/v2\/posts\/543\/revisions"}],"predecessor-version":[{"id":546,"href":"https:\/\/mblmg.org\/escribas\/wp-json\/wp\/v2\/posts\/543\/revisions\/546"}],"wp:featuredmedia":[{"embeddable":true,"href":"https:\/\/mblmg.org\/escribas\/wp-json\/wp\/v2\/media\/544"}],"wp:attachment":[{"href":"https:\/\/mblmg.org\/escribas\/wp-json\/wp\/v2\/media?parent=543"}],"wp:term":[{"taxonomy":"category","embeddable":true,"href":"https:\/\/mblmg.org\/escribas\/wp-json\/wp\/v2\/categories?post=543"},{"taxonomy":"post_tag","embeddable":true,"href":"https:\/\/mblmg.org\/escribas\/wp-json\/wp\/v2\/tags?post=543"}],"curies":[{"name":"wp","href":"https:\/\/api.w.org\/{rel}","templated":true}]}}