{"id":547,"date":"2024-03-05T01:58:00","date_gmt":"2024-03-05T01:58:00","guid":{"rendered":"https:\/\/mblmg.org\/escribas\/?p=547"},"modified":"2026-04-27T01:59:59","modified_gmt":"2026-04-27T01:59:59","slug":"o-novo-e-o-velho-do-partido-novo-preterismo-de-romeu-zema-em-risco","status":"publish","type":"post","link":"https:\/\/mblmg.org\/escribas\/o-novo-e-o-velho-do-partido-novo-preterismo-de-romeu-zema-em-risco\/","title":{"rendered":"O Novo e o velho do Partido Novo: preterismo de Romeu Zema em\u00a0risco"},"content":{"rendered":"\n<p>O Partido Novo, fundado em 2011, com a proposta de tornar as a\u00e7\u00f5es pol\u00edticas mais eficientes e oferecendo um modelo partid\u00e1rio mais \u00e9tico do que o padr\u00e3o brasileiro susta, ao longo de seus primeiros anos de exist\u00eancia, passou por diversos altos e baixos, dadas as altas expectativas e baixa popularidade de suas principais lideran\u00e7as nacionais. Sendo o \u00faltimo aspecto uma completa exce\u00e7\u00e3o para o governador de Minas Gerais, Romeu Zema, reeleito em primeiro turno das disputas de 2022.<\/p>\n\n\n\n<p>Vitorioso em 2018, num contexto de anos de reprise da pol\u00edtica nacional em territ\u00f3rio mineiro, em que PT e PSDB revezavam o poder no estado, Zema ganhou notoriedade nos \u00faltimos dias da disputa, sendo alvo de cr\u00edticas, inclusive, dentro de seu partido, por buscar proximidade com as ideias de Jair Bolsonaro quando conveniente para proje\u00e7\u00e3o de seu nome, em um processo eleitoral que tinha&nbsp; Jo\u00e3o Amo\u00eado, correligion\u00e1rio e membro fundador do NOVO, tamb\u00e9m candidato \u00e0 Presid\u00eancia da Rep\u00fablica.<\/p>\n\n\n\n<p>Mostrando-se pouco ortodoxo quando conveniente, Zema tem&nbsp; conseguido jogar para o lado que o beneficia ao longo dos \u00faltimos anos.&nbsp; Desde a vit\u00f3ria em sua primeira disputa pol\u00edtica e sustentando um nome maior no partido que o de Jo\u00e3o Amo\u00eado, ou mesmo do atual Presidente, Alfredo Adolfo Schnabel Fuentes, pelas beiradas, o governador mineiro n\u00e3o perde a oportunidade de se apresentar como uma op\u00e7\u00e3o melhor a Jair Bolsonaro, mesmo que de forma indireta. Exemplos n\u00e3o faltam.<\/p>\n\n\n\n<figure class=\"wp-block-image size-full\"><img loading=\"lazy\" decoding=\"async\" width=\"602\" height=\"367\" src=\"https:\/\/mblmg.org\/escribas\/wp-content\/uploads\/2026\/04\/imagem2.png\" alt=\"\" class=\"wp-image-551\" srcset=\"https:\/\/mblmg.org\/escribas\/wp-content\/uploads\/2026\/04\/imagem2.png 602w, https:\/\/mblmg.org\/escribas\/wp-content\/uploads\/2026\/04\/imagem2-300x183.png 300w, https:\/\/mblmg.org\/escribas\/wp-content\/uploads\/2026\/04\/imagem2-600x367.png 600w\" sizes=\"auto, (max-width: 602px) 100vw, 602px\" \/><\/figure>\n\n\n\n<p>Vale lembrar que, diante das incont\u00e1veis crises do governo do ex-presidente, Zema, que soube se aproximar do discurso e do p\u00fablico de Jair Bolsonaro quando necess\u00e1rio, tentou se colocar \u00e0s margens de qualquer situa\u00e7\u00e3o que o expusesse de forma inconveniente no contexto nacional, principalmente ao longo da pandemia. Al\u00e9m disso, ao conseguir&nbsp; regularizar as contas do estado, que no in\u00edcio de seu mandato contava com d\u00e9ficit superior a 11 bilh\u00f5es de reais deixado pelo ex-governador petista, Fernando Pimentel, efetuando pagando os funcion\u00e1rios p\u00fablicos em dia, se aproximando do discurso conservador quando conveniente e se colocando como op\u00e7\u00e3o ao PT sempre que poss\u00edvel, o nome de Zema n\u00e3o demorou a ser bem visto como potencial candidato \u00e0 Presid\u00eancia da Rep\u00fablica. Inclusive, sendo cogitado nos bastidores como o melhor nome do NOVO para a disputa de 2022. Algo que sabiamente n\u00e3o foi levado \u00e0 diante, garantindo a ele o marco de ser reeleito no primeiro turno das \u00faltimas elei\u00e7\u00f5es com 56,18% dos votos v\u00e1lidos.<\/p>\n\n\n\n<p>Ap\u00f3s garantir sua vit\u00f3ria, Zema que evitou se posicionar claramente no primeiro turno de 2022, diferente do que havia feito em 2018, sabendo que contava com o apre\u00e7o da maior parte dos eleitores de Jair Bolsonaro e respeito entre muitos do segmento petista que conseguiam avaliar positivamente a administra\u00e7\u00e3o do empres\u00e1rio, no Segundo Turno, ele, que n\u00e3o precisou de Bolsonaro para vencer, faz a movimenta\u00e7\u00e3o de se aliar ao peelista para que o ex-presidi\u00e1rio candidato \u00e0 Presid\u00eancia da Rep\u00fablica pelo Partido dos Trabalhadores, Luiz In\u00e1cio Lula da Silva, n\u00e3o levasse a vit\u00f3ria da campanha presidencial.<\/p>\n\n\n\n<p>Uma jogada de mestre para quem pode, no futuro, recorrer ao discurso de ter \u201cfeito sua parte\u201d, mesmo sabendo que esse papel seria mais eficiente no Primeiro Turno. Zema deu aula de como garantir o seu antes de ajudar os outros.<\/p>\n\n\n\n<p>O grande problema na trajet\u00f3ria pol\u00edtica do governador de Minas Gerais \u00e9 que, entre as cr\u00edticas v\u00e1lidas a ele, n\u00e3o \u00e9 errado dizer que Zema envelheceu r\u00e1pido, no sentido de adaptar-se rapidamente \u00e0 (velha) pol\u00edtica brasileira. Do pol\u00edtico que abria m\u00e3o do sal\u00e1rio ao que fez um dos maiores aumentos para os servidores ligados diretamente ao governo do estado (por mais justific\u00e1vel que fosse, o momento n\u00e3o era conveniente e o exemplo \u00e9 o oposto ao que \u00e9 pregado por seu partido), subir no caminh\u00e3o na manifesta\u00e7\u00e3o bolsonarista da Paulista no \u00faltimo domingo, evidencia para os mais atentos a repeti\u00e7\u00e3o do movimento que \u00e9 de seu costume fazer: se posicionar ao lado do interesse que julga popular quando lhe parece conveniente, mesmo que seja arriscado e n\u00e3o correto. Zema n\u00e3o \u00e9 empres\u00e1rio. Zema \u00e9 pol\u00edtico!<\/p>\n\n\n\n<figure class=\"wp-block-image size-full\"><img loading=\"lazy\" decoding=\"async\" width=\"616\" height=\"349\" src=\"https:\/\/mblmg.org\/escribas\/wp-content\/uploads\/2026\/04\/captura-de-tela-2024-02-25-as-18.webp\" alt=\"\" class=\"wp-image-550\" srcset=\"https:\/\/mblmg.org\/escribas\/wp-content\/uploads\/2026\/04\/captura-de-tela-2024-02-25-as-18.webp 616w, https:\/\/mblmg.org\/escribas\/wp-content\/uploads\/2026\/04\/captura-de-tela-2024-02-25-as-18-300x170.webp 300w\" sizes=\"auto, (max-width: 616px) 100vw, 616px\" \/><\/figure>\n\n\n\n<p>Entretanto, a entrada de Deltan Dallagnol no partido NOVO em outubro de 2023 pode acabar causando problemas aos interesses de Zema, caso ele pretenda se lan\u00e7ar presidenci\u00e1vel em 2026, ainda que siga negando em entrevistas que esse \u00e9 o seu interesse. O Lavajatista do Paran\u00e1, por mais que tamb\u00e9m tenha \u201csubido no caminh\u00e3o bolsonarista\u201d, tem um hist\u00f3rico pol\u00edtico de n\u00e3o coniv\u00eancia com a pol\u00edtica que, quando interessa, Zema consegue dialogar, utilizar e dela se beneficiar.<\/p>\n\n\n\n<p>Al\u00e9m disso, Dallagnol sofreu de fato o dano de se manter coerente e da exposi\u00e7\u00e3o sem meias palavras de suas ideias, perdendo seu mandato de deputado federal em uma jogada que pode ser vista como mera persegui\u00e7\u00e3o pol\u00edtica e vingan\u00e7a daqueles que, no combate ao crime, ajudou a punir. Somado a isso, o sulista ainda agrega o p\u00fablico religioso que n\u00e3o v\u00ea a f\u00e9 como instrumento pol\u00edtico, mas os homens de f\u00e9 como ferramentas no processo de mudan\u00e7a social, tornando, assim, o mais recente filiado do NOVO mais capaz de desagregar o fanatismo religioso que se apresenta como o \u00faltimo batalh\u00e3o em torno de Bolsonaro e daqueles que o cercam esperando receber as migalhas de votos que caem de sua mesa.<\/p>\n\n\n\n<p>Se o NOVO vai se arriscar com chapa pura para 2026, uma dupla interessante pode estar se formando numa alian\u00e7a sul-sudeste para o pleito futuro. Mas a possibilidade de Zema ser o cabe\u00e7a da chapa e carregar o t\u00edtulo de Presidente se torna cada vez menor com o aumento da popularidade do novo filiado lavajatista que parece ter menos interesse que Zema em flertar com o sistema que o eleitor antipetista tanto critica.<\/p>\n\n\n\n<figure class=\"wp-block-image size-full\"><img loading=\"lazy\" decoding=\"async\" width=\"1024\" height=\"682\" src=\"https:\/\/mblmg.org\/escribas\/wp-content\/uploads\/2026\/04\/2019_presidente_jair_bolsonaro_no_programa_the_noite_do_sbt_-_47968955187.webp\" alt=\"\" class=\"wp-image-549\" srcset=\"https:\/\/mblmg.org\/escribas\/wp-content\/uploads\/2026\/04\/2019_presidente_jair_bolsonaro_no_programa_the_noite_do_sbt_-_47968955187.webp 1024w, https:\/\/mblmg.org\/escribas\/wp-content\/uploads\/2026\/04\/2019_presidente_jair_bolsonaro_no_programa_the_noite_do_sbt_-_47968955187-300x200.webp 300w, https:\/\/mblmg.org\/escribas\/wp-content\/uploads\/2026\/04\/2019_presidente_jair_bolsonaro_no_programa_the_noite_do_sbt_-_47968955187-768x512.webp 768w, https:\/\/mblmg.org\/escribas\/wp-content\/uploads\/2026\/04\/2019_presidente_jair_bolsonaro_no_programa_the_noite_do_sbt_-_47968955187-600x400.webp 600w\" sizes=\"auto, (max-width: 1024px) 100vw, 1024px\" \/><figcaption class=\"wp-element-caption\">(S\u00e3o Paulo \u2013 SP, 30\/05\/2019) Entrevista ao Apresentador Danilo Gentili para o Programa The Noite do SBT, gravada dia 29 de maio..Foto: Alan Santos\/PR<\/figcaption><\/figure>\n\n\n\n<p>NOVO por novo, o MBL est\u00e1 com desafio de lan\u00e7ar o partido Miss\u00e3o e ter candidatura pr\u00f3pria \u00e0 Presid\u00eancia da Rep\u00fablica com a possibilidade de ter o artista e empres\u00e1rio Danilo Gentili como nome da legenda.&nbsp; E por mais que tenhamos uma s\u00e9rie de interroga\u00e7\u00f5es nesse in\u00edcio de 2024 sobre o contexto para os pr\u00f3ximos dois anos, um vento diferente sopra sobre os c\u00e9us republicanos do Brasil, trazendo a possibilidade de uma disputa que garanta ao povo brasileiro ficar entre um mais ou menos e um bom, dois bons, ou entre o bom e o \u00f3timo. Se isso acontecer, ser\u00e1 o auge da realiza\u00e7\u00e3o do sonho de muita gente desperta que j\u00e1 est\u00e1 cansada de ter que ir pra urna votar nulo, ou tampar o nariz para escolher entre o ruim e o p\u00e9ssimo, tamb\u00e9m conhecido como \u201co menos pior\u201d.<\/p>\n\n\n\n<p>Fontes:<br><br><a href=\"https:\/\/www1.folha.uol.com.br\/poder\/2018\/10\/surpresa-na-eleicao-de-mg-zema-se-diz-anti-pt-e-aguarda-partido-sobre-apoio-a-bolsonaro.shtml\">https:\/\/www1.folha.uol.com.br\/poder\/2018\/10\/surpresa-na-eleicao-de-mg-zema-se-diz-anti-pt-e-aguarda-partido-sobre-apoio-a-bolsonaro.shtml<\/a><\/p>\n\n\n\n<p><a href=\"https:\/\/www.otempo.com.br\/politica\/divida-deixada-por-pimentel-seria-r-3-7-bilhoes-maior-1.2182142\">https:\/\/www.otempo.com.br\/politica\/divida-deixada-por-pimentel-seria-r-3-7-bilhoes-maior-1.2182142<\/a><\/p>\n\n\n\n<p><a href=\"https:\/\/www1.folha.uol.com.br\/poder\/2018\/10\/surpresa-na-eleicao-de-mg-zema-se-diz-anti-pt-e-aguarda-partido-sobre-apoio-a-bolsonaro.shtml\">https:\/\/www1.folha.uol.com.br\/poder\/2018\/10\/surpresa-na-eleicao-de-mg-zema-se-diz-anti-pt-e-aguarda-partido-sobre-apoio-a-bolsonaro.shtml<\/a><\/p>\n\n\n\n<p><a href=\"https:\/\/www.otempo.com.br\/politica\/zema-nao-fala-em-ato-bolsonarista-e-tarcisio-representa-governadores-1.3337480\">https:\/\/www.otempo.com.br\/politica\/zema-nao-fala-em-ato-bolsonarista-e-tarcisio-representa-governadores-1.3337480<\/a><\/p>\n\n\n\n<p><a href=\"https:\/\/www.em.com.br\/app\/noticia\/politica\/2023\/01\/19\/interna_politica,1446717\/kim-kataguiri-anuncia-danilo-gentili-como-candidato-a-presidencia-em-2026.shtml\">https:\/\/www.em.com.br\/app\/noticia\/politica\/2023\/01\/19\/interna_politica,1446717\/kim-kataguiri-anuncia-danilo-gentili-como-candidato-a-presidencia-em-2026.shtml<\/a><\/p>\n\n\n\n<pre class=\"wp-block-code\"><code><a href=\"https:\/\/www.cnnbrasil.com.br\/politica\/romeu-zema-e-reeleito-governador-de-mg-no-1o-turno-eleicoes-2022\/\">https:\/\/www.cnnbrasil.com.br\/politica\/romeu-zema-e-reeleito-governador-de-mg-no-1o-turno-eleicoes-2022\/<\/a><\/code><\/pre>\n","protected":false},"excerpt":{"rendered":"<p>O Partido Novo, fundado em 2011, com a proposta de tornar as a\u00e7\u00f5es pol\u00edticas mais eficientes e oferecendo um modelo partid\u00e1rio mais \u00e9tico do que o padr\u00e3o brasileiro susta, ao longo de seus primeiros anos de exist\u00eancia, passou por diversos altos e baixos, dadas as altas expectativas e baixa popularidade de suas principais lideran\u00e7as nacionais. [&hellip;]<\/p>\n","protected":false},"author":3,"featured_media":548,"comment_status":"open","ping_status":"open","sticky":false,"template":"","format":"standard","meta":{"footnotes":""},"categories":[1],"tags":[],"class_list":["post-547","post","type-post","status-publish","format-standard","has-post-thumbnail","hentry","category-blog"],"_links":{"self":[{"href":"https:\/\/mblmg.org\/escribas\/wp-json\/wp\/v2\/posts\/547","targetHints":{"allow":["GET"]}}],"collection":[{"href":"https:\/\/mblmg.org\/escribas\/wp-json\/wp\/v2\/posts"}],"about":[{"href":"https:\/\/mblmg.org\/escribas\/wp-json\/wp\/v2\/types\/post"}],"author":[{"embeddable":true,"href":"https:\/\/mblmg.org\/escribas\/wp-json\/wp\/v2\/users\/3"}],"replies":[{"embeddable":true,"href":"https:\/\/mblmg.org\/escribas\/wp-json\/wp\/v2\/comments?post=547"}],"version-history":[{"count":1,"href":"https:\/\/mblmg.org\/escribas\/wp-json\/wp\/v2\/posts\/547\/revisions"}],"predecessor-version":[{"id":552,"href":"https:\/\/mblmg.org\/escribas\/wp-json\/wp\/v2\/posts\/547\/revisions\/552"}],"wp:featuredmedia":[{"embeddable":true,"href":"https:\/\/mblmg.org\/escribas\/wp-json\/wp\/v2\/media\/548"}],"wp:attachment":[{"href":"https:\/\/mblmg.org\/escribas\/wp-json\/wp\/v2\/media?parent=547"}],"wp:term":[{"taxonomy":"category","embeddable":true,"href":"https:\/\/mblmg.org\/escribas\/wp-json\/wp\/v2\/categories?post=547"},{"taxonomy":"post_tag","embeddable":true,"href":"https:\/\/mblmg.org\/escribas\/wp-json\/wp\/v2\/tags?post=547"}],"curies":[{"name":"wp","href":"https:\/\/api.w.org\/{rel}","templated":true}]}}