{"id":553,"date":"2024-03-05T02:00:00","date_gmt":"2024-03-05T02:00:00","guid":{"rendered":"https:\/\/mblmg.org\/escribas\/?p=553"},"modified":"2026-04-27T02:00:48","modified_gmt":"2026-04-27T02:00:48","slug":"30-anos-de-plano-real","status":"publish","type":"post","link":"https:\/\/mblmg.org\/escribas\/30-anos-de-plano-real\/","title":{"rendered":"30 anos de Plano\u00a0Real"},"content":{"rendered":"\n<p>Reflex\u00f5es sobre o Plano Real: da Oposi\u00e7\u00e3o do Bolsopetismo aos Impactos Pr\u00e1ticos<\/p>\n\n\n\n<p>Celebrar os 30 anos do Plano Real \u00e9 mergulhar em uma jornada de desafios not\u00e1veis. Este marco na hist\u00f3ria econ\u00f4mica brasileira n\u00e3o pode ser subestimado, sendo uma fa\u00e7anha que vai al\u00e9m de simplesmente controlar a infla\u00e7\u00e3o. Contudo, dedicar-se a uma an\u00e1lise concisa das in\u00fameras virtudes desse plano \u00e9 um feito imposs\u00edvel em poucas linhas. Mesmo assim, seria negligente n\u00e3o prestar homenagem a essa conquista que moldou a economia do pa\u00eds nas \u00faltimas tr\u00eas d\u00e9cadas. Abordo, aqui, observa\u00e7\u00f5es menos exploradas sobre o Plano Real, fornecendo uma perspectiva \u00fanica.<\/p>\n\n\n\n<p>Para come\u00e7ar, \u00e9 crucial lembrar quem estava na oposi\u00e7\u00e3o. Os petistas, aliados a economistas defensores da \u201cTeoria da Terra Plana\u201d, opuseram-se ao plano. Lula, em 1998, considerou o Plano Real uma \u201cfantasia\u201d. Alo\u00edzio Mercadante, atual comandante do BNDES e ex-vice de Lula, defendeu, na \u00e9poca, uma postura contr\u00e1ria ao plano, sinalizando apoio ao calote da d\u00edvida. A economista Maria da Concei\u00e7\u00e3o Tavares classificou o Plano Real como \u201cmaquiav\u00e9lico\u201d, prevendo aumento da desigualdade. Esses posicionamentos, por\u00e9m, n\u00e3o impediram que o partido que mais se op\u00f4s ao Plano Real chegasse \u00e0 presid\u00eancia cinco vezes.<\/p>\n\n\n\n<p>Jair Bolsonaro, na \u00e9poca deputado, estava ao lado do PT, contra o plano. Este n\u00e3o foi o \u00fanico momento em que Bolsonaro, ent\u00e3o deputado-sindicalista de militares, colocou-se contra os interesses nacionais. Nos anos 1990, defendeu o fuzilamento de FHC por suas privatiza\u00e7\u00f5es.<\/p>\n\n\n\n<p>Destaca-se a participa\u00e7\u00e3o de Ciro Gomes, Ministro da Fazenda na \u00e9poca. Embora alguns afirmem que ele seria um dos \u201cpais\u201d do Plano, sua contribui\u00e7\u00e3o espec\u00edfica \u00e9 muitas vezes nebulosa. Enquanto os economistas da PUC-Rio e o ent\u00e3o Ministro da Fazenda FHC desempenharam pap\u00e9is centrais, Ciro tomou medidas not\u00e1veis, como a redu\u00e7\u00e3o das tarifas de importa\u00e7\u00e3o de autom\u00f3veis. Uma decis\u00e3o que, dadas as atuais pol\u00edticas defendidas por ele, parece divergir de sua postura atual.<\/p>\n\n\n\n<figure class=\"wp-block-image size-full\"><img loading=\"lazy\" decoding=\"async\" width=\"448\" height=\"336\" src=\"https:\/\/mblmg.org\/escribas\/wp-content\/uploads\/2026\/04\/plano-real-1.jpg\" alt=\"\" class=\"wp-image-554\" srcset=\"https:\/\/mblmg.org\/escribas\/wp-content\/uploads\/2026\/04\/plano-real-1.jpg 448w, https:\/\/mblmg.org\/escribas\/wp-content\/uploads\/2026\/04\/plano-real-1-300x225.jpg 300w\" sizes=\"auto, (max-width: 448px) 100vw, 448px\" \/><\/figure>\n\n\n\n<p>A queda da infla\u00e7\u00e3o no Brasil, somada aos efeitos resultantes, \u00e9 not\u00e1vel. Contrariando previs\u00f5es negativas, a extrema pobreza reduziu-se significativamente entre 1993 e 1994, de aproximadamente 23% para pouco mais de 17%.<\/p>\n\n\n\n<p>O Plano Real poderia ter sido ainda mais abrangente, abordando problemas que persistem hoje. Propostas de reformas, como as PECs 33, 41 e 175, foram apresentadas, mas enfrentaram resist\u00eancia no Congresso.<\/p>\n\n\n\n<p>Tr\u00eas d\u00e9cadas depois, o Brasil deve muito \u00e0 equipe que concebeu e implementou o Plano Real. Apesar das oscila\u00e7\u00f5es na economia, o impacto desse plano \u00e9 indiscut\u00edvel. O debate atual reflete uma popula\u00e7\u00e3o dividida, mas a no\u00e7\u00e3o de que o governo deve ter restri\u00e7\u00f5es fiscais e monet\u00e1rias permanece central. Embora desafios persistam, a jornada iniciada em 1994 impulsionou o pa\u00eds para frente, com avan\u00e7os que, ainda hoje, moldam a na\u00e7\u00e3o de maneiras profundas.<\/p>\n\n\n\n<p>Leituras recomendadas:&nbsp;<\/p>\n\n\n\n<p>&nbsp;<br>A Ordem do Progresso \u2013 Marcelo Abreu (org.)&nbsp;<\/p>\n\n\n\n<p>A Crise Fiscal e Monet\u00e1ria Brasileira \u2013 Edmar Bacha (org.)&nbsp;<\/p>\n\n\n\n<p>A Moeda e a Lei \u2013 Gustavo Franco&nbsp;<\/p>\n\n\n\n<p>Economia Brasileira Contempor\u00e2nea \u2013 F\u00e1bio Giambiagi (org.)&nbsp;<\/p>\n\n\n\n<p>A Monetary and Fiscal History of Latin America \u2013 Timothy Kehoe e Juan Pablo Nicolini (org.)&nbsp;<\/p>\n\n\n\n<p>Erros do passado, solu\u00e7\u00f5es para o futuro \u2013 Affonso Pastore&nbsp;<\/p>\n","protected":false},"excerpt":{"rendered":"<p>Reflex\u00f5es sobre o Plano Real: da Oposi\u00e7\u00e3o do Bolsopetismo aos Impactos Pr\u00e1ticos Celebrar os 30 anos do Plano Real \u00e9 mergulhar em uma jornada de desafios not\u00e1veis. Este marco na hist\u00f3ria econ\u00f4mica brasileira n\u00e3o pode ser subestimado, sendo uma fa\u00e7anha que vai al\u00e9m de simplesmente controlar a infla\u00e7\u00e3o. Contudo, dedicar-se a uma an\u00e1lise concisa das [&hellip;]<\/p>\n","protected":false},"author":3,"featured_media":555,"comment_status":"open","ping_status":"open","sticky":false,"template":"","format":"standard","meta":{"footnotes":""},"categories":[1],"tags":[],"class_list":["post-553","post","type-post","status-publish","format-standard","has-post-thumbnail","hentry","category-blog"],"_links":{"self":[{"href":"https:\/\/mblmg.org\/escribas\/wp-json\/wp\/v2\/posts\/553","targetHints":{"allow":["GET"]}}],"collection":[{"href":"https:\/\/mblmg.org\/escribas\/wp-json\/wp\/v2\/posts"}],"about":[{"href":"https:\/\/mblmg.org\/escribas\/wp-json\/wp\/v2\/types\/post"}],"author":[{"embeddable":true,"href":"https:\/\/mblmg.org\/escribas\/wp-json\/wp\/v2\/users\/3"}],"replies":[{"embeddable":true,"href":"https:\/\/mblmg.org\/escribas\/wp-json\/wp\/v2\/comments?post=553"}],"version-history":[{"count":1,"href":"https:\/\/mblmg.org\/escribas\/wp-json\/wp\/v2\/posts\/553\/revisions"}],"predecessor-version":[{"id":556,"href":"https:\/\/mblmg.org\/escribas\/wp-json\/wp\/v2\/posts\/553\/revisions\/556"}],"wp:featuredmedia":[{"embeddable":true,"href":"https:\/\/mblmg.org\/escribas\/wp-json\/wp\/v2\/media\/555"}],"wp:attachment":[{"href":"https:\/\/mblmg.org\/escribas\/wp-json\/wp\/v2\/media?parent=553"}],"wp:term":[{"taxonomy":"category","embeddable":true,"href":"https:\/\/mblmg.org\/escribas\/wp-json\/wp\/v2\/categories?post=553"},{"taxonomy":"post_tag","embeddable":true,"href":"https:\/\/mblmg.org\/escribas\/wp-json\/wp\/v2\/tags?post=553"}],"curies":[{"name":"wp","href":"https:\/\/api.w.org\/{rel}","templated":true}]}}