{"id":562,"date":"2024-03-01T02:02:00","date_gmt":"2024-03-01T02:02:00","guid":{"rendered":"https:\/\/mblmg.org\/escribas\/?p=562"},"modified":"2026-04-27T02:03:08","modified_gmt":"2026-04-27T02:03:08","slug":"desordem-e-vandalismo-a-festa-mais-esperada-do-ano-traz-mais-do-que-celebracao-em-bh","status":"publish","type":"post","link":"https:\/\/mblmg.org\/escribas\/desordem-e-vandalismo-a-festa-mais-esperada-do-ano-traz-mais-do-que-celebracao-em-bh\/","title":{"rendered":"Desordem e Vandalismo: A Festa Mais Esperada do Ano Traz Mais Do Que Celebra\u00e7\u00e3o em\u00a0BH"},"content":{"rendered":"\n<p>A efus\u00e3o do Carnaval em Belo Horizonte, conhecido por atrair foli\u00f5es de todo o Brasil, tamb\u00e9m trouxe consigo uma sombra de desordem e vandalismo, manchando a festividade. No ano de 2023, conforme apontado pelo portal \u201cO TEMPO\u201d, o Sindicato das Empresas de Transporte de Passageiros de Belo Horizonte (SetraBH) estima que aproximadamente 98 \u00f4nibus foram alvo de depreda\u00e7\u00e3o por \u201cfoli\u00f5es\u201d autodenominados v\u00e2ndalos.<\/p>\n\n\n\n<p>Os danos inclu\u00edram a destrui\u00e7\u00e3o de terminais de validadores de tarifa, 65 al\u00e7ap\u00f5es de teto quebrados ou arrancados, 36 vidros laterais, quatro p\u00e1ra-brisas, vidro traseiro, conjuntos de portas e seus dispositivos de acionamento autom\u00e1tico, retrovisores, alavancas internas de sa\u00edda de emerg\u00eancia, lixeiras e at\u00e9 mesmo as placas de identifica\u00e7\u00e3o dos coletivos, acarretando um preju\u00edzo estimado em R$250 mil.<\/p>\n\n\n\n<figure class=\"wp-block-image size-full\"><img loading=\"lazy\" decoding=\"async\" width=\"935\" height=\"513\" src=\"https:\/\/mblmg.org\/escribas\/wp-content\/uploads\/2024\/03\/image.webp\" alt=\"\" class=\"wp-image-565\" srcset=\"https:\/\/mblmg.org\/escribas\/wp-content\/uploads\/2024\/03\/image.webp 935w, https:\/\/mblmg.org\/escribas\/wp-content\/uploads\/2024\/03\/image-300x165.webp 300w, https:\/\/mblmg.org\/escribas\/wp-content\/uploads\/2024\/03\/image-768x421.webp 768w\" sizes=\"auto, (max-width: 935px) 100vw, 935px\" \/><figcaption class=\"wp-element-caption\">Desordem e Vandalismo durante o Carnaval em Belo Horizonte<\/figcaption><\/figure>\n\n\n\n<p>Al\u00e9m disso, os mesmos foli\u00f5es contribu\u00edram para a sujeira nas ruas, despejando lixo e, at\u00e9 mesmo, urinando e defecando nas vias dos blocos, mesmo com mais de 10 mil banheiros qu\u00edmicos distribu\u00eddos em 99 pontos pela cidade, conforme divulgado pela Prefeitura de Belo Horizonte para o Carnaval de 2024.<\/p>\n\n\n\n<p>Recentemente, o&nbsp;<a href=\"https:\/\/g1.globo.com\/mg\/minas-gerais\/video\/confusao-generalizada-e-registrada-em-estacao-de-metro-apos-bloco-de-carnaval-em-bh-12327361.ghtml\">G1 divulgou v\u00eddeos expondo a\u00e7\u00f5es de vandalismo e tumulto ap\u00f3s o t\u00e9rmino de um bloco de carnaval<\/a>, onde funcion\u00e1rios da concession\u00e1ria privada do metr\u00f4 tentaram intervir, resultando em uma onda de caos, desordem e vandalismo.<\/p>\n\n\n\n<p>Infelizmente, esse comportamento contradit\u00f3rio \u00e9 um reflexo daqueles que, enquanto reclamam justamente da falta de assist\u00eancia e inefici\u00eancia nos transportes p\u00fablicos e na infraestrutura urbana, contribuem diretamente para a degrada\u00e7\u00e3o desses servi\u00e7os. \u00c9 imperativo questionarmos como podemos esperar mudan\u00e7as significativas em nosso pa\u00eds se continuarmos agindo dessa maneira, recorrendo ao conhecido \u201cjeitinho brasileiro\u201d. N\u00e3o podemos ignorar a hipocrisia de grupos que, muitas vezes, est\u00e3o entre esses \u201cfoli\u00f5es\u201d e que ora clamam por uma interven\u00e7\u00e3o federal, ora s\u00e3o defensores fervorosos do respeito, da paz e do amor. Essa contradi\u00e7\u00e3o ressalta a urg\u00eancia de uma mudan\u00e7a de mentalidade e de comportamento para alcan\u00e7armos uma sociedade mais justa e coesa.<\/p>\n\n\n\n<p>Enquanto aguardamos os balan\u00e7os dos preju\u00edzos deste ano, fica evidente a necessidade de uma reflex\u00e3o profunda sobre o verdadeiro significado da celebra\u00e7\u00e3o e como podemos preservar a festividade sem comprometer a ordem e a responsabilidade coletiva.<\/p>\n\n\n\n<p>Refer\u00eancias<br><a href=\"https:\/\/prefeitura.pbh.gov.br\/noticias\/pbh-vai-instalar-99-pontos-fixos-de-banheiros-para-o-carnaval-2024\">https:\/\/prefeitura.pbh.gov.br\/noticias\/pbh-vai-instalar-99-pontos-fixos-de-banheiros-para-o-carnaval-2024<\/a><\/p>\n\n\n\n<p><a href=\"https:\/\/g1.globo.com\/mg\/minas-gerais\/noticia\/2024\/02\/05\/confusao-generalizada-e-registrada-em-estacao-de-metro-apos-bloco-de-carnaval-em-bh-video.ghtml#\">https:\/\/g1.globo.com\/mg\/minas-gerais\/noticia\/2024\/02\/05\/confusao-generalizada-e-registrada-em-estacao-de-metro-apos-bloco-de-carnaval-em-bh-video.ghtml#<\/a><\/p>\n\n\n\n<p><a href=\"https:\/\/www.otempo.com.br\/opiniao\/artigos\/vandalismo-nao-e-brincadeira-de-carnaval-denuncie-1.3327371\">https:\/\/www.otempo.com.br\/opiniao\/artigos\/vandalismo-nao-e-brincadeira-de-carnaval-denuncie-1.3327371<\/a><\/p>\n","protected":false},"excerpt":{"rendered":"<p>A efus\u00e3o do Carnaval em Belo Horizonte, conhecido por atrair foli\u00f5es de todo o Brasil, tamb\u00e9m trouxe consigo uma sombra de desordem e vandalismo, manchando a festividade. No ano de 2023, conforme apontado pelo portal \u201cO TEMPO\u201d, o Sindicato das Empresas de Transporte de Passageiros de Belo Horizonte (SetraBH) estima que aproximadamente 98 \u00f4nibus foram [&hellip;]<\/p>\n","protected":false},"author":3,"featured_media":563,"comment_status":"open","ping_status":"open","sticky":false,"template":"","format":"standard","meta":{"footnotes":""},"categories":[1],"tags":[],"class_list":["post-562","post","type-post","status-publish","format-standard","has-post-thumbnail","hentry","category-blog"],"_links":{"self":[{"href":"https:\/\/mblmg.org\/escribas\/wp-json\/wp\/v2\/posts\/562","targetHints":{"allow":["GET"]}}],"collection":[{"href":"https:\/\/mblmg.org\/escribas\/wp-json\/wp\/v2\/posts"}],"about":[{"href":"https:\/\/mblmg.org\/escribas\/wp-json\/wp\/v2\/types\/post"}],"author":[{"embeddable":true,"href":"https:\/\/mblmg.org\/escribas\/wp-json\/wp\/v2\/users\/3"}],"replies":[{"embeddable":true,"href":"https:\/\/mblmg.org\/escribas\/wp-json\/wp\/v2\/comments?post=562"}],"version-history":[{"count":2,"href":"https:\/\/mblmg.org\/escribas\/wp-json\/wp\/v2\/posts\/562\/revisions"}],"predecessor-version":[{"id":566,"href":"https:\/\/mblmg.org\/escribas\/wp-json\/wp\/v2\/posts\/562\/revisions\/566"}],"wp:featuredmedia":[{"embeddable":true,"href":"https:\/\/mblmg.org\/escribas\/wp-json\/wp\/v2\/media\/563"}],"wp:attachment":[{"href":"https:\/\/mblmg.org\/escribas\/wp-json\/wp\/v2\/media?parent=562"}],"wp:term":[{"taxonomy":"category","embeddable":true,"href":"https:\/\/mblmg.org\/escribas\/wp-json\/wp\/v2\/categories?post=562"},{"taxonomy":"post_tag","embeddable":true,"href":"https:\/\/mblmg.org\/escribas\/wp-json\/wp\/v2\/tags?post=562"}],"curies":[{"name":"wp","href":"https:\/\/api.w.org\/{rel}","templated":true}]}}