{"id":83,"date":"2025-12-02T12:00:00","date_gmt":"2025-12-02T12:00:00","guid":{"rendered":"https:\/\/mblmg.org\/escribas\/?p=83"},"modified":"2026-03-02T23:26:14","modified_gmt":"2026-03-02T23:26:14","slug":"tremembe-a-colonia-de-ferias","status":"publish","type":"post","link":"https:\/\/mblmg.org\/escribas\/tremembe-a-colonia-de-ferias\/","title":{"rendered":"Trememb\u00e9, a col\u00f4nia de\u00a0f\u00e9rias"},"content":{"rendered":"\n<p>A esta altura \u00e9 muito dif\u00edcil que voc\u00ea n\u00e3o tenha sequer ouvido falar no lan\u00e7amento do Prime V\u00eddeo desse 31 de outubro de 2025. A s\u00e9rie Trememb\u00e9 que relata a rotina de criminosos conhecidos por suas condutas j\u00e1 \u00e9 o maior sucesso da plataforma da Amazon em 2025 no Brasil. O contexto da s\u00e9rie \u00e9 narrar como foram vividos os dias dos criminosos que n\u00e3o saem dos pesadelos da popula\u00e7\u00e3o brasileira.<\/p>\n\n\n\n<figure class=\"wp-block-image size-large\"><img loading=\"lazy\" decoding=\"async\" width=\"1024\" height=\"768\" src=\"https:\/\/mblmg.org\/escribas\/wp-content\/uploads\/2026\/02\/img_2568-1024x768.webp\" alt=\"\" class=\"wp-image-84\" srcset=\"https:\/\/mblmg.org\/escribas\/wp-content\/uploads\/2026\/02\/img_2568-1024x768.webp 1024w, https:\/\/mblmg.org\/escribas\/wp-content\/uploads\/2026\/02\/img_2568-300x225.webp 300w, https:\/\/mblmg.org\/escribas\/wp-content\/uploads\/2026\/02\/img_2568-768x576.webp 768w, https:\/\/mblmg.org\/escribas\/wp-content\/uploads\/2026\/02\/img_2568.webp 1212w\" sizes=\"auto, (max-width: 1024px) 100vw, 1024px\" \/><\/figure>\n\n\n\n<p>Dada a devida propor\u00e7\u00e3o \u00e0 parcela de liberdade narrativa da s\u00e9rie, a conclus\u00e3o que se chega \u00e9 como o crime compensa no Brasil. O que deveria ser a rotina de pessoas a serem ressocializadas se mostrou na verdade ser um grande cruzeiro de f\u00e9rias, com direito \u00e0 televis\u00e3o, computador, visita \u00edntima, lazer\u2026 itens que sequer parcela da popula\u00e7\u00e3o dita como livre possui.<\/p>\n\n\n\n<p>Parte disso se deve ao pr\u00f3prio c\u00f3digo de processo penal que cheira a mofo. Uma letra ultrapassada que trata a parcela mais perigosa da popula\u00e7\u00e3o com benef\u00edcios de quem recebe um bom sal\u00e1rio. Ora, acredita-se ser pouco prov\u00e1vel que a parcela m\u00ednima do nosso imposto de renda, qual seja de aproximadamente R$ 5.000,00, tenha tanto conforto e dignidade que os chamados \u201cressocializandos\u201d representados na produ\u00e7\u00e3o. \u00c9 neste momento que surge o questionamento: para que servem os pres\u00eddios?<\/p>\n\n\n\n<figure class=\"wp-block-image size-full\"><img loading=\"lazy\" decoding=\"async\" width=\"1024\" height=\"768\" src=\"https:\/\/mblmg.org\/escribas\/wp-content\/uploads\/2026\/02\/prompt-create-a-highly-detailed-high-resolution-featured-image-for-a.png\" alt=\"\" class=\"wp-image-85\" srcset=\"https:\/\/mblmg.org\/escribas\/wp-content\/uploads\/2026\/02\/prompt-create-a-highly-detailed-high-resolution-featured-image-for-a.png 1024w, https:\/\/mblmg.org\/escribas\/wp-content\/uploads\/2026\/02\/prompt-create-a-highly-detailed-high-resolution-featured-image-for-a-300x225.png 300w, https:\/\/mblmg.org\/escribas\/wp-content\/uploads\/2026\/02\/prompt-create-a-highly-detailed-high-resolution-featured-image-for-a-768x576.png 768w\" sizes=\"auto, (max-width: 1024px) 100vw, 1024px\" \/><\/figure>\n\n\n\n<p>Ora, como o nome j\u00e1 nos orienta, o ressocializando deveria receber um tratamento que o retire da margem da sociedade e o reinsira no contexto social. Entretanto, diante de tanta mordomia e fornica\u00e7\u00e3o, qual seria o ensinamento a ser passado? At\u00e9 mesmo uma crian\u00e7a travessa que \u00e9 colocada de castigo possui menos privil\u00e9gios que a parcela carcer\u00e1ria da nossa popula\u00e7\u00e3o.<\/p>\n\n\n\n<p>Se uma crian\u00e7a, que sequer possui o c\u00f3rtex pr\u00e9-frontal bem formado, aprende na base da retirada de berneies, procura-se o motivo real pelo qual os pres\u00eddios s\u00e3o t\u00e3o benevolentes. A despeitos dos direitos humanos e da integridade do preso, temos a realidade de que a sociedade brasileira vive em clima de ref\u00e9m. Enquanto a maior parte dos retratados na s\u00e9rie j\u00e1 se encontram em liberdade, o povo reside em casas que mais parecem pres\u00eddios. Um cen\u00e1rio que se assemelha mais a uma piada de mau gosto sobre quem est\u00e1 do lado de dentro e quem est\u00e1 do lado de fora.<\/p>\n\n\n\n<p>Urge a necessidade de reforma do ordenamento brasileiro para que o direito a integridade f\u00edsica n\u00e3o seja mera tinta no papel. Existem um verdadeiro bin\u00f4mio sobre quem deveria ser o menos favorecido em uma rela\u00e7\u00e3o de ressocializa\u00e7\u00e3o. Pois ao passo que o Estado se responsabiliza pela vida e integridade dos seus ressocializandos, ele se omite quanto aos seus administrados.<\/p>\n\n\n\n<p>Ora ningu\u00e9m est\u00e1 pregando a tortura do regime carcer\u00e1rio, mas com uma taxa de reincid\u00eancia de 37% apenas no cen\u00e1rio de crimes violentos. Resta transparente que na verdade mais de 1\/3 n\u00e3o \u00e9 recuperado. O n\u00famero \u00e9 ainda mais assustador, pois cerca de 50% se tornam reincidentes antes dos seis meses da sua soltura. Precisamos admitir que algumas pessoas simplesmente n\u00e3o s\u00e3o recuper\u00e1veis.<\/p>\n","protected":false},"excerpt":{"rendered":"<p>A esta altura \u00e9 muito dif\u00edcil que voc\u00ea n\u00e3o tenha sequer ouvido falar no lan\u00e7amento do Prime V\u00eddeo desse 31 de outubro de 2025. A s\u00e9rie Trememb\u00e9 que relata a rotina de criminosos conhecidos por suas condutas j\u00e1 \u00e9 o maior sucesso da plataforma da Amazon em 2025 no Brasil. O contexto da s\u00e9rie \u00e9 [&hellip;]<\/p>\n","protected":false},"author":3,"featured_media":164,"comment_status":"open","ping_status":"open","sticky":false,"template":"","format":"standard","meta":{"footnotes":""},"categories":[1],"tags":[],"class_list":["post-83","post","type-post","status-publish","format-standard","has-post-thumbnail","hentry","category-blog"],"_links":{"self":[{"href":"https:\/\/mblmg.org\/escribas\/wp-json\/wp\/v2\/posts\/83","targetHints":{"allow":["GET"]}}],"collection":[{"href":"https:\/\/mblmg.org\/escribas\/wp-json\/wp\/v2\/posts"}],"about":[{"href":"https:\/\/mblmg.org\/escribas\/wp-json\/wp\/v2\/types\/post"}],"author":[{"embeddable":true,"href":"https:\/\/mblmg.org\/escribas\/wp-json\/wp\/v2\/users\/3"}],"replies":[{"embeddable":true,"href":"https:\/\/mblmg.org\/escribas\/wp-json\/wp\/v2\/comments?post=83"}],"version-history":[{"count":1,"href":"https:\/\/mblmg.org\/escribas\/wp-json\/wp\/v2\/posts\/83\/revisions"}],"predecessor-version":[{"id":86,"href":"https:\/\/mblmg.org\/escribas\/wp-json\/wp\/v2\/posts\/83\/revisions\/86"}],"wp:featuredmedia":[{"embeddable":true,"href":"https:\/\/mblmg.org\/escribas\/wp-json\/wp\/v2\/media\/164"}],"wp:attachment":[{"href":"https:\/\/mblmg.org\/escribas\/wp-json\/wp\/v2\/media?parent=83"}],"wp:term":[{"taxonomy":"category","embeddable":true,"href":"https:\/\/mblmg.org\/escribas\/wp-json\/wp\/v2\/categories?post=83"},{"taxonomy":"post_tag","embeddable":true,"href":"https:\/\/mblmg.org\/escribas\/wp-json\/wp\/v2\/tags?post=83"}],"curies":[{"name":"wp","href":"https:\/\/api.w.org\/{rel}","templated":true}]}}